{"id":14580,"date":"2025-02-27T09:49:35","date_gmt":"2025-02-27T08:49:35","guid":{"rendered":"https:\/\/osb.org\/2025\/02\/27\/la-abadia-de-seitenstetten-reelige-al-abad-petrus-pilsinger\/"},"modified":"2025-09-24T22:17:08","modified_gmt":"2025-09-24T20:17:08","slug":"la-abadia-de-seitenstetten-reelige-al-abad-petrus-pilsinger","status":"publish","type":"post","link":"https:\/\/osb.org\/es\/2025\/02\/27\/la-abadia-de-seitenstetten-reelige-al-abad-petrus-pilsinger\/","title":{"rendered":"La abad\u00eda de Seitenstetten reelige al abad Petrus Pilsinger"},"content":{"rendered":"<p><div class=\"fusion-fullwidth fullwidth-box fusion-builder-row-1 fusion-flex-container has-pattern-background has-mask-background hundred-percent-fullwidth non-hundred-percent-height-scrolling\" style=\"--awb-border-radius-top-left:0px;--awb-border-radius-top-right:0px;--awb-border-radius-bottom-right:0px;--awb-border-radius-bottom-left:0px;--awb-padding-right:60px;--awb-padding-bottom:0px;--awb-padding-left:60px;--awb-padding-right-small:30px;--awb-padding-left-small:30px;--awb-flex-wrap:wrap;\" ><div class=\"fusion-builder-row fusion-row fusion-flex-align-items-center fusion-flex-justify-content-flex-end fusion-flex-content-wrap\" style=\"width:calc( 100% + 60px ) !important;max-width:calc( 100% + 60px ) !important;margin-left: calc(-60px \/ 2 );margin-right: calc(-60px \/ 2 );\"><div class=\"fusion-layout-column fusion_builder_column fusion-builder-column-0 fusion_builder_column_1_2 1_2 fusion-flex-column\" style=\"--awb-padding-right:60px;--awb-padding-left:60px;--awb-padding-right-small:0px;--awb-padding-left-small:0px;--awb-bg-size:cover;--awb-width-large:50%;--awb-margin-top-large:0px;--awb-spacing-right-large:30px;--awb-margin-bottom-large:20px;--awb-spacing-left-large:30px;--awb-width-medium:100%;--awb-order-medium:0;--awb-margin-top-medium:20px;--awb-spacing-right-medium:30px;--awb-margin-bottom-medium:0px;--awb-spacing-left-medium:30px;--awb-width-small:100%;--awb-order-small:0;--awb-spacing-right-small:30px;--awb-spacing-left-small:30px;\"><div class=\"fusion-column-wrapper fusion-column-has-shadow fusion-flex-justify-content-flex-start fusion-content-layout-column\"><div class=\"fusion-title title fusion-title-1 fusion-sep-none fusion-title-text fusion-title-size-one\" style=\"--awb-text-color:var(--awb-custom13);--awb-margin-top-small:0px;--awb-margin-right-small:0px;--awb-margin-bottom-small:20px;--awb-margin-left-small:0px;--awb-font-size:40px;\"><h1 class=\"fusion-title-heading title-heading-left md-text-align-center fusion-responsive-typography-calculated\" style=\"font-family:var(--awb-typography1-font-family);font-weight:var(--awb-typography1-font-weight);font-style:var(--awb-typography1-font-style);margin:0;letter-spacing:var(--awb-typography1-letter-spacing);text-transform:var(--awb-typography1-text-transform);font-size:1em;--fontSize:40;line-height:var(--awb-typography1-line-height);\">La abad\u00eda de Seitenstetten reelige al abad Petrus Pilsinger<\/h1><\/div><div class=\"fusion-text fusion-text-1 fusion-no-small-visibility fusion-no-medium-visibility\"><p>El martes 25 de febrero de 2025, la comunidad de la abad\u00eda de Seitenstetten reeligi\u00f3 al abad Petrus Pilsinger para un segundo mandato por votaci\u00f3n can\u00f3nica. Su nuevo mandato se extiende hasta que cumpla los 70 a\u00f1os. <\/p>\n<\/div><\/div><\/div><div class=\"fusion-layout-column fusion_builder_column fusion-builder-column-1 fusion_builder_column_1_2 1_2 fusion-flex-column\" style=\"--awb-bg-size:cover;--awb-width-large:50%;--awb-margin-top-large:0px;--awb-spacing-right-large:30px;--awb-margin-bottom-large:0px;--awb-spacing-left-large:30px;--awb-width-medium:100%;--awb-order-medium:0;--awb-spacing-right-medium:30px;--awb-spacing-left-medium:30px;--awb-width-small:100%;--awb-order-small:0;--awb-spacing-right-small:30px;--awb-spacing-left-small:30px;\"><div class=\"fusion-column-wrapper fusion-column-has-shadow fusion-flex-justify-content-flex-start fusion-content-layout-column\"><div class=\"fusion-image-element \" style=\"--awb-caption-title-font-family:var(--h2_typography-font-family);--awb-caption-title-font-weight:var(--h2_typography-font-weight);--awb-caption-title-font-style:var(--h2_typography-font-style);--awb-caption-title-size:var(--h2_typography-font-size);--awb-caption-title-transform:var(--h2_typography-text-transform);--awb-caption-title-line-height:var(--h2_typography-line-height);--awb-caption-title-letter-spacing:var(--h2_typography-letter-spacing);\"><span class=\" fusion-imageframe imageframe-none imageframe-1 hover-type-none\" style=\"border:1px solid var(--awb-custom10);\"><img decoding=\"async\" width=\"1920\" height=\"1080\" title=\"DSC_5697\" src=\"https:\/\/osb.org\/wp-content\/uploads\/2025\/02\/DSC_5697.jpg\" data-orig-src=\"https:\/\/osb.org\/wp-content\/uploads\/2025\/02\/DSC_5697.jpg\" alt class=\"lazyload img-responsive wp-image-14581\" srcset=\"data:image\/svg+xml,%3Csvg%20xmlns%3D%27http%3A%2F%2Fwww.w3.org%2F2000%2Fsvg%27%20width%3D%271920%27%20height%3D%271080%27%20viewBox%3D%270%200%201920%201080%27%3E%3Crect%20width%3D%271920%27%20height%3D%271080%27%20fill-opacity%3D%220%22%2F%3E%3C%2Fsvg%3E\" data-srcset=\"https:\/\/osb.org\/wp-content\/uploads\/2025\/02\/DSC_5697-200x113.jpg 200w, https:\/\/osb.org\/wp-content\/uploads\/2025\/02\/DSC_5697-400x225.jpg 400w, https:\/\/osb.org\/wp-content\/uploads\/2025\/02\/DSC_5697-600x338.jpg 600w, https:\/\/osb.org\/wp-content\/uploads\/2025\/02\/DSC_5697-800x450.jpg 800w, https:\/\/osb.org\/wp-content\/uploads\/2025\/02\/DSC_5697-1200x675.jpg 1200w, https:\/\/osb.org\/wp-content\/uploads\/2025\/02\/DSC_5697.jpg 1920w\" data-sizes=\"auto\" data-orig-sizes=\"(max-width: 1024px) 100vw, (max-width: 640px) 100vw, 600px\" \/><\/span><\/div><div class=\"fusion-text fusion-text-2 fusion-text-no-margin\" style=\"--awb-font-size:var(--awb-typography5-font-size);--awb-line-height:var(--awb-typography5-line-height);--awb-letter-spacing:var(--awb-typography5-letter-spacing);--awb-text-transform:var(--awb-typography5-text-transform);--awb-text-color:var(--awb-custom11);--awb-margin-top:12px;--awb-margin-bottom:12px;--awb-text-font-family:var(--awb-typography5-font-family);--awb-text-font-weight:var(--awb-typography5-font-weight);--awb-text-font-style:var(--awb-typography5-font-style);\"><p>Your Content Goes Here<\/p>\n<\/div><\/div><\/div><div class=\"fusion-layout-column fusion_builder_column fusion-builder-column-2 fusion_builder_column_1_2 1_2 fusion-flex-column\" style=\"--awb-bg-size:cover;--awb-width-large:50%;--awb-margin-top-large:0px;--awb-spacing-right-large:30px;--awb-margin-bottom-large:0px;--awb-spacing-left-large:30px;--awb-width-medium:100%;--awb-order-medium:0;--awb-spacing-right-medium:30px;--awb-spacing-left-medium:30px;--awb-width-small:100%;--awb-order-small:0;--awb-spacing-right-small:30px;--awb-spacing-left-small:30px;\"><div class=\"fusion-column-wrapper fusion-column-has-shadow fusion-flex-justify-content-flex-start fusion-content-layout-column\"><div class=\"fusion-separator fusion-full-width-sep\" style=\"align-self: center;margin-left: auto;margin-right: auto;width:100%;\"><div class=\"fusion-separator-border sep-single sep-solid\" style=\"--awb-height:20px;--awb-amount:20px;--awb-sep-color:var(--awb-color4);border-color:var(--awb-color4);border-top-width:3px;\"><\/div><\/div><\/div><\/div><\/div><\/div><div class=\"fusion-fullwidth fullwidth-box fusion-builder-row-2 fusion-flex-container hundred-percent-fullwidth non-hundred-percent-height-scrolling\" style=\"--awb-border-radius-top-left:0px;--awb-border-radius-top-right:0px;--awb-border-radius-bottom-right:0px;--awb-border-radius-bottom-left:0px;--awb-padding-right:60px;--awb-padding-left:60px;--awb-padding-right-medium:60px;--awb-padding-left-medium:60px;--awb-padding-right-small:30px;--awb-padding-left-small:30px;--awb-margin-top-small:0px;--awb-flex-wrap:wrap;\" ><div class=\"fusion-builder-row fusion-row fusion-flex-align-items-flex-start fusion-flex-justify-content-center fusion-flex-content-wrap\" style=\"width:calc( 100% + 60px ) !important;max-width:calc( 100% + 60px ) !important;margin-left: calc(-60px \/ 2 );margin-right: calc(-60px \/ 2 );\"><div class=\"fusion-layout-column fusion_builder_column fusion-builder-column-3 fusion_builder_column_1_2 1_2 fusion-flex-column\" style=\"--awb-bg-size:cover;--awb-width-large:50%;--awb-margin-top-large:0px;--awb-spacing-right-large:30px;--awb-margin-bottom-large:20px;--awb-spacing-left-large:30px;--awb-width-medium:100%;--awb-order-medium:1;--awb-spacing-right-medium:30px;--awb-spacing-left-medium:30px;--awb-width-small:100%;--awb-order-small:1;--awb-spacing-right-small:30px;--awb-spacing-left-small:30px;\"><div class=\"fusion-column-wrapper fusion-column-has-shadow fusion-flex-justify-content-flex-start fusion-content-layout-column\"><div class=\"awb-gallery-wrapper awb-gallery-wrapper-1 button-span-no\" style=\"--more-btn-alignment:center;\"><div style=\"margin:-2px;--awb-bordersize:0px;\" class=\"fusion-gallery fusion-gallery-container fusion-grid-1 fusion-columns-total-2 fusion-gallery-layout-grid fusion-gallery-1\"><div style=\"padding:2.5px;\" class=\"fusion-grid-column fusion-gallery-column fusion-gallery-column-1 hover-type-none\"><div class=\"fusion-gallery-image\"><a href=\"https:\/\/osb.org\/wp-content\/uploads\/2025\/02\/abt_petrus18.jpg\" rel=\"noreferrer\" data-rel=\"iLightbox[gallery_image_1]\" class=\"fusion-lightbox\" target=\"_self\"><img decoding=\"async\" src=\"https:\/\/osb.org\/wp-content\/uploads\/2025\/02\/abt_petrus18.jpg\" data-orig-src=\"https:\/\/osb.org\/wp-content\/uploads\/2025\/02\/abt_petrus18.jpg\" width=\"567\" height=\"850\" alt=\"\" title=\"abt_petrus18\" aria-label=\"abt_petrus18\" class=\"lazyload img-responsive wp-image-14582\" srcset=\"data:image\/svg+xml,%3Csvg%20xmlns%3D%27http%3A%2F%2Fwww.w3.org%2F2000%2Fsvg%27%20width%3D%27567%27%20height%3D%27850%27%20viewBox%3D%270%200%20567%20850%27%3E%3Crect%20width%3D%27567%27%20height%3D%27850%27%20fill-opacity%3D%220%22%2F%3E%3C%2Fsvg%3E\" data-srcset=\"https:\/\/osb.org\/wp-content\/uploads\/2025\/02\/abt_petrus18-200x300.jpg 200w, https:\/\/osb.org\/wp-content\/uploads\/2025\/02\/abt_petrus18-400x600.jpg 400w, https:\/\/osb.org\/wp-content\/uploads\/2025\/02\/abt_petrus18.jpg 567w\" data-sizes=\"auto\" data-orig-sizes=\"(min-width: 2200px) 100vw, (min-width: 640px) 1100px, \" \/><\/a><\/div><\/div><div class=\"clearfix\"><\/div><div style=\"padding:2.5px;\" class=\"fusion-grid-column fusion-gallery-column fusion-gallery-column-1 hover-type-none\"><div class=\"fusion-gallery-image\"><a href=\"https:\/\/osb.org\/wp-content\/uploads\/2025\/02\/v.l.n.r.-Abt-Petrus_Abtprases-Johan-nes_Abt-Gerhard_Prior-P.-Michael.jpg\" rel=\"noreferrer\" data-rel=\"iLightbox[gallery_image_1]\" class=\"fusion-lightbox\" target=\"_self\"><img decoding=\"async\" src=\"https:\/\/osb.org\/wp-content\/uploads\/2025\/02\/v.l.n.r.-Abt-Petrus_Abtprases-Johan-nes_Abt-Gerhard_Prior-P.-Michael.jpg\" data-orig-src=\"https:\/\/osb.org\/wp-content\/uploads\/2025\/02\/v.l.n.r.-Abt-Petrus_Abtprases-Johan-nes_Abt-Gerhard_Prior-P.-Michael.jpg\" width=\"1920\" height=\"1080\" alt=\"\" title=\"v.l.n.r. Abt Petrus_Abtprases Johan nes_Abt Gerhard_Prior P. Michael\" aria-label=\"v.l.n.r. Abt Petrus_Abtprases Johan nes_Abt Gerhard_Prior P. Michael\" class=\"lazyload img-responsive wp-image-14583\" srcset=\"data:image\/svg+xml,%3Csvg%20xmlns%3D%27http%3A%2F%2Fwww.w3.org%2F2000%2Fsvg%27%20width%3D%271920%27%20height%3D%271080%27%20viewBox%3D%270%200%201920%201080%27%3E%3Crect%20width%3D%271920%27%20height%3D%271080%27%20fill-opacity%3D%220%22%2F%3E%3C%2Fsvg%3E\" data-srcset=\"https:\/\/osb.org\/wp-content\/uploads\/2025\/02\/v.l.n.r.-Abt-Petrus_Abtprases-Johan-nes_Abt-Gerhard_Prior-P.-Michael-200x113.jpg 200w, https:\/\/osb.org\/wp-content\/uploads\/2025\/02\/v.l.n.r.-Abt-Petrus_Abtprases-Johan-nes_Abt-Gerhard_Prior-P.-Michael-400x225.jpg 400w, https:\/\/osb.org\/wp-content\/uploads\/2025\/02\/v.l.n.r.-Abt-Petrus_Abtprases-Johan-nes_Abt-Gerhard_Prior-P.-Michael-600x338.jpg 600w, https:\/\/osb.org\/wp-content\/uploads\/2025\/02\/v.l.n.r.-Abt-Petrus_Abtprases-Johan-nes_Abt-Gerhard_Prior-P.-Michael-800x450.jpg 800w, https:\/\/osb.org\/wp-content\/uploads\/2025\/02\/v.l.n.r.-Abt-Petrus_Abtprases-Johan-nes_Abt-Gerhard_Prior-P.-Michael-1200x675.jpg 1200w, https:\/\/osb.org\/wp-content\/uploads\/2025\/02\/v.l.n.r.-Abt-Petrus_Abtprases-Johan-nes_Abt-Gerhard_Prior-P.-Michael.jpg 1920w\" data-sizes=\"auto\" data-orig-sizes=\"(min-width: 2200px) 100vw, (min-width: 640px) 1100px, \" \/><\/a><\/div><\/div><div class=\"clearfix\"><\/div><\/div><\/div><\/div><\/div><div class=\"fusion-layout-column fusion_builder_column fusion-builder-column-4 fusion_builder_column_1_2 1_2 fusion-flex-column\" style=\"--awb-bg-blend:overlay;--awb-bg-size:cover;--awb-width-large:50%;--awb-margin-top-large:0px;--awb-spacing-right-large:30px;--awb-margin-bottom-large:20px;--awb-spacing-left-large:30px;--awb-width-medium:75%;--awb-order-medium:0;--awb-spacing-right-medium:30px;--awb-spacing-left-medium:30px;--awb-width-small:100%;--awb-order-small:0;--awb-spacing-right-small:30px;--awb-spacing-left-small:30px;\"><div class=\"fusion-column-wrapper fusion-flex-justify-content-flex-start fusion-content-layout-column\"><div class=\"fusion-builder-row fusion-builder-row-inner fusion-row fusion-flex-align-items-flex-start fusion-flex-justify-content-center fusion-flex-content-wrap\" style=\"--awb-flex-grow:0;--awb-flex-grow-medium:0;--awb-flex-grow-small:0;--awb-flex-shrink:0;--awb-flex-shrink-medium:0;--awb-flex-shrink-small:0;width:calc( 100% + 60px ) !important;max-width:calc( 100% + 60px ) !important;margin-left: calc(-60px \/ 2 );margin-right: calc(-60px \/ 2 );\"><div class=\"fusion-layout-column fusion_builder_column_inner fusion-builder-nested-column-0 fusion_builder_column_inner_1_2 1_2 fusion-flex-column fusion-flex-align-self-center\" style=\"--awb-bg-size:cover;--awb-width-large:50%;--awb-margin-top-large:0px;--awb-spacing-right-large:30px;--awb-margin-bottom-large:0px;--awb-spacing-left-large:30px;--awb-width-medium:50%;--awb-order-medium:0;--awb-spacing-right-medium:30px;--awb-spacing-left-medium:30px;--awb-width-small:100%;--awb-order-small:1;--awb-spacing-right-small:30px;--awb-margin-bottom-small:20px;--awb-spacing-left-small:30px;\"><div class=\"fusion-column-wrapper fusion-column-has-shadow fusion-flex-justify-content-center fusion-content-layout-column\"><div class=\"fusion-text fusion-text-3 fusion-text-no-margin\" style=\"--awb-font-size:var(--awb-typography5-font-size);--awb-line-height:var(--awb-typography5-line-height);--awb-letter-spacing:var(--awb-typography5-letter-spacing);--awb-text-transform:var(--awb-typography5-text-transform);--awb-text-color:var(--awb-custom11);--awb-margin-top:0px;--awb-margin-right:0px;--awb-margin-bottom:0px;--awb-margin-left:0px;--awb-text-font-family:var(--awb-typography5-font-family);--awb-text-font-weight:var(--awb-typography5-font-weight);--awb-text-font-style:var(--awb-typography5-font-style);\"><p>27 febrero 2025<\/p>\n<\/div><\/div><\/div><div class=\"fusion-layout-column fusion_builder_column_inner fusion-builder-nested-column-1 fusion_builder_column_inner_1_2 1_2 fusion-flex-column fusion-flex-align-self-center\" style=\"--awb-bg-size:cover;--awb-width-large:50%;--awb-margin-top-large:0px;--awb-spacing-right-large:30px;--awb-margin-bottom-large:0px;--awb-spacing-left-large:30px;--awb-width-medium:50%;--awb-order-medium:0;--awb-spacing-right-medium:30px;--awb-spacing-left-medium:30px;--awb-width-small:100%;--awb-order-small:0;--awb-margin-top-small:0px;--awb-spacing-right-small:30px;--awb-spacing-left-small:30px;\"><div class=\"fusion-column-wrapper fusion-column-has-shadow fusion-flex-justify-content-center fusion-content-layout-column\"><div class=\"fusion-sharing-box fusion-sharing-box-1 boxed-icons\" style=\"background-color:var(--awb-color1);border-color:var(--awb-color1);--awb-margin-top:0px;--awb-margin-right:0px;--awb-margin-bottom:0px;--awb-margin-left:0px;--awb-wrapper-padding-top:0px;--awb-wrapper-padding-right:0px;--awb-wrapper-padding-bottom:0px;--awb-wrapper-padding-left:0px;--awb-padding-top:0px;--awb-padding-right:0px;--awb-padding-bottom:0px;--awb-padding-left:0px;--awb-border-top:0px;--awb-border-right:0px;--awb-border-bottom:0px;--awb-border-left:0px;--awb-icon-size:12px;--awb-separator-border-color:#cccccc;--awb-separator-border-sizes:0px;--awb-stacked-align:flex-end;--awb-layout:row;--awb-alignment-small:flex-end;--awb-stacked-align-small:center;\" data-title=\"La abad\u00eda de Seitenstetten reelige al abad Petrus Pilsinger\" data-description=\"Your Content Goes Here El martes 25 de febrero de 2025, la comunidad de la abad\u00eda de Seitenstetten reeligi\u00f3 al abad Petrus Pilsinger para un segundo mandato por votaci\u00f3n can\u00f3nica. Su nuevo mandato se extiende hasta que cumpla los 70 a\u00f1os.  Your Content Goes Here\" data-link=\"https:\/\/osb.org\/es\/2025\/02\/27\/la-abadia-de-seitenstetten-reelige-al-abad-petrus-pilsinger\/\"><div class=\"fusion-social-networks sharingbox-shortcode-icon-wrapper sharingbox-shortcode-icon-wrapper-1 boxed-icons\"><span><a href=\"https:\/\/www.facebook.com\/sharer.php?u=https%3A%2F%2Fosb.org%2Fes%2F2025%2F02%2F27%2Fla-abadia-de-seitenstetten-reelige-al-abad-petrus-pilsinger%2F&amp;t=La%20abad%C3%ADa%20de%20Seitenstetten%20reelige%20al%20abad%20Petrus%20Pilsinger\" target=\"_blank\" rel=\"noreferrer\" title=\"Facebook\" aria-label=\"Facebook\"><i class=\"fusion-social-network-icon fusion-tooltip fusion-facebook awb-icon-facebook\" style=\"color:var(--awb-custom11);background-color:#e8e8e8;border-color:#e8e8e8;border-radius:50%;\" aria-hidden=\"true\"><\/i><\/a><\/span><span><a href=\"https:\/\/x.com\/intent\/post?text=La%20abad%C3%ADa%20de%20Seitenstetten%20reelige%20al%20abad%20Petrus%20Pilsinger&amp;url=https%3A%2F%2Fosb.org%2Fes%2F2025%2F02%2F27%2Fla-abadia-de-seitenstetten-reelige-al-abad-petrus-pilsinger%2F\" target=\"_blank\" rel=\"noopener noreferrer\" title=\"X\" aria-label=\"X\"><i class=\"fusion-social-network-icon fusion-tooltip fusion-twitter awb-icon-twitter\" style=\"color:var(--awb-custom11);background-color:#e8e8e8;border-color:#e8e8e8;border-radius:50%;\" aria-hidden=\"true\"><\/i><\/a><\/span><span><a href=\"https:\/\/api.whatsapp.com\/send?text=https%3A%2F%2Fosb.org%2Fes%2F2025%2F02%2F27%2Fla-abadia-de-seitenstetten-reelige-al-abad-petrus-pilsinger%2F\" target=\"_blank\" rel=\"noopener noreferrer\" title=\"WhatsApp\" aria-label=\"WhatsApp\"><i class=\"fusion-social-network-icon fusion-tooltip fusion-whatsapp awb-icon-whatsapp\" style=\"color:var(--awb-custom11);background-color:#e8e8e8;border-color:#e8e8e8;border-radius:50%;\" aria-hidden=\"true\"><\/i><\/a><\/span><span><a href=\"mailto:?subject=La%20abad%C3%ADa%20de%20Seitenstetten%20reelige%20al%20abad%20Petrus%20Pilsinger&amp;body=https%3A%2F%2Fosb.org%2Fes%2F2025%2F02%2F27%2Fla-abadia-de-seitenstetten-reelige-al-abad-petrus-pilsinger%2F\" target=\"_self\" title=\"Email\" aria-label=\"Email\"><i class=\"fusion-social-network-icon fusion-tooltip fusion-mail awb-icon-mail\" style=\"color:var(--awb-custom11);background-color:#e8e8e8;border-color:#e8e8e8;border-radius:50%;\" aria-hidden=\"true\"><\/i><\/a><\/span><\/div><\/div><\/div><\/div><\/div><div class=\"fusion-text fusion-text-4\"><p>El martes 25 de febrero de 2025, la comunidad de la abad\u00eda de Seitenstetten, presidida por el abad presidente Johannes Perkmann, reeligi\u00f3 al abad Petrus Pilsinger para un segundo mandato por votaci\u00f3n can\u00f3nica. Su nuevo mandato se extiende hasta que cumpla los 70 a\u00f1os. La nueva elecci\u00f3n tuvo lugar al final de su anterior mandato de doce a\u00f1os.  <\/p>\n<p>Deseamos al abad reelegido la bendici\u00f3n de Dios para su ministerio. Pedimos a todos aquellos que se sientan conectados con nuestra comunidad mon\u00e1stica que eleven sus oraciones. Pedimos oraciones por el abad Petrus y la comunidad.  <\/p>\n<p>En nombre de la comunidad,<br \/>Prior Fr. Laurentius Resch OSB <\/p>\n<h3>Datos personales<\/h3>\n<p>El abad Petrus Pilsinger naci\u00f3 en Euratsfeld en 1964. Despu\u00e9s de graduarse en la escuela secundaria de la abad\u00eda de Seitenstetten, estudi\u00f3 teolog\u00eda en el Colegio Filos\u00f3fico-Teol\u00f3gico de St. P\u00f6lten. En 1987, se uni\u00f3 a la abad\u00eda benedictina de Seitenstetten y fue ordenado sacerdote en 1990. Antes de su elecci\u00f3n como el 63\u00ba abad de la abad\u00eda de Seitenstetten el 8 de febrero de 2013, trabaj\u00f3 en particular como profesor y director de la escuela de gram\u00e1tica de la abad\u00eda. Durante su primer mandato, la renovaci\u00f3n de la iglesia de peregrinaci\u00f3n en Sonntagberg y la torre de la iglesia de la abad\u00eda en Seitenstetten fueron algunos de los proyectos completados.    <\/p>\n<p>En los pr\u00f3ximos a\u00f1os, el abad Petrus Pilsinger y la comunidad mon\u00e1stica se enfrentar\u00e1n al reto de reestructurar las tareas escolares y de atenci\u00f3n pastoral dentro de las 14 parroquias incorporadas. La comunidad de Seitenstetten cuenta actualmente con 24 hermanos que est\u00e1n activos en diversas \u00e1reas como la atenci\u00f3n pastoral parroquial, la ense\u00f1anza escolar, el cuidado de los ancianos, la cultura y la atenci\u00f3n a los hu\u00e9spedes. <\/p>\n<p>\u00cdndice de fotos: Comunidad de la abad\u00eda de Seitenstetten con el abad electo Petrus Pilsinger y la comisi\u00f3n electoral, el abad presidente Johannes Perkmann (abad\u00eda de Michaelbeuern), el abad Gerhard Hafner (abad\u00eda de Admont) y el prior Fr. Michael H\u00fcttl (abad\u00eda de Altenburg) Cr\u00e9ditos de las fotos Abad\u00eda de Seitenstetten, Josef Penzendorfer <\/p>\n<\/div><div class=\"fusion-separator fusion-full-width-sep\" style=\"align-self: center;margin-left: auto;margin-right: auto;margin-top:1%;width:100%;\"><\/div><div ><a class=\"fusion-button button-flat fusion-button-default-size button-custom fusion-button-default button-1 fusion-button-span-yes fusion-button-default-type\" style=\"--button_accent_color:#ffffff;--button_accent_hover_color:#ffffff;--button_border_hover_color:#ffffff;--button_gradient_top_color:#1f7aa7;--button_gradient_bottom_color:#1f7aa7;--button_gradient_top_color_hover:#72cee0;--button_gradient_bottom_color_hover:#72cee0;\" target=\"_blank\" rel=\"noopener noreferrer\" href=\"https:\/\/osb.org\/wp-content\/uploads\/2025\/02\/Pressetext-Abtwahl-2025.pdf\"><span class=\"fusion-button-text awb-button__text awb-button__text--default\">Comunicado de prensa pdf |DE|<\/span><\/a><\/div><div class=\"fusion-separator fusion-full-width-sep\" style=\"align-self: center;margin-left: auto;margin-right: auto;margin-top:1%;width:100%;\"><\/div><div ><a class=\"fusion-button button-flat fusion-button-default-size button-custom fusion-button-default button-2 fusion-button-span-yes fusion-button-default-type\" style=\"--button_accent_color:#ffffff;--button_accent_hover_color:#ffffff;--button_border_hover_color:#ffffff;--button_gradient_top_color:#1f7aa7;--button_gradient_bottom_color:#1f7aa7;--button_gradient_top_color_hover:#72cee0;--button_gradient_bottom_color_hover:#72cee0;\" target=\"_blank\" rel=\"noopener noreferrer\" href=\"https:\/\/stift-seitenstetten.at\"><span class=\"fusion-button-text awb-button__text awb-button__text--default\">Sitio web de la abad\u00eda de Seitenstetten |DE|<\/span><\/a><\/div><div class=\"fusion-separator fusion-full-width-sep\" style=\"align-self: center;margin-left: auto;margin-right: auto;margin-top:1%;width:100%;\"><\/div><div ><a class=\"fusion-button button-flat fusion-button-default-size button-custom fusion-button-default button-3 fusion-button-span-yes fusion-button-default-type\" style=\"--button_accent_color:#ffffff;--button_accent_hover_color:#ffffff;--button_border_hover_color:#ffffff;--button_gradient_top_color:#1f7aa7;--button_gradient_bottom_color:#1f7aa7;--button_gradient_top_color_hover:#72cee0;--button_gradient_bottom_color_hover:#72cee0;\" target=\"_blank\" rel=\"noopener noreferrer\" href=\"https:\/\/www.collegiosantanselmo.com\/en\/2023\/12\/28\/abbey-of-the-bmv-assumption-in-seitenstetten-austria\/\"><span class=\"fusion-button-text awb-button__text awb-button__text--default\">P\u00e1gina web del Monasterio de la Semana |EN| |IT|<\/span><\/a><\/div><\/div><\/div><\/div><\/div><\/p>\n","protected":false},"excerpt":{"rendered":"<p>El martes 25 de febrero de 2025, la comunidad de la abad\u00eda de Seitenstetten reeligi\u00f3 al abad Petrus Pilsinger para un segundo mandato por votaci\u00f3n can\u00f3nica. Su nuevo mandato se extiende hasta que cumpla los 70 a\u00f1os. Historia, fotos y curr\u00edculum vitae aqu\u00ed.  <\/p>\n","protected":false},"author":1,"featured_media":14581,"comment_status":"closed","ping_status":"closed","sticky":false,"template":"","format":"standard","meta":{"footnotes":""},"categories":[186,191],"tags":[244,237],"class_list":["post-14580","post","type-post","status-publish","format-standard","has-post-thumbnail","hentry","category-nexus-es","category-noticias-es","tag-nexus-marzo-2025-es","tag-nexus-transiciones-de-liderazgo-es"],"cc_featured_image_caption":{"caption_text":false,"source_text":false,"source_url":false},"_links":{"self":[{"href":"https:\/\/osb.org\/es\/wp-json\/wp\/v2\/posts\/14580","targetHints":{"allow":["GET"]}}],"collection":[{"href":"https:\/\/osb.org\/es\/wp-json\/wp\/v2\/posts"}],"about":[{"href":"https:\/\/osb.org\/es\/wp-json\/wp\/v2\/types\/post"}],"author":[{"embeddable":true,"href":"https:\/\/osb.org\/es\/wp-json\/wp\/v2\/users\/1"}],"replies":[{"embeddable":true,"href":"https:\/\/osb.org\/es\/wp-json\/wp\/v2\/comments?post=14580"}],"version-history":[{"count":0,"href":"https:\/\/osb.org\/es\/wp-json\/wp\/v2\/posts\/14580\/revisions"}],"wp:featuredmedia":[{"embeddable":true,"href":"https:\/\/osb.org\/es\/wp-json\/wp\/v2\/media\/14581"}],"wp:attachment":[{"href":"https:\/\/osb.org\/es\/wp-json\/wp\/v2\/media?parent=14580"}],"wp:term":[{"taxonomy":"category","embeddable":true,"href":"https:\/\/osb.org\/es\/wp-json\/wp\/v2\/categories?post=14580"},{"taxonomy":"post_tag","embeddable":true,"href":"https:\/\/osb.org\/es\/wp-json\/wp\/v2\/tags?post=14580"}],"curies":[{"name":"wp","href":"https:\/\/api.w.org\/{rel}","templated":true}]}}