{"id":14190,"date":"2025-05-30T17:02:18","date_gmt":"2025-05-30T15:02:18","guid":{"rendered":"https:\/\/osb.org\/2025\/05\/30\/la-abadia-de-sainte-marie-de-la-garde-admitida-en-la-confederacion-benedictina\/"},"modified":"2025-09-24T18:05:59","modified_gmt":"2025-09-24T16:05:59","slug":"la-abadia-de-sainte-marie-de-la-garde-admitida-en-la-confederacion-benedictina","status":"publish","type":"post","link":"https:\/\/osb.org\/es\/2025\/05\/30\/la-abadia-de-sainte-marie-de-la-garde-admitida-en-la-confederacion-benedictina\/","title":{"rendered":"La abad\u00eda de Sainte-Marie de la Garde admitida en la confederaci\u00f3n benedictina"},"content":{"rendered":"<p><div class=\"fusion-fullwidth fullwidth-box fusion-builder-row-1 fusion-flex-container has-pattern-background has-mask-background hundred-percent-fullwidth non-hundred-percent-height-scrolling\" style=\"--awb-border-radius-top-left:0px;--awb-border-radius-top-right:0px;--awb-border-radius-bottom-right:0px;--awb-border-radius-bottom-left:0px;--awb-padding-right:60px;--awb-padding-bottom:0px;--awb-padding-left:60px;--awb-padding-right-small:30px;--awb-padding-left-small:30px;--awb-flex-wrap:wrap;\" ><div class=\"fusion-builder-row fusion-row fusion-flex-align-items-center fusion-flex-justify-content-flex-end fusion-flex-content-wrap\" style=\"width:calc( 100% + 60px ) !important;max-width:calc( 100% + 60px ) !important;margin-left: calc(-60px \/ 2 );margin-right: calc(-60px \/ 2 );\"><div class=\"fusion-layout-column fusion_builder_column fusion-builder-column-0 fusion_builder_column_1_2 1_2 fusion-flex-column\" style=\"--awb-padding-right:60px;--awb-padding-left:60px;--awb-padding-right-small:0px;--awb-padding-left-small:0px;--awb-bg-size:cover;--awb-width-large:50%;--awb-margin-top-large:0px;--awb-spacing-right-large:30px;--awb-margin-bottom-large:20px;--awb-spacing-left-large:30px;--awb-width-medium:100%;--awb-order-medium:0;--awb-margin-top-medium:20px;--awb-spacing-right-medium:30px;--awb-margin-bottom-medium:0px;--awb-spacing-left-medium:30px;--awb-width-small:100%;--awb-order-small:0;--awb-spacing-right-small:30px;--awb-spacing-left-small:30px;\"><div class=\"fusion-column-wrapper fusion-column-has-shadow fusion-flex-justify-content-flex-start fusion-content-layout-column\"><div class=\"fusion-title title fusion-title-1 fusion-sep-none fusion-title-text fusion-title-size-one\" style=\"--awb-text-color:var(--awb-custom13);--awb-margin-top-small:0px;--awb-margin-right-small:0px;--awb-margin-bottom-small:20px;--awb-margin-left-small:0px;--awb-font-size:40px;\"><h1 class=\"fusion-title-heading title-heading-left md-text-align-center fusion-responsive-typography-calculated\" style=\"font-family:var(--awb-typography1-font-family);font-weight:var(--awb-typography1-font-weight);font-style:var(--awb-typography1-font-style);margin:0;letter-spacing:var(--awb-typography1-letter-spacing);text-transform:var(--awb-typography1-text-transform);font-size:1em;--fontSize:40;line-height:var(--awb-typography1-line-height);\">La abad\u00eda de Sainte-Marie de la Garde admitida en la confederaci\u00f3n benedictina<\/h1><\/div><div class=\"fusion-text fusion-text-1 fusion-no-small-visibility fusion-no-medium-visibility\" style=\"--awb-font-size:var(--awb-typography3-font-size);--awb-line-height:var(--awb-typography3-line-height);--awb-letter-spacing:var(--awb-typography3-letter-spacing);--awb-text-transform:var(--awb-typography3-text-transform);--awb-text-font-family:var(--awb-typography3-font-family);--awb-text-font-weight:var(--awb-typography3-font-weight);--awb-text-font-style:var(--awb-typography3-font-style);\"><p>El Congreso de Abades ha aprobado la admisi\u00f3n de la abad\u00eda de Sainte-Marie de la Garde en la Confederaci\u00f3n Benedictina. Fundada en 2002 por el abad G\u00e9rard Calvet, la joven y creciente comunidad francesa sigue la liturgia tradicional y la vida mon\u00e1stica. <\/p>\n<\/div><\/div><\/div><div class=\"fusion-layout-column fusion_builder_column fusion-builder-column-1 fusion_builder_column_1_2 1_2 fusion-flex-column\" style=\"--awb-bg-size:cover;--awb-width-large:50%;--awb-margin-top-large:0px;--awb-spacing-right-large:30px;--awb-margin-bottom-large:0px;--awb-spacing-left-large:30px;--awb-width-medium:100%;--awb-order-medium:0;--awb-spacing-right-medium:30px;--awb-spacing-left-medium:30px;--awb-width-small:100%;--awb-order-small:0;--awb-spacing-right-small:30px;--awb-spacing-left-small:30px;\"><div class=\"fusion-column-wrapper fusion-column-has-shadow fusion-flex-justify-content-flex-start fusion-content-layout-column\"><div class=\"fusion-image-element \" style=\"--awb-caption-title-font-family:var(--h2_typography-font-family);--awb-caption-title-font-weight:var(--h2_typography-font-weight);--awb-caption-title-font-style:var(--h2_typography-font-style);--awb-caption-title-size:var(--h2_typography-font-size);--awb-caption-title-transform:var(--h2_typography-text-transform);--awb-caption-title-line-height:var(--h2_typography-line-height);--awb-caption-title-letter-spacing:var(--h2_typography-letter-spacing);\"><span class=\" fusion-imageframe imageframe-none imageframe-1 hover-type-none\" style=\"border:1px solid var(--awb-custom10);\"><a href=\"https:\/\/osb.org\/wp-content\/uploads\/2025\/05\/1chapelle_2024.jpg\" class=\"fusion-lightbox\" data-rel=\"iLightbox[e849535e617d2684630]\" data-title=\"1chapelle_2024\" title=\"1chapelle_2024\"><img decoding=\"async\" width=\"1920\" height=\"1080\" src=\"https:\/\/osb.org\/wp-content\/uploads\/2025\/05\/1chapelle_2024.jpg\" data-orig-src=\"https:\/\/osb.org\/wp-content\/uploads\/2025\/05\/1chapelle_2024.jpg\" alt class=\"lazyload img-responsive wp-image-14191\" srcset=\"data:image\/svg+xml,%3Csvg%20xmlns%3D%27http%3A%2F%2Fwww.w3.org%2F2000%2Fsvg%27%20width%3D%271920%27%20height%3D%271080%27%20viewBox%3D%270%200%201920%201080%27%3E%3Crect%20width%3D%271920%27%20height%3D%271080%27%20fill-opacity%3D%220%22%2F%3E%3C%2Fsvg%3E\" data-srcset=\"https:\/\/osb.org\/wp-content\/uploads\/2025\/05\/1chapelle_2024-200x113.jpg 200w, https:\/\/osb.org\/wp-content\/uploads\/2025\/05\/1chapelle_2024-400x225.jpg 400w, https:\/\/osb.org\/wp-content\/uploads\/2025\/05\/1chapelle_2024-600x338.jpg 600w, https:\/\/osb.org\/wp-content\/uploads\/2025\/05\/1chapelle_2024-800x450.jpg 800w, https:\/\/osb.org\/wp-content\/uploads\/2025\/05\/1chapelle_2024-1200x675.jpg 1200w, https:\/\/osb.org\/wp-content\/uploads\/2025\/05\/1chapelle_2024.jpg 1920w\" data-sizes=\"auto\" data-orig-sizes=\"(max-width: 1024px) 100vw, (max-width: 640px) 100vw, 600px\" \/><\/a><\/span><\/div><div class=\"fusion-text fusion-text-2 fusion-text-no-margin\" style=\"--awb-font-size:var(--awb-typography5-font-size);--awb-line-height:var(--awb-typography5-line-height);--awb-letter-spacing:var(--awb-typography5-letter-spacing);--awb-text-transform:var(--awb-typography5-text-transform);--awb-text-color:var(--awb-custom11);--awb-margin-top:12px;--awb-margin-bottom:12px;--awb-text-font-family:var(--awb-typography5-font-family);--awb-text-font-weight:var(--awb-typography5-font-weight);--awb-text-font-style:var(--awb-typography5-font-style);\"><p>Your Content Goes Here<\/p>\n<\/div><\/div><\/div><div class=\"fusion-layout-column fusion_builder_column fusion-builder-column-2 fusion_builder_column_1_2 1_2 fusion-flex-column\" style=\"--awb-bg-size:cover;--awb-width-large:50%;--awb-margin-top-large:0px;--awb-spacing-right-large:30px;--awb-margin-bottom-large:0px;--awb-spacing-left-large:30px;--awb-width-medium:100%;--awb-order-medium:0;--awb-spacing-right-medium:30px;--awb-spacing-left-medium:30px;--awb-width-small:100%;--awb-order-small:0;--awb-spacing-right-small:30px;--awb-spacing-left-small:30px;\"><div class=\"fusion-column-wrapper fusion-column-has-shadow fusion-flex-justify-content-flex-start fusion-content-layout-column\"><div class=\"fusion-separator fusion-full-width-sep\" style=\"align-self: center;margin-left: auto;margin-right: auto;width:100%;\"><div class=\"fusion-separator-border sep-single sep-solid\" style=\"--awb-height:20px;--awb-amount:20px;--awb-sep-color:var(--awb-color4);border-color:var(--awb-color4);border-top-width:3px;\"><\/div><\/div><\/div><\/div><\/div><\/div><div class=\"fusion-fullwidth fullwidth-box fusion-builder-row-2 fusion-flex-container hundred-percent-fullwidth non-hundred-percent-height-scrolling\" style=\"--awb-border-radius-top-left:0px;--awb-border-radius-top-right:0px;--awb-border-radius-bottom-right:0px;--awb-border-radius-bottom-left:0px;--awb-padding-right:60px;--awb-padding-left:60px;--awb-padding-right-medium:60px;--awb-padding-left-medium:60px;--awb-padding-right-small:30px;--awb-padding-left-small:30px;--awb-margin-top-small:0px;--awb-flex-wrap:wrap;\" ><div class=\"fusion-builder-row fusion-row fusion-flex-align-items-flex-start fusion-flex-justify-content-center fusion-flex-content-wrap\" style=\"width:calc( 100% + 60px ) !important;max-width:calc( 100% + 60px ) !important;margin-left: calc(-60px \/ 2 );margin-right: calc(-60px \/ 2 );\"><div class=\"fusion-layout-column fusion_builder_column fusion-builder-column-3 fusion_builder_column_1_2 1_2 fusion-flex-column\" style=\"--awb-bg-size:cover;--awb-width-large:50%;--awb-margin-top-large:0px;--awb-spacing-right-large:30px;--awb-margin-bottom-large:20px;--awb-spacing-left-large:30px;--awb-width-medium:100%;--awb-order-medium:1;--awb-spacing-right-medium:30px;--awb-spacing-left-medium:30px;--awb-width-small:100%;--awb-order-small:1;--awb-spacing-right-small:30px;--awb-spacing-left-small:30px;\"><div class=\"fusion-column-wrapper fusion-column-has-shadow fusion-flex-justify-content-flex-start fusion-content-layout-column\"><div class=\"fusion-video fusion-youtube\" style=\"--awb-max-width:1200px;--awb-max-height:675px;\"><div class=\"video-shortcode\"><div class=\"fluid-width-video-wrapper\" style=\"padding-top:56.25%;\" ><iframe title=\"YouTube video player 1\" src=\"https:\/\/www.youtube.com\/embed\/NniwrVPDpd8?wmode=transparent&autoplay=0\" width=\"1200\" height=\"675\" allowfullscreen allow=\"autoplay; clipboard-write; encrypted-media; gyroscope; picture-in-picture;\"><\/iframe><\/div><\/div><\/div><div ><a class=\"fusion-button button-flat fusion-button-default-size button-custom fusion-button-default button-1 fusion-button-span-yes fusion-button-default-type\" style=\"--awb-margin-top:10px;--button_accent_color:#ffffff;--button_accent_hover_color:#ffffff;--button_border_hover_color:#ffffff;--button_gradient_top_color:#1f7aa7;--button_gradient_bottom_color:#1f7aa7;--button_gradient_top_color_hover:#72cee0;--button_gradient_bottom_color_hover:#72cee0;\" target=\"_self\" href=\"https:\/\/www.youtube.com\/@perehubert1466\"><span class=\"fusion-button-text awb-button__text awb-button__text--default\">Enlace al canal de YouTube<\/span><\/a><\/div><\/div><\/div><div class=\"fusion-layout-column fusion_builder_column fusion-builder-column-4 fusion_builder_column_1_2 1_2 fusion-flex-column\" style=\"--awb-bg-blend:overlay;--awb-bg-size:cover;--awb-width-large:50%;--awb-margin-top-large:0px;--awb-spacing-right-large:30px;--awb-margin-bottom-large:20px;--awb-spacing-left-large:30px;--awb-width-medium:75%;--awb-order-medium:0;--awb-spacing-right-medium:30px;--awb-spacing-left-medium:30px;--awb-width-small:100%;--awb-order-small:0;--awb-spacing-right-small:30px;--awb-spacing-left-small:30px;\"><div class=\"fusion-column-wrapper fusion-flex-justify-content-flex-start fusion-content-layout-column\"><div class=\"fusion-builder-row fusion-builder-row-inner fusion-row fusion-flex-align-items-flex-start fusion-flex-justify-content-center fusion-flex-content-wrap\" style=\"--awb-flex-grow:0;--awb-flex-grow-medium:0;--awb-flex-grow-small:0;--awb-flex-shrink:0;--awb-flex-shrink-medium:0;--awb-flex-shrink-small:0;width:calc( 100% + 60px ) !important;max-width:calc( 100% + 60px ) !important;margin-left: calc(-60px \/ 2 );margin-right: calc(-60px \/ 2 );\"><div class=\"fusion-layout-column fusion_builder_column_inner fusion-builder-nested-column-0 fusion_builder_column_inner_1_2 1_2 fusion-flex-column fusion-flex-align-self-center\" style=\"--awb-bg-size:cover;--awb-width-large:50%;--awb-margin-top-large:0px;--awb-spacing-right-large:30px;--awb-margin-bottom-large:0px;--awb-spacing-left-large:30px;--awb-width-medium:50%;--awb-order-medium:0;--awb-spacing-right-medium:30px;--awb-spacing-left-medium:30px;--awb-width-small:100%;--awb-order-small:1;--awb-spacing-right-small:30px;--awb-margin-bottom-small:20px;--awb-spacing-left-small:30px;\"><div class=\"fusion-column-wrapper fusion-column-has-shadow fusion-flex-justify-content-center fusion-content-layout-column\"><div class=\"fusion-text fusion-text-3 fusion-text-no-margin\" style=\"--awb-font-size:var(--awb-typography5-font-size);--awb-line-height:var(--awb-typography5-line-height);--awb-letter-spacing:var(--awb-typography5-letter-spacing);--awb-text-transform:var(--awb-typography5-text-transform);--awb-text-color:var(--awb-custom11);--awb-margin-top:0px;--awb-margin-right:0px;--awb-margin-bottom:0px;--awb-margin-left:0px;--awb-text-font-family:var(--awb-typography5-font-family);--awb-text-font-weight:var(--awb-typography5-font-weight);--awb-text-font-style:var(--awb-typography5-font-style);\"><p>30 mayo 2025<\/p>\n<\/div><\/div><\/div><div class=\"fusion-layout-column fusion_builder_column_inner fusion-builder-nested-column-1 fusion_builder_column_inner_1_2 1_2 fusion-flex-column fusion-flex-align-self-center\" style=\"--awb-bg-size:cover;--awb-width-large:50%;--awb-margin-top-large:0px;--awb-spacing-right-large:30px;--awb-margin-bottom-large:0px;--awb-spacing-left-large:30px;--awb-width-medium:50%;--awb-order-medium:0;--awb-spacing-right-medium:30px;--awb-spacing-left-medium:30px;--awb-width-small:100%;--awb-order-small:0;--awb-margin-top-small:0px;--awb-spacing-right-small:30px;--awb-spacing-left-small:30px;\"><div class=\"fusion-column-wrapper fusion-column-has-shadow fusion-flex-justify-content-center fusion-content-layout-column\"><div class=\"fusion-sharing-box fusion-sharing-box-1 boxed-icons\" style=\"background-color:var(--awb-color1);border-color:var(--awb-color1);--awb-margin-top:0px;--awb-margin-right:0px;--awb-margin-bottom:0px;--awb-margin-left:0px;--awb-wrapper-padding-top:0px;--awb-wrapper-padding-right:0px;--awb-wrapper-padding-bottom:0px;--awb-wrapper-padding-left:0px;--awb-padding-top:0px;--awb-padding-right:0px;--awb-padding-bottom:0px;--awb-padding-left:0px;--awb-border-top:0px;--awb-border-right:0px;--awb-border-bottom:0px;--awb-border-left:0px;--awb-icon-size:12px;--awb-separator-border-color:#cccccc;--awb-separator-border-sizes:0px;--awb-stacked-align:flex-end;--awb-layout:row;--awb-alignment-small:flex-end;--awb-stacked-align-small:center;\" data-title=\"La abad\u00eda de Sainte-Marie de la Garde admitida en la confederaci\u00f3n benedictina\" data-description=\"Your Content Goes Here  Your Content Goes Here    Enlace al canal de YouTube    \r\n\r\npor el abad Albert Schmidt OSB\r\nAbad Presidente em\u00e9rito\r\nCongregaci\u00f3n Beuronense\r\n\r\nEn 2002, el abad G\u00e9rard Calvet de Le Barroux fund\u00f3 el monasterio de Sainte-Marie de la Garde,\" data-link=\"https:\/\/osb.org\/es\/2025\/05\/30\/la-abadia-de-sainte-marie-de-la-garde-admitida-en-la-confederacion-benedictina\/\"><div class=\"fusion-social-networks sharingbox-shortcode-icon-wrapper sharingbox-shortcode-icon-wrapper-1 boxed-icons\"><span><a href=\"https:\/\/www.facebook.com\/sharer.php?u=https%3A%2F%2Fosb.org%2Fes%2F2025%2F05%2F30%2Fla-abadia-de-sainte-marie-de-la-garde-admitida-en-la-confederacion-benedictina%2F&amp;t=La%20abad%C3%ADa%20de%20Sainte-Marie%20de%20la%20Garde%20admitida%20en%20la%20confederaci%C3%B3n%20benedictina\" target=\"_blank\" rel=\"noreferrer\" title=\"Facebook\" aria-label=\"Facebook\"><i class=\"fusion-social-network-icon fusion-tooltip fusion-facebook awb-icon-facebook\" style=\"color:var(--awb-custom11);background-color:#e8e8e8;border-color:#e8e8e8;border-radius:50%;\" aria-hidden=\"true\"><\/i><\/a><\/span><span><a href=\"https:\/\/x.com\/intent\/post?text=La%20abad%C3%ADa%20de%20Sainte-Marie%20de%20la%20Garde%20admitida%20en%20la%20confederaci%C3%B3n%20benedictina&amp;url=https%3A%2F%2Fosb.org%2Fes%2F2025%2F05%2F30%2Fla-abadia-de-sainte-marie-de-la-garde-admitida-en-la-confederacion-benedictina%2F\" target=\"_blank\" rel=\"noopener noreferrer\" title=\"X\" aria-label=\"X\"><i class=\"fusion-social-network-icon fusion-tooltip fusion-twitter awb-icon-twitter\" style=\"color:var(--awb-custom11);background-color:#e8e8e8;border-color:#e8e8e8;border-radius:50%;\" aria-hidden=\"true\"><\/i><\/a><\/span><span><a href=\"https:\/\/api.whatsapp.com\/send?text=https%3A%2F%2Fosb.org%2Fes%2F2025%2F05%2F30%2Fla-abadia-de-sainte-marie-de-la-garde-admitida-en-la-confederacion-benedictina%2F\" target=\"_blank\" rel=\"noopener noreferrer\" title=\"WhatsApp\" aria-label=\"WhatsApp\"><i class=\"fusion-social-network-icon fusion-tooltip fusion-whatsapp awb-icon-whatsapp\" style=\"color:var(--awb-custom11);background-color:#e8e8e8;border-color:#e8e8e8;border-radius:50%;\" aria-hidden=\"true\"><\/i><\/a><\/span><span><a href=\"mailto:?subject=La%20abad%C3%ADa%20de%20Sainte-Marie%20de%20la%20Garde%20admitida%20en%20la%20confederaci%C3%B3n%20benedictina&amp;body=https%3A%2F%2Fosb.org%2Fes%2F2025%2F05%2F30%2Fla-abadia-de-sainte-marie-de-la-garde-admitida-en-la-confederacion-benedictina%2F\" target=\"_self\" title=\"Email\" aria-label=\"Email\"><i class=\"fusion-social-network-icon fusion-tooltip fusion-mail awb-icon-mail\" style=\"color:var(--awb-custom11);background-color:#e8e8e8;border-color:#e8e8e8;border-radius:50%;\" aria-hidden=\"true\"><\/i><\/a><\/span><\/div><\/div><\/div><\/div><\/div><div class=\"fusion-text fusion-text-4\" style=\"--awb-margin-top:10px;\"><p><em>por el abad Albert Schmidt OSB<\/em><br \/>\n<em>Abad Presidente em\u00e9rito<\/em><br \/>\n<em><a href=\"https:\/\/en.wikipedia.org\/wiki\/Beuronese_Congregation\" target=\"_blank\" rel=\"noopener\">Congregaci\u00f3n Beuronense<\/a><\/em><\/p>\n<p>En 2002, el abad G\u00e9rard Calvet de Le Barroux fund\u00f3 el monasterio de Sainte-Marie de la Garde, tambi\u00e9n situado en el suroeste de Francia. En 2021, el priorato fue elevado a abad\u00eda, y el padre Marc Guillot fue elegido su primer abad. La comunidad consta actualmente de 18 monjes, entre ellos ocho hermanos, un profeso trienal y un novicio; dos postulantes se unieron en 2024. La edad media es comparativamente baja.   <\/p>\n<p>Los monjes rezan todo el Oficio seg\u00fan el Breviario Mon\u00e1stico de 1963; Maitines comienza a las 3:30 a.m. La Misa conventual a media ma\u00f1ana sigue el Misal de 1962; en la Misa Crismal y en ocasiones diocesanas importantes, el Abad concelebra en el Rito Romano. Aproximadamente 40 hect\u00e1reas de tierra cultivable, donde se cultivan frutas y verduras para el consumo dom\u00e9stico, as\u00ed como nueces, sirven como fuente de ingresos. Tambi\u00e9n hay una peque\u00f1a casa de hu\u00e9spedes para d\u00edas de silencio y contemplaci\u00f3n, as\u00ed como una casa para familias y grupos. Tambi\u00e9n hay un taller de sandalias, una panader\u00eda y una tienda.   <\/p>\n<p>La comunidad est\u00e1 integrada en las estructuras de la iglesia y en las asociaciones de monasterios mon\u00e1sticos y \u00f3rdenes religiosas en Francia, junto con sus grupos de trabajo asociados. Los estudios para la ordenaci\u00f3n sacerdotal se completan internamente y se complementan con instructores externos. Las obras de construcci\u00f3n de un claustro y celdas adicionales para los monjes est\u00e1n en marcha desde mayo de 2023.  <\/p>\n<p>El abad Marc Guillot present\u00f3 el deseo de la comunidad de ser admitida en la Confederaci\u00f3n Benedictina al Congreso de Abades. El P. Philippe Dupont, abad em\u00e9rito de la abad\u00eda de San Pedro en Solesmes, Francia, y Dom David d'Hamonville, abad em\u00e9rito de San Benito de En-Calcat, visitaron el monasterio antes del congreso y en nombre del abad primado Gregory Polan. El abad presidente Geoffroy de Solesmes ley\u00f3 su informe favorable. El Congreso de Abades aprob\u00f3 la solicitud y admiti\u00f3 a la Abad\u00eda de Sainte-Marie de la Garde en la Confederaci\u00f3n.    <\/p>\n<p>Esto eleva a seis el n\u00famero de monasterios que no pertenecen a una congregaci\u00f3n y est\u00e1n directamente subordinados al Abad Primado. Los otros cinco monasterios son: <\/p>\n<ul>\n<li>Abad\u00eda de Le Bouveret (Suiza, Di\u00f3cesis de Sion): fundada en 1928, trasladada a su ubicaci\u00f3n actual en 1956 y elevada al estatus de abad\u00eda;<\/li>\n<li>Abad\u00eda de Chevetogne (B\u00e9lgica, Di\u00f3cesis de Namur): fundada en 1926, desde 1939 en Chevetogne, abad\u00eda en 1990;<\/li>\n<li>Weston (EE. UU., Vermont): Fundada en 1952 por la Abad\u00eda de la Dormici\u00f3n \/ Jerusal\u00e9n; desde 1968 priorato conventual bajo la jurisdicci\u00f3n del Abad Primado;<\/li>\n<li>Le Barroux (Francia, Di\u00f3cesis de Avignon): fundada en 1970, abad\u00eda desde 1989; y<\/li>\n<li>Norcia (Italia, Di\u00f3cesis de Spoleto-Norcia): fundada en 1998, sui juris desde 2018, abad\u00eda desde 2024.<\/li>\n<\/ul>\n<\/div><div ><a class=\"fusion-button button-flat fusion-button-default-size button-custom fusion-button-default button-2 fusion-button-span-yes fusion-button-default-type\" style=\"--awb-margin-top:10px;--button_accent_color:#ffffff;--button_accent_hover_color:#ffffff;--button_border_hover_color:#ffffff;--button_gradient_top_color:#1f7aa7;--button_gradient_bottom_color:#1f7aa7;--button_gradient_top_color_hover:#72cee0;--button_gradient_bottom_color_hover:#72cee0;\" target=\"_self\" href=\"https:\/\/www.la-garde.org\/\"><span class=\"fusion-button-text awb-button__text awb-button__text--default\">Sitio web de la abad\u00eda de Sainte-Marie de la Garde |FR| |EN|<\/span><\/a><\/div><\/div><\/div><\/div><\/div><\/p>\n","protected":false},"excerpt":{"rendered":"<p>El Congreso de Abades ha aprobado la admisi\u00f3n de la abad\u00eda de Sainte-Marie de la Garde en la Confederaci\u00f3n Benedictina. Fundada en 2002 por el abad G\u00e9rard Calvet, la joven y creciente comunidad francesa sigue la liturgia tradicional y la vida mon\u00e1stica. <\/p>\n","protected":false},"author":1,"featured_media":14191,"comment_status":"closed","ping_status":"closed","sticky":false,"template":"","format":"standard","meta":{"footnotes":""},"categories":[186],"tags":[243,235],"class_list":["post-14190","post","type-post","status-publish","format-standard","has-post-thumbnail","hentry","category-nexus-es","tag-nexus-junio-2025-es","tag-nexus-congressus-24-es"],"cc_featured_image_caption":{"caption_text":false,"source_text":false,"source_url":false},"_links":{"self":[{"href":"https:\/\/osb.org\/es\/wp-json\/wp\/v2\/posts\/14190","targetHints":{"allow":["GET"]}}],"collection":[{"href":"https:\/\/osb.org\/es\/wp-json\/wp\/v2\/posts"}],"about":[{"href":"https:\/\/osb.org\/es\/wp-json\/wp\/v2\/types\/post"}],"author":[{"embeddable":true,"href":"https:\/\/osb.org\/es\/wp-json\/wp\/v2\/users\/1"}],"replies":[{"embeddable":true,"href":"https:\/\/osb.org\/es\/wp-json\/wp\/v2\/comments?post=14190"}],"version-history":[{"count":0,"href":"https:\/\/osb.org\/es\/wp-json\/wp\/v2\/posts\/14190\/revisions"}],"wp:featuredmedia":[{"embeddable":true,"href":"https:\/\/osb.org\/es\/wp-json\/wp\/v2\/media\/14191"}],"wp:attachment":[{"href":"https:\/\/osb.org\/es\/wp-json\/wp\/v2\/media?parent=14190"}],"wp:term":[{"taxonomy":"category","embeddable":true,"href":"https:\/\/osb.org\/es\/wp-json\/wp\/v2\/categories?post=14190"},{"taxonomy":"post_tag","embeddable":true,"href":"https:\/\/osb.org\/es\/wp-json\/wp\/v2\/tags?post=14190"}],"curies":[{"name":"wp","href":"https:\/\/api.w.org\/{rel}","templated":true}]}}