{"id":13971,"date":"2025-03-24T17:09:37","date_gmt":"2025-03-24T16:09:37","guid":{"rendered":"https:\/\/osb.org\/2025\/03\/24\/llamamiento-a-la-investigacion-mediante-micromecenazgo-dom-gregory-de-wit-osb\/"},"modified":"2025-09-22T17:27:09","modified_gmt":"2025-09-22T15:27:09","slug":"llamamiento-a-la-investigacion-mediante-micromecenazgo-dom-gregory-de-wit-osb","status":"publish","type":"post","link":"https:\/\/osb.org\/es\/2025\/03\/24\/llamamiento-a-la-investigacion-mediante-micromecenazgo-dom-gregory-de-wit-osb\/","title":{"rendered":"Llamamiento a la investigaci\u00f3n mediante micromecenazgo: Dom Gregory de Wit OSB"},"content":{"rendered":"<p><div class=\"fusion-fullwidth fullwidth-box fusion-builder-row-1 fusion-flex-container has-pattern-background has-mask-background hundred-percent-fullwidth non-hundred-percent-height-scrolling\" style=\"--awb-border-radius-top-left:0px;--awb-border-radius-top-right:0px;--awb-border-radius-bottom-right:0px;--awb-border-radius-bottom-left:0px;--awb-padding-right:60px;--awb-padding-bottom:0px;--awb-padding-left:60px;--awb-padding-right-small:30px;--awb-padding-left-small:30px;--awb-flex-wrap:wrap;\" ><div class=\"fusion-builder-row fusion-row fusion-flex-align-items-center fusion-flex-justify-content-flex-end fusion-flex-content-wrap\" style=\"width:calc( 100% + 60px ) !important;max-width:calc( 100% + 60px ) !important;margin-left: calc(-60px \/ 2 );margin-right: calc(-60px \/ 2 );\"><div class=\"fusion-layout-column fusion_builder_column fusion-builder-column-0 fusion_builder_column_1_2 1_2 fusion-flex-column\" style=\"--awb-padding-right:70px;--awb-padding-left:70px;--awb-padding-right-medium:150px;--awb-padding-left-medium:150px;--awb-padding-right-small:0px;--awb-padding-left-small:0px;--awb-bg-size:cover;--awb-width-large:50%;--awb-margin-top-large:0px;--awb-spacing-right-large:30px;--awb-margin-bottom-large:20px;--awb-spacing-left-large:30px;--awb-width-medium:100%;--awb-order-medium:0;--awb-spacing-right-medium:30px;--awb-spacing-left-medium:30px;--awb-width-small:100%;--awb-order-small:0;--awb-spacing-right-small:30px;--awb-spacing-left-small:30px;\"><div class=\"fusion-column-wrapper fusion-column-has-shadow fusion-flex-justify-content-flex-start fusion-content-layout-column\"><div class=\"fusion-title title fusion-title-1 fusion-sep-none fusion-title-text fusion-title-size-one\" style=\"--awb-text-color:var(--awb-custom13);--awb-margin-top-small:0px;--awb-margin-right-small:0px;--awb-margin-bottom-small:20px;--awb-margin-left-small:0px;--awb-font-size:40px;\"><h1 class=\"fusion-title-heading title-heading-left fusion-responsive-typography-calculated\" style=\"font-family:var(--awb-typography1-font-family);font-weight:var(--awb-typography1-font-weight);font-style:var(--awb-typography1-font-style);margin:0;letter-spacing:var(--awb-typography1-letter-spacing);text-transform:var(--awb-typography1-text-transform);font-size:1em;--fontSize:40;line-height:var(--awb-typography1-line-height);\">Llamamiento a la investigaci\u00f3n mediante micromecenazgo: Dom Gregory de Wit OSB<\/h1><\/div><div class=\"fusion-text fusion-text-1\" style=\"--awb-font-size:var(--awb-typography4-font-size);--awb-line-height:var(--awb-typography4-line-height);--awb-letter-spacing:var(--awb-typography4-letter-spacing);--awb-text-transform:var(--awb-typography4-text-transform);--awb-text-color:var(--awb-custom12);--awb-text-font-family:var(--awb-typography4-font-family);--awb-text-font-weight:var(--awb-typography4-font-weight);--awb-text-font-style:var(--awb-typography4-font-style);\"><p>Dom Gregory de Wit, un artista benedictino, dej\u00f3 un legado profundo, aunque a menudo pasado por alto, a trav\u00e9s de sus murales monumentales y obras de arte religioso en Europa y los EE. UU. Una retrospectiva en Alemania en 2025 tiene como objetivo documentar sus contribuciones, y los organizadores buscan informaci\u00f3n adicional sobre sus obras menos conocidas.<\/p>\n<\/div><\/div><\/div><div class=\"fusion-layout-column fusion_builder_column fusion-builder-column-1 fusion_builder_column_1_2 1_2 fusion-flex-column\" style=\"--awb-bg-size:cover;--awb-width-large:50%;--awb-margin-top-large:0px;--awb-spacing-right-large:30px;--awb-margin-bottom-large:0px;--awb-spacing-left-large:30px;--awb-width-medium:100%;--awb-order-medium:0;--awb-spacing-right-medium:30px;--awb-spacing-left-medium:30px;--awb-width-small:100%;--awb-order-small:0;--awb-spacing-right-small:30px;--awb-spacing-left-small:30px;\"><div class=\"fusion-column-wrapper fusion-column-has-shadow fusion-flex-justify-content-flex-start fusion-content-layout-column\"><div class=\"fusion-image-element \" style=\"--awb-caption-title-font-family:var(--h2_typography-font-family);--awb-caption-title-font-weight:var(--h2_typography-font-weight);--awb-caption-title-font-style:var(--h2_typography-font-style);--awb-caption-title-size:var(--h2_typography-font-size);--awb-caption-title-transform:var(--h2_typography-text-transform);--awb-caption-title-line-height:var(--h2_typography-line-height);--awb-caption-title-letter-spacing:var(--h2_typography-letter-spacing);\"><span class=\" fusion-imageframe imageframe-none imageframe-1 hover-type-none\" style=\"border:1px solid var(--awb-custom10);\"><a href=\"https:\/\/osb.org\/wp-content\/uploads\/2025\/03\/hero_deWit_SMAa-X-enthroned-1.jpg\" class=\"fusion-lightbox\" data-rel=\"iLightbox[95c62a0d2ea4763897b]\" data-title=\"hero_deWit_SMAa x enthroned-1\" title=\"hero_deWit_SMAa x enthroned-1\"><img decoding=\"async\" width=\"1920\" height=\"1080\" src=\"https:\/\/osb.org\/wp-content\/uploads\/2025\/03\/hero_deWit_SMAa-X-enthroned-1.jpg\" data-orig-src=\"https:\/\/osb.org\/wp-content\/uploads\/2025\/03\/hero_deWit_SMAa-X-enthroned-1.jpg\" alt class=\"lazyload img-responsive wp-image-13972\" srcset=\"data:image\/svg+xml,%3Csvg%20xmlns%3D%27http%3A%2F%2Fwww.w3.org%2F2000%2Fsvg%27%20width%3D%271920%27%20height%3D%271080%27%20viewBox%3D%270%200%201920%201080%27%3E%3Crect%20width%3D%271920%27%20height%3D%271080%27%20fill-opacity%3D%220%22%2F%3E%3C%2Fsvg%3E\" data-srcset=\"https:\/\/osb.org\/wp-content\/uploads\/2025\/03\/hero_deWit_SMAa-X-enthroned-1-200x113.jpg 200w, https:\/\/osb.org\/wp-content\/uploads\/2025\/03\/hero_deWit_SMAa-X-enthroned-1-400x225.jpg 400w, https:\/\/osb.org\/wp-content\/uploads\/2025\/03\/hero_deWit_SMAa-X-enthroned-1-600x338.jpg 600w, https:\/\/osb.org\/wp-content\/uploads\/2025\/03\/hero_deWit_SMAa-X-enthroned-1-800x450.jpg 800w, https:\/\/osb.org\/wp-content\/uploads\/2025\/03\/hero_deWit_SMAa-X-enthroned-1-1200x675.jpg 1200w, https:\/\/osb.org\/wp-content\/uploads\/2025\/03\/hero_deWit_SMAa-X-enthroned-1.jpg 1920w\" data-sizes=\"auto\" data-orig-sizes=\"(max-width: 1024px) 100vw, (max-width: 640px) 100vw, 600px\" \/><\/a><\/span><\/div><div class=\"fusion-text fusion-text-2 fusion-text-no-margin\" style=\"--awb-font-size:var(--awb-typography5-font-size);--awb-line-height:var(--awb-typography5-line-height);--awb-letter-spacing:var(--awb-typography5-letter-spacing);--awb-text-transform:var(--awb-typography5-text-transform);--awb-text-color:var(--awb-custom11);--awb-margin-top:12px;--awb-margin-bottom:12px;--awb-text-font-family:var(--awb-typography5-font-family);--awb-text-font-weight:var(--awb-typography5-font-weight);--awb-text-font-style:var(--awb-typography5-font-style);\"><p>Your Content Goes Here<\/p>\n<\/div><\/div><\/div><div class=\"fusion-layout-column fusion_builder_column fusion-builder-column-2 fusion_builder_column_1_2 1_2 fusion-flex-column\" style=\"--awb-bg-size:cover;--awb-width-large:50%;--awb-margin-top-large:0px;--awb-spacing-right-large:30px;--awb-margin-bottom-large:0px;--awb-spacing-left-large:30px;--awb-width-medium:100%;--awb-order-medium:0;--awb-spacing-right-medium:30px;--awb-spacing-left-medium:30px;--awb-width-small:100%;--awb-order-small:0;--awb-spacing-right-small:30px;--awb-spacing-left-small:30px;\"><div class=\"fusion-column-wrapper fusion-column-has-shadow fusion-flex-justify-content-flex-start fusion-content-layout-column\"><div class=\"fusion-separator fusion-full-width-sep\" style=\"align-self: center;margin-left: auto;margin-right: auto;width:100%;\"><div class=\"fusion-separator-border sep-single sep-solid\" style=\"--awb-height:20px;--awb-amount:20px;--awb-sep-color:var(--awb-color4);border-color:var(--awb-color4);border-top-width:3px;\"><\/div><\/div><\/div><\/div><\/div><\/div><div class=\"fusion-fullwidth fullwidth-box fusion-builder-row-2 fusion-flex-container hundred-percent-fullwidth non-hundred-percent-height-scrolling\" style=\"--awb-border-radius-top-left:0px;--awb-border-radius-top-right:0px;--awb-border-radius-bottom-right:0px;--awb-border-radius-bottom-left:0px;--awb-padding-right:60px;--awb-padding-left:60px;--awb-padding-right-medium:60px;--awb-padding-left-medium:60px;--awb-padding-right-small:30px;--awb-padding-left-small:30px;--awb-margin-top-small:0px;--awb-flex-wrap:wrap;\" ><div class=\"fusion-builder-row fusion-row fusion-flex-align-items-flex-start fusion-flex-justify-content-center fusion-flex-content-wrap\" style=\"width:calc( 100% + 60px ) !important;max-width:calc( 100% + 60px ) !important;margin-left: calc(-60px \/ 2 );margin-right: calc(-60px \/ 2 );\"><div class=\"fusion-layout-column fusion_builder_column fusion-builder-column-3 fusion_builder_column_1_2 1_2 fusion-flex-column\" style=\"--awb-padding-left:;--awb-bg-color:var(--awb-color2);--awb-bg-color-hover:var(--awb-color2);--awb-bg-size:cover;--awb-border-color:var(--awb-color5);--awb-border-top:1px;--awb-border-right:1px;--awb-border-bottom:1px;--awb-border-left:1px;--awb-border-style:solid;--awb-width-large:50%;--awb-margin-top-large:0px;--awb-spacing-right-large:30px;--awb-margin-bottom-large:20px;--awb-spacing-left-large:30px;--awb-width-medium:100%;--awb-order-medium:1;--awb-spacing-right-medium:30px;--awb-spacing-left-medium:30px;--awb-width-small:100%;--awb-order-small:1;--awb-spacing-right-small:30px;--awb-spacing-left-small:30px;\"><div class=\"fusion-column-wrapper fusion-column-has-shadow fusion-flex-justify-content-flex-start fusion-content-layout-column\"><div class=\"awb-gallery-wrapper awb-gallery-wrapper-1 button-span-no\" style=\"--more-btn-alignment:center;margin-top:10px;margin-right:10px;margin-bottom:10px;margin-left:10px;\"><div style=\"margin:-15px;--awb-bordersize:0px;--awb-bordercolor:var(--awb-color6);--awb-caption-title-size:var(--awb-typography5-font-size);--awb-caption-title-transform:var(--awb-typography5-text-transform);--awb-caption-title-line-height:var(--awb-typography5-line-height);--awb-caption-title-letter-spacing:var(--awb-typography5-letter-spacing);--awb-caption-text-size:var(--awb-typography5-font-size);--awb-caption-text-transform:var(--awb-typography5-text-transform);--awb-caption-text-line-height:var(--awb-typography5-line-height);--awb-caption-text-letter-spacing:var(--awb-typography5-letter-spacing);--awb-caption-margin-top:10px;--awb-caption-title-font-family:&quot;open-sans&quot;;--awb-caption-title-font-style:normal;--awb-caption-title-font-weight:600;--awb-caption-text-font-family:var(--awb-typography5-font-family);--awb-caption-text-font-weight:var(--awb-typography5-font-weight);--awb-caption-text-font-style:var(--awb-typography5-font-style);\" class=\"fusion-gallery fusion-gallery-container fusion-grid-2 fusion-columns-total-12 fusion-gallery-layout-grid fusion-gallery-1\"><div style=\"padding:15px;\" class=\"fusion-grid-column fusion-gallery-column fusion-gallery-column-2 hover-type-none awb-imageframe-style awb-imageframe-style-below awb-imageframe-style-1\"><div class=\"fusion-gallery-image\"><a href=\"https:\/\/osb.org\/wp-content\/uploads\/2025\/03\/Adam.jpeg\" rel=\"noreferrer\" data-rel=\"iLightbox[gallery_image_1]\" class=\"fusion-lightbox\" target=\"_self\"><img decoding=\"async\" src=\"https:\/\/osb.org\/wp-content\/uploads\/2025\/03\/Adam.jpeg\" data-orig-src=\"https:\/\/osb.org\/wp-content\/uploads\/2025\/03\/Adam.jpeg\" width=\"1409\" height=\"1859\" alt=\"\" title=\"Sin t\u00edtulo (Ad\u00e1n)\" aria-label=\"Sin t\u00edtulo (Ad\u00e1n)\" class=\"lazyload img-responsive wp-image-13973\" srcset=\"data:image\/svg+xml,%3Csvg%20xmlns%3D%27http%3A%2F%2Fwww.w3.org%2F2000%2Fsvg%27%20width%3D%271409%27%20height%3D%271859%27%20viewBox%3D%270%200%201409%201859%27%3E%3Crect%20width%3D%271409%27%20height%3D%271859%27%20fill-opacity%3D%220%22%2F%3E%3C%2Fsvg%3E\" data-srcset=\"https:\/\/osb.org\/wp-content\/uploads\/2025\/03\/Adam-200x264.jpeg 200w, https:\/\/osb.org\/wp-content\/uploads\/2025\/03\/Adam-400x528.jpeg 400w, https:\/\/osb.org\/wp-content\/uploads\/2025\/03\/Adam-600x792.jpeg 600w, https:\/\/osb.org\/wp-content\/uploads\/2025\/03\/Adam-800x1056.jpeg 800w, https:\/\/osb.org\/wp-content\/uploads\/2025\/03\/Adam-1200x1583.jpeg 1200w, https:\/\/osb.org\/wp-content\/uploads\/2025\/03\/Adam.jpeg 1409w\" data-sizes=\"auto\" data-orig-sizes=\"(min-width: 2200px) 100vw, (min-width: 712px) 543px, (min-width: 640px) 712px, \" \/><\/a><\/div><div class=\"awb-imageframe-caption-container\"><div class=\"awb-imageframe-caption\"><h2 class=\"awb-imageframe-caption-title\">Sin t\u00edtulo (Ad\u00e1n)<\/h2><p class=\"awb-imageframe-caption-text\">Abad\u00eda de Mont Cesar (Abad\u00eda de keizersberg), Lovaina, B\u00e9lgica<\/p><\/div><\/div><\/div><div style=\"padding:15px;\" class=\"fusion-grid-column fusion-gallery-column fusion-gallery-column-2 hover-type-none awb-imageframe-style awb-imageframe-style-below awb-imageframe-style-1\"><div class=\"fusion-gallery-image\"><a href=\"https:\/\/osb.org\/wp-content\/uploads\/2025\/03\/Chicago.jpg\" rel=\"noreferrer\" data-rel=\"iLightbox[gallery_image_1]\" class=\"fusion-lightbox\" target=\"_self\"><img decoding=\"async\" src=\"https:\/\/osb.org\/wp-content\/uploads\/2025\/03\/Chicago.jpg\" data-orig-src=\"https:\/\/osb.org\/wp-content\/uploads\/2025\/03\/Chicago.jpg\" width=\"1093\" height=\"1798\" alt=\"\" title=\"Madonna y el ni\u00f1o de Chicago por la noche\" aria-label=\"Madonna y el ni\u00f1o de Chicago por la noche\" class=\"lazyload img-responsive wp-image-13974\" srcset=\"data:image\/svg+xml,%3Csvg%20xmlns%3D%27http%3A%2F%2Fwww.w3.org%2F2000%2Fsvg%27%20width%3D%271093%27%20height%3D%271798%27%20viewBox%3D%270%200%201093%201798%27%3E%3Crect%20width%3D%271093%27%20height%3D%271798%27%20fill-opacity%3D%220%22%2F%3E%3C%2Fsvg%3E\" data-srcset=\"https:\/\/osb.org\/wp-content\/uploads\/2025\/03\/Chicago-200x329.jpg 200w, https:\/\/osb.org\/wp-content\/uploads\/2025\/03\/Chicago-400x658.jpg 400w, https:\/\/osb.org\/wp-content\/uploads\/2025\/03\/Chicago-600x987.jpg 600w, https:\/\/osb.org\/wp-content\/uploads\/2025\/03\/Chicago-800x1316.jpg 800w, https:\/\/osb.org\/wp-content\/uploads\/2025\/03\/Chicago.jpg 1093w\" data-sizes=\"auto\" data-orig-sizes=\"(min-width: 2200px) 100vw, (min-width: 712px) 543px, (min-width: 640px) 712px, \" \/><\/a><\/div><div class=\"awb-imageframe-caption-container\"><div class=\"awb-imageframe-caption\"><h2 class=\"awb-imageframe-caption-title\">Madonna y el ni\u00f1o de Chicago por la noche<\/h2><p class=\"awb-imageframe-caption-text\">Colecci\u00f3n privada, EE. UU.<\/p><\/div><\/div><\/div><div class=\"clearfix\"><\/div><div style=\"padding:15px;\" class=\"fusion-grid-column fusion-gallery-column fusion-gallery-column-2 hover-type-none awb-imageframe-style awb-imageframe-style-below awb-imageframe-style-1\"><div class=\"fusion-gallery-image\"><a href=\"https:\/\/osb.org\/wp-content\/uploads\/2025\/03\/Long-Pieta.jpg\" rel=\"noreferrer\" data-rel=\"iLightbox[gallery_image_1]\" class=\"fusion-lightbox\" target=\"_self\"><img decoding=\"async\" src=\"https:\/\/osb.org\/wp-content\/uploads\/2025\/03\/Long-Pieta.jpg\" data-orig-src=\"https:\/\/osb.org\/wp-content\/uploads\/2025\/03\/Long-Pieta.jpg\" width=\"735\" height=\"544\" alt=\"\" title=\"Piedad (ex voto)\" aria-label=\"Piedad (ex voto)\" class=\"lazyload img-responsive wp-image-13975\" srcset=\"data:image\/svg+xml,%3Csvg%20xmlns%3D%27http%3A%2F%2Fwww.w3.org%2F2000%2Fsvg%27%20width%3D%27735%27%20height%3D%27544%27%20viewBox%3D%270%200%20735%20544%27%3E%3Crect%20width%3D%27735%27%20height%3D%27544%27%20fill-opacity%3D%220%22%2F%3E%3C%2Fsvg%3E\" data-srcset=\"https:\/\/osb.org\/wp-content\/uploads\/2025\/03\/Long-Pieta-200x148.jpg 200w, https:\/\/osb.org\/wp-content\/uploads\/2025\/03\/Long-Pieta-400x296.jpg 400w, https:\/\/osb.org\/wp-content\/uploads\/2025\/03\/Long-Pieta-600x444.jpg 600w, https:\/\/osb.org\/wp-content\/uploads\/2025\/03\/Long-Pieta.jpg 735w\" data-sizes=\"auto\" data-orig-sizes=\"(min-width: 2200px) 100vw, (min-width: 712px) 543px, (min-width: 640px) 712px, \" \/><\/a><\/div><div class=\"awb-imageframe-caption-container\"><div class=\"awb-imageframe-caption\"><h2 class=\"awb-imageframe-caption-title\">Piedad (ex voto)<\/h2><p class=\"awb-imageframe-caption-text\">Ermita de Notre-Dame de Longeborgne, Sion, Suiza<\/p><\/div><\/div><\/div><div style=\"padding:15px;\" class=\"fusion-grid-column fusion-gallery-column fusion-gallery-column-2 hover-type-none awb-imageframe-style awb-imageframe-style-below awb-imageframe-style-1\"><div class=\"fusion-gallery-image\"><a href=\"https:\/\/osb.org\/wp-content\/uploads\/2025\/03\/Mauritius-Lafy-Carmel.jpg\" rel=\"noreferrer\" data-rel=\"iLightbox[gallery_image_1]\" class=\"fusion-lightbox\" target=\"_self\"><img decoding=\"async\" src=\"https:\/\/osb.org\/wp-content\/uploads\/2025\/03\/Mauritius-Lafy-Carmel.jpg\" data-orig-src=\"https:\/\/osb.org\/wp-content\/uploads\/2025\/03\/Mauritius-Lafy-Carmel.jpg\" width=\"592\" height=\"924\" alt=\"\" title=\"San Mauricio\" aria-label=\"San Mauricio\" class=\"lazyload img-responsive wp-image-13976\" srcset=\"data:image\/svg+xml,%3Csvg%20xmlns%3D%27http%3A%2F%2Fwww.w3.org%2F2000%2Fsvg%27%20width%3D%27592%27%20height%3D%27924%27%20viewBox%3D%270%200%20592%20924%27%3E%3Crect%20width%3D%27592%27%20height%3D%27924%27%20fill-opacity%3D%220%22%2F%3E%3C%2Fsvg%3E\" data-srcset=\"https:\/\/osb.org\/wp-content\/uploads\/2025\/03\/Mauritius-Lafy-Carmel-200x312.jpg 200w, https:\/\/osb.org\/wp-content\/uploads\/2025\/03\/Mauritius-Lafy-Carmel-400x624.jpg 400w, https:\/\/osb.org\/wp-content\/uploads\/2025\/03\/Mauritius-Lafy-Carmel.jpg 592w\" data-sizes=\"auto\" data-orig-sizes=\"(min-width: 2200px) 100vw, (min-width: 712px) 543px, (min-width: 640px) 712px, \" \/><\/a><\/div><div class=\"awb-imageframe-caption-container\"><div class=\"awb-imageframe-caption\"><h2 class=\"awb-imageframe-caption-title\">San Mauricio<\/h2><p class=\"awb-imageframe-caption-text\">Colecci\u00f3n privada, EE. UU.<\/p><\/div><\/div><\/div><div class=\"clearfix\"><\/div><div style=\"padding:15px;\" class=\"fusion-grid-column fusion-gallery-column fusion-gallery-column-2 hover-type-none awb-imageframe-style awb-imageframe-style-below awb-imageframe-style-1\"><div class=\"fusion-gallery-image\"><a href=\"https:\/\/osb.org\/wp-content\/uploads\/2025\/03\/Metten-Ben-and-Schol.jpg\" rel=\"noreferrer\" data-rel=\"iLightbox[gallery_image_1]\" class=\"fusion-lightbox\" target=\"_self\"><img decoding=\"async\" src=\"https:\/\/osb.org\/wp-content\/uploads\/2025\/03\/Metten-Ben-and-Schol.jpg\" data-orig-src=\"https:\/\/osb.org\/wp-content\/uploads\/2025\/03\/Metten-Ben-and-Schol.jpg\" width=\"736\" height=\"781\" alt=\"\" title=\"La santa conversaci\u00f3n de los santos Benito y Escol\u00e1stica\" aria-label=\"La santa conversaci\u00f3n de los santos Benito y Escol\u00e1stica\" class=\"lazyload img-responsive wp-image-13977\" srcset=\"data:image\/svg+xml,%3Csvg%20xmlns%3D%27http%3A%2F%2Fwww.w3.org%2F2000%2Fsvg%27%20width%3D%27736%27%20height%3D%27781%27%20viewBox%3D%270%200%20736%20781%27%3E%3Crect%20width%3D%27736%27%20height%3D%27781%27%20fill-opacity%3D%220%22%2F%3E%3C%2Fsvg%3E\" data-srcset=\"https:\/\/osb.org\/wp-content\/uploads\/2025\/03\/Metten-Ben-and-Schol-200x212.jpg 200w, https:\/\/osb.org\/wp-content\/uploads\/2025\/03\/Metten-Ben-and-Schol-400x424.jpg 400w, https:\/\/osb.org\/wp-content\/uploads\/2025\/03\/Metten-Ben-and-Schol-600x637.jpg 600w, https:\/\/osb.org\/wp-content\/uploads\/2025\/03\/Metten-Ben-and-Schol.jpg 736w\" data-sizes=\"auto\" data-orig-sizes=\"(min-width: 2200px) 100vw, (min-width: 712px) 543px, (min-width: 640px) 712px, \" \/><\/a><\/div><div class=\"awb-imageframe-caption-container\"><div class=\"awb-imageframe-caption\"><h2 class=\"awb-imageframe-caption-title\">La santa conversaci\u00f3n de los santos Benito y Escol\u00e1stica<\/h2><p class=\"awb-imageframe-caption-text\">Archabad\u00eda de Saint Michael, Metten, Alemania<\/p><\/div><\/div><\/div><div style=\"padding:15px;\" class=\"fusion-grid-column fusion-gallery-column fusion-gallery-column-2 hover-type-none awb-imageframe-style awb-imageframe-style-below awb-imageframe-style-1\"><div class=\"fusion-gallery-image\"><a href=\"https:\/\/osb.org\/wp-content\/uploads\/2025\/03\/Saint-Anselm-Eph-5.25.jpg\" rel=\"noreferrer\" data-rel=\"iLightbox[gallery_image_1]\" class=\"fusion-lightbox\" target=\"_self\"><img decoding=\"async\" src=\"https:\/\/osb.org\/wp-content\/uploads\/2025\/03\/Saint-Anselm-Eph-5.25.jpg\" data-orig-src=\"https:\/\/osb.org\/wp-content\/uploads\/2025\/03\/Saint-Anselm-Eph-5.25.jpg\" width=\"533\" height=\"716\" alt=\"\" title=\"Cristo am\u00f3 a la iglesia y se entreg\u00f3 por Ella (Ef 5:25)\" aria-label=\"Cristo am\u00f3 a la iglesia y se entreg\u00f3 por Ella (Ef 5:25)\" class=\"lazyload img-responsive wp-image-13978\" srcset=\"data:image\/svg+xml,%3Csvg%20xmlns%3D%27http%3A%2F%2Fwww.w3.org%2F2000%2Fsvg%27%20width%3D%27533%27%20height%3D%27716%27%20viewBox%3D%270%200%20533%20716%27%3E%3Crect%20width%3D%27533%27%20height%3D%27716%27%20fill-opacity%3D%220%22%2F%3E%3C%2Fsvg%3E\" data-srcset=\"https:\/\/osb.org\/wp-content\/uploads\/2025\/03\/Saint-Anselm-Eph-5.25-200x269.jpg 200w, https:\/\/osb.org\/wp-content\/uploads\/2025\/03\/Saint-Anselm-Eph-5.25-400x537.jpg 400w, https:\/\/osb.org\/wp-content\/uploads\/2025\/03\/Saint-Anselm-Eph-5.25.jpg 533w\" data-sizes=\"auto\" data-orig-sizes=\"(min-width: 2200px) 100vw, (min-width: 712px) 543px, (min-width: 640px) 712px, \" \/><\/a><\/div><div class=\"awb-imageframe-caption-container\"><div class=\"awb-imageframe-caption\"><h2 class=\"awb-imageframe-caption-title\">Cristo am\u00f3 a la iglesia y se entreg\u00f3 por Ella (Ef 5:25)<\/h2><p class=\"awb-imageframe-caption-text\">Iglesia de Saint Anselm, Madisonville, Luisiana, EE. UU.<\/p><\/div><\/div><\/div><div class=\"clearfix\"><\/div><div style=\"padding:15px;\" class=\"fusion-grid-column fusion-gallery-column fusion-gallery-column-2 hover-type-none awb-imageframe-style awb-imageframe-style-below awb-imageframe-style-1\"><div class=\"fusion-gallery-image\"><a href=\"https:\/\/osb.org\/wp-content\/uploads\/2025\/03\/SO-Eternal-Spring.jpg\" rel=\"noreferrer\" data-rel=\"iLightbox[gallery_image_1]\" class=\"fusion-lightbox\" target=\"_self\"><img decoding=\"async\" src=\"https:\/\/osb.org\/wp-content\/uploads\/2025\/03\/SO-Eternal-Spring.jpg\" data-orig-src=\"https:\/\/osb.org\/wp-content\/uploads\/2025\/03\/SO-Eternal-Spring.jpg\" width=\"735\" height=\"558\" alt=\"\" title=\"Primavera eterna (detalle de quasi modo geniti infantes)\" aria-label=\"Primavera eterna (detalle de quasi modo geniti infantes)\" class=\"lazyload img-responsive wp-image-13979\" srcset=\"data:image\/svg+xml,%3Csvg%20xmlns%3D%27http%3A%2F%2Fwww.w3.org%2F2000%2Fsvg%27%20width%3D%27735%27%20height%3D%27558%27%20viewBox%3D%270%200%20735%20558%27%3E%3Crect%20width%3D%27735%27%20height%3D%27558%27%20fill-opacity%3D%220%22%2F%3E%3C%2Fsvg%3E\" data-srcset=\"https:\/\/osb.org\/wp-content\/uploads\/2025\/03\/SO-Eternal-Spring-200x152.jpg 200w, https:\/\/osb.org\/wp-content\/uploads\/2025\/03\/SO-Eternal-Spring-400x304.jpg 400w, https:\/\/osb.org\/wp-content\/uploads\/2025\/03\/SO-Eternal-Spring-600x456.jpg 600w, https:\/\/osb.org\/wp-content\/uploads\/2025\/03\/SO-Eternal-Spring.jpg 735w\" data-sizes=\"auto\" data-orig-sizes=\"(min-width: 2200px) 100vw, (min-width: 712px) 543px, (min-width: 640px) 712px, \" \/><\/a><\/div><div class=\"awb-imageframe-caption-container\"><div class=\"awb-imageframe-caption\"><h2 class=\"awb-imageframe-caption-title\">Primavera eterna (detalle de quasi modo geniti infantes)<\/h2><p class=\"awb-imageframe-caption-text\">Archabad\u00eda de Saint Ottilien, Alemania<\/p><\/div><\/div><\/div><div style=\"padding:15px;\" class=\"fusion-grid-column fusion-gallery-column fusion-gallery-column-2 hover-type-none awb-imageframe-style awb-imageframe-style-below awb-imageframe-style-1\"><div class=\"fusion-gallery-image\"><a href=\"https:\/\/osb.org\/wp-content\/uploads\/2025\/03\/VIII-Hilversum.jpg\" rel=\"noreferrer\" data-rel=\"iLightbox[gallery_image_1]\" class=\"fusion-lightbox\" target=\"_self\"><img decoding=\"async\" src=\"https:\/\/osb.org\/wp-content\/uploads\/2025\/03\/VIII-Hilversum.jpg\" data-orig-src=\"https:\/\/osb.org\/wp-content\/uploads\/2025\/03\/VIII-Hilversum.jpg\" width=\"735\" height=\"740\" alt=\"\" title=\"Jes\u00fas se encuentra con las mujeres de Jerusal\u00e9n (estaci\u00f3n VIII)\" aria-label=\"Jes\u00fas se encuentra con las mujeres de Jerusal\u00e9n (estaci\u00f3n VIII)\" class=\"lazyload img-responsive wp-image-13980\" srcset=\"data:image\/svg+xml,%3Csvg%20xmlns%3D%27http%3A%2F%2Fwww.w3.org%2F2000%2Fsvg%27%20width%3D%27735%27%20height%3D%27740%27%20viewBox%3D%270%200%20735%20740%27%3E%3Crect%20width%3D%27735%27%20height%3D%27740%27%20fill-opacity%3D%220%22%2F%3E%3C%2Fsvg%3E\" data-srcset=\"https:\/\/osb.org\/wp-content\/uploads\/2025\/03\/VIII-Hilversum-200x201.jpg 200w, https:\/\/osb.org\/wp-content\/uploads\/2025\/03\/VIII-Hilversum-400x403.jpg 400w, https:\/\/osb.org\/wp-content\/uploads\/2025\/03\/VIII-Hilversum-600x604.jpg 600w, https:\/\/osb.org\/wp-content\/uploads\/2025\/03\/VIII-Hilversum.jpg 735w\" data-sizes=\"auto\" data-orig-sizes=\"(min-width: 2200px) 100vw, (min-width: 712px) 543px, (min-width: 640px) 712px, \" \/><\/a><\/div><div class=\"awb-imageframe-caption-container\"><div class=\"awb-imageframe-caption\"><h2 class=\"awb-imageframe-caption-title\">Jes\u00fas se encuentra con las mujeres de Jerusal\u00e9n (estaci\u00f3n VIII)<\/h2><p class=\"awb-imageframe-caption-text\">Iglesia de Saint Joseph, Hilversum, Pa\u00edses Bajos | Por Rijksdienst voor het Cultureel Erfgoed, CC BY-SA 4.0, <a href=\"https:\/\/commons.wikimedia.org\/w\/index.php?curid=24012847\" target=\"_blank\">Link<\/a><\/p><\/div><\/div><\/div><div class=\"clearfix\"><\/div><div style=\"padding:15px;\" class=\"fusion-grid-column fusion-gallery-column fusion-gallery-column-2 hover-type-none awb-imageframe-style awb-imageframe-style-below awb-imageframe-style-1\"><div class=\"fusion-gallery-image\"><a href=\"https:\/\/osb.org\/wp-content\/uploads\/2025\/03\/XI-Pontisse-NDBS-scaled.jpeg\" rel=\"noreferrer\" data-rel=\"iLightbox[gallery_image_1]\" class=\"fusion-lightbox\" target=\"_self\"><img decoding=\"async\" src=\"https:\/\/osb.org\/wp-content\/uploads\/2025\/03\/XI-Pontisse-NDBS-scaled.jpeg\" data-orig-src=\"https:\/\/osb.org\/wp-content\/uploads\/2025\/03\/XI-Pontisse-NDBS-scaled.jpeg\" width=\"2560\" height=\"2048\" alt=\"\" title=\"Jes\u00fas es clavado en la cruz (estaci\u00f3n XI)\" aria-label=\"Jes\u00fas es clavado en la cruz (estaci\u00f3n XI)\" class=\"lazyload img-responsive wp-image-13981\" srcset=\"data:image\/svg+xml,%3Csvg%20xmlns%3D%27http%3A%2F%2Fwww.w3.org%2F2000%2Fsvg%27%20width%3D%272560%27%20height%3D%272048%27%20viewBox%3D%270%200%202560%202048%27%3E%3Crect%20width%3D%272560%27%20height%3D%272048%27%20fill-opacity%3D%220%22%2F%3E%3C%2Fsvg%3E\" data-srcset=\"https:\/\/osb.org\/wp-content\/uploads\/2025\/03\/XI-Pontisse-NDBS-200x160.jpeg 200w, https:\/\/osb.org\/wp-content\/uploads\/2025\/03\/XI-Pontisse-NDBS-400x320.jpeg 400w, https:\/\/osb.org\/wp-content\/uploads\/2025\/03\/XI-Pontisse-NDBS-600x480.jpeg 600w, https:\/\/osb.org\/wp-content\/uploads\/2025\/03\/XI-Pontisse-NDBS-800x640.jpeg 800w, https:\/\/osb.org\/wp-content\/uploads\/2025\/03\/XI-Pontisse-NDBS-1200x960.jpeg 1200w, https:\/\/osb.org\/wp-content\/uploads\/2025\/03\/XI-Pontisse-NDBS-scaled.jpeg 2560w\" data-sizes=\"auto\" data-orig-sizes=\"(min-width: 2200px) 100vw, (min-width: 712px) 543px, (min-width: 640px) 712px, \" \/><\/a><\/div><div class=\"awb-imageframe-caption-container\"><div class=\"awb-imageframe-caption\"><h2 class=\"awb-imageframe-caption-title\">Jes\u00fas es clavado en la cruz (estaci\u00f3n XI)<\/h2><p class=\"awb-imageframe-caption-text\">Notre-Dame de Bon-Secours, Pontisse, B\u00e9lgica<\/p><\/div><\/div><\/div><div style=\"padding:15px;\" class=\"fusion-grid-column fusion-gallery-column fusion-gallery-column-2 hover-type-none awb-imageframe-style awb-imageframe-style-below awb-imageframe-style-1\"><div class=\"fusion-gallery-image\"><a href=\"https:\/\/osb.org\/wp-content\/uploads\/2025\/03\/XIV-SR-NOLA-scaled.jpg\" rel=\"noreferrer\" data-rel=\"iLightbox[gallery_image_1]\" class=\"fusion-lightbox\" target=\"_self\"><img decoding=\"async\" src=\"https:\/\/osb.org\/wp-content\/uploads\/2025\/03\/XIV-SR-NOLA-scaled.jpg\" data-orig-src=\"https:\/\/osb.org\/wp-content\/uploads\/2025\/03\/XIV-SR-NOLA-scaled.jpg\" width=\"2560\" height=\"1512\" alt=\"\" title=\"Jes\u00fas es depositado en el sepulcro (estaci\u00f3n XIV)\" aria-label=\"Jes\u00fas es depositado en el sepulcro (estaci\u00f3n XIV)\" class=\"lazyload img-responsive wp-image-13982\" srcset=\"data:image\/svg+xml,%3Csvg%20xmlns%3D%27http%3A%2F%2Fwww.w3.org%2F2000%2Fsvg%27%20width%3D%272560%27%20height%3D%271512%27%20viewBox%3D%270%200%202560%201512%27%3E%3Crect%20width%3D%272560%27%20height%3D%271512%27%20fill-opacity%3D%220%22%2F%3E%3C%2Fsvg%3E\" data-srcset=\"https:\/\/osb.org\/wp-content\/uploads\/2025\/03\/XIV-SR-NOLA-200x118.jpg 200w, https:\/\/osb.org\/wp-content\/uploads\/2025\/03\/XIV-SR-NOLA-400x236.jpg 400w, https:\/\/osb.org\/wp-content\/uploads\/2025\/03\/XIV-SR-NOLA-600x354.jpg 600w, https:\/\/osb.org\/wp-content\/uploads\/2025\/03\/XIV-SR-NOLA-800x473.jpg 800w, https:\/\/osb.org\/wp-content\/uploads\/2025\/03\/XIV-SR-NOLA-1200x709.jpg 1200w, https:\/\/osb.org\/wp-content\/uploads\/2025\/03\/XIV-SR-NOLA-scaled.jpg 2560w\" data-sizes=\"auto\" data-orig-sizes=\"(min-width: 2200px) 100vw, (min-width: 712px) 543px, (min-width: 640px) 712px, \" \/><\/a><\/div><div class=\"awb-imageframe-caption-container\"><div class=\"awb-imageframe-caption\"><h2 class=\"awb-imageframe-caption-title\">Jes\u00fas es depositado en el sepulcro (estaci\u00f3n XIV)<\/h2><p class=\"awb-imageframe-caption-text\">Iglesia de Saint Raphael (ahora renombrada Saint Martin de Porres), Nueva Orleans, Luisiana, EE. UU.: Archivos parroquiales<\/p><\/div><\/div><\/div><div class=\"clearfix\"><\/div><div style=\"padding:15px;\" class=\"fusion-grid-column fusion-gallery-column fusion-gallery-column-2 hover-type-none awb-imageframe-style awb-imageframe-style-below awb-imageframe-style-1\"><div class=\"fusion-gallery-image\"><a href=\"https:\/\/osb.org\/wp-content\/uploads\/2025\/03\/XIV-Straubing.jpg\" rel=\"noreferrer\" data-rel=\"iLightbox[gallery_image_1]\" class=\"fusion-lightbox\" target=\"_self\"><img decoding=\"async\" src=\"https:\/\/osb.org\/wp-content\/uploads\/2025\/03\/XIV-Straubing.jpg\" data-orig-src=\"https:\/\/osb.org\/wp-content\/uploads\/2025\/03\/XIV-Straubing.jpg\" width=\"1572\" height=\"708\" alt=\"\" title=\"Jes\u00fas es depositado en el sepulcro (estaci\u00f3n XIV)\" aria-label=\"Jes\u00fas es depositado en el sepulcro (estaci\u00f3n XIV)\" class=\"lazyload img-responsive wp-image-13983\" srcset=\"data:image\/svg+xml,%3Csvg%20xmlns%3D%27http%3A%2F%2Fwww.w3.org%2F2000%2Fsvg%27%20width%3D%271572%27%20height%3D%27708%27%20viewBox%3D%270%200%201572%20708%27%3E%3Crect%20width%3D%271572%27%20height%3D%27708%27%20fill-opacity%3D%220%22%2F%3E%3C%2Fsvg%3E\" data-srcset=\"https:\/\/osb.org\/wp-content\/uploads\/2025\/03\/XIV-Straubing-200x90.jpg 200w, https:\/\/osb.org\/wp-content\/uploads\/2025\/03\/XIV-Straubing-400x180.jpg 400w, https:\/\/osb.org\/wp-content\/uploads\/2025\/03\/XIV-Straubing-600x270.jpg 600w, https:\/\/osb.org\/wp-content\/uploads\/2025\/03\/XIV-Straubing-800x360.jpg 800w, https:\/\/osb.org\/wp-content\/uploads\/2025\/03\/XIV-Straubing-1200x540.jpg 1200w, https:\/\/osb.org\/wp-content\/uploads\/2025\/03\/XIV-Straubing.jpg 1572w\" data-sizes=\"auto\" data-orig-sizes=\"(min-width: 2200px) 100vw, (min-width: 712px) 543px, (min-width: 640px) 712px, \" \/><\/a><\/div><div class=\"awb-imageframe-caption-container\"><div class=\"awb-imageframe-caption\"><h2 class=\"awb-imageframe-caption-title\">Jes\u00fas es depositado en el sepulcro (estaci\u00f3n XIV)<\/h2><p class=\"awb-imageframe-caption-text\">Ubicaci\u00f3n existente desconocida. Ubicaci\u00f3n original: Iglesia de Saint Joseph, Straubing, Alemania | Archivos de la Archabad\u00eda de Saint Michael <\/p><\/div><\/div><\/div><div style=\"padding:15px;\" class=\"fusion-grid-column fusion-gallery-column fusion-gallery-column-2 hover-type-none awb-imageframe-style awb-imageframe-style-below awb-imageframe-style-1\"><div class=\"fusion-gallery-image\"><a href=\"https:\/\/osb.org\/wp-content\/uploads\/2025\/03\/GdW-Lawrence-ICON_lg.jpeg\" rel=\"noreferrer\" data-rel=\"iLightbox[gallery_image_1]\" class=\"fusion-lightbox\" target=\"_self\"><img decoding=\"async\" src=\"https:\/\/osb.org\/wp-content\/uploads\/2025\/03\/GdW-Lawrence-ICON_lg.jpeg\" data-orig-src=\"https:\/\/osb.org\/wp-content\/uploads\/2025\/03\/GdW-Lawrence-ICON_lg.jpeg\" width=\"989\" height=\"1280\" alt=\"\" title=\"San Lorenzo\" aria-label=\"San Lorenzo\" class=\"lazyload img-responsive wp-image-13984\" srcset=\"data:image\/svg+xml,%3Csvg%20xmlns%3D%27http%3A%2F%2Fwww.w3.org%2F2000%2Fsvg%27%20width%3D%27989%27%20height%3D%271280%27%20viewBox%3D%270%200%20989%201280%27%3E%3Crect%20width%3D%27989%27%20height%3D%271280%27%20fill-opacity%3D%220%22%2F%3E%3C%2Fsvg%3E\" data-srcset=\"https:\/\/osb.org\/wp-content\/uploads\/2025\/03\/GdW-Lawrence-ICON_lg-200x259.jpeg 200w, https:\/\/osb.org\/wp-content\/uploads\/2025\/03\/GdW-Lawrence-ICON_lg-400x518.jpeg 400w, https:\/\/osb.org\/wp-content\/uploads\/2025\/03\/GdW-Lawrence-ICON_lg-600x777.jpeg 600w, https:\/\/osb.org\/wp-content\/uploads\/2025\/03\/GdW-Lawrence-ICON_lg-800x1035.jpeg 800w, https:\/\/osb.org\/wp-content\/uploads\/2025\/03\/GdW-Lawrence-ICON_lg.jpeg 989w\" data-sizes=\"auto\" data-orig-sizes=\"(min-width: 2200px) 100vw, (min-width: 712px) 543px, (min-width: 640px) 712px, \" \/><\/a><\/div><div class=\"awb-imageframe-caption-container\"><div class=\"awb-imageframe-caption\"><h2 class=\"awb-imageframe-caption-title\">San Lorenzo<\/h2><p class=\"awb-imageframe-caption-text\">Parroquia de San Lorenzo, Amberes, B\u00e9lgica<\/p><\/div><\/div><\/div><div class=\"clearfix\"><\/div><\/div><\/div><\/div><\/div><div class=\"fusion-layout-column fusion_builder_column fusion-builder-column-4 fusion_builder_column_1_2 1_2 fusion-flex-column\" style=\"--awb-bg-blend:overlay;--awb-bg-size:cover;--awb-width-large:50%;--awb-margin-top-large:0px;--awb-spacing-right-large:30px;--awb-margin-bottom-large:20px;--awb-spacing-left-large:30px;--awb-width-medium:75%;--awb-order-medium:0;--awb-spacing-right-medium:30px;--awb-spacing-left-medium:30px;--awb-width-small:100%;--awb-order-small:0;--awb-spacing-right-small:30px;--awb-spacing-left-small:30px;\"><div class=\"fusion-column-wrapper fusion-flex-justify-content-flex-start fusion-content-layout-column\"><div class=\"fusion-builder-row fusion-builder-row-inner fusion-row fusion-flex-align-items-flex-start fusion-flex-justify-content-center fusion-flex-content-wrap\" style=\"--awb-flex-grow:0;--awb-flex-grow-medium:0;--awb-flex-grow-small:0;--awb-flex-shrink:0;--awb-flex-shrink-medium:0;--awb-flex-shrink-small:0;width:calc( 100% + 60px ) !important;max-width:calc( 100% + 60px ) !important;margin-left: calc(-60px \/ 2 );margin-right: calc(-60px \/ 2 );\"><div class=\"fusion-layout-column fusion_builder_column_inner fusion-builder-nested-column-0 fusion_builder_column_inner_1_2 1_2 fusion-flex-column fusion-flex-align-self-center\" style=\"--awb-bg-size:cover;--awb-width-large:50%;--awb-margin-top-large:0px;--awb-spacing-right-large:30px;--awb-margin-bottom-large:0px;--awb-spacing-left-large:30px;--awb-width-medium:50%;--awb-order-medium:0;--awb-spacing-right-medium:30px;--awb-spacing-left-medium:30px;--awb-width-small:100%;--awb-order-small:1;--awb-spacing-right-small:30px;--awb-margin-bottom-small:20px;--awb-spacing-left-small:30px;\"><div class=\"fusion-column-wrapper fusion-column-has-shadow fusion-flex-justify-content-center fusion-content-layout-column\"><div class=\"fusion-text fusion-text-3 fusion-text-no-margin\" style=\"--awb-font-size:var(--awb-typography5-font-size);--awb-line-height:var(--awb-typography5-line-height);--awb-letter-spacing:var(--awb-typography5-letter-spacing);--awb-text-transform:var(--awb-typography5-text-transform);--awb-text-color:var(--awb-custom11);--awb-margin-top:0px;--awb-margin-right:0px;--awb-margin-bottom:0px;--awb-margin-left:0px;--awb-text-font-family:var(--awb-typography5-font-family);--awb-text-font-weight:var(--awb-typography5-font-weight);--awb-text-font-style:var(--awb-typography5-font-style);\"><p>24 marzo 2025<\/p>\n<\/div><\/div><\/div><div class=\"fusion-layout-column fusion_builder_column_inner fusion-builder-nested-column-1 fusion_builder_column_inner_1_2 1_2 fusion-flex-column fusion-flex-align-self-center\" style=\"--awb-bg-size:cover;--awb-width-large:50%;--awb-margin-top-large:0px;--awb-spacing-right-large:30px;--awb-margin-bottom-large:0px;--awb-spacing-left-large:30px;--awb-width-medium:50%;--awb-order-medium:0;--awb-spacing-right-medium:30px;--awb-spacing-left-medium:30px;--awb-width-small:100%;--awb-order-small:0;--awb-margin-top-small:0px;--awb-spacing-right-small:30px;--awb-spacing-left-small:30px;\"><div class=\"fusion-column-wrapper fusion-column-has-shadow fusion-flex-justify-content-center fusion-content-layout-column\"><div class=\"fusion-sharing-box fusion-sharing-box-1 boxed-icons\" style=\"background-color:var(--awb-color1);border-color:var(--awb-color1);--awb-margin-top:0px;--awb-margin-right:0px;--awb-margin-bottom:0px;--awb-margin-left:0px;--awb-wrapper-padding-top:0px;--awb-wrapper-padding-right:0px;--awb-wrapper-padding-bottom:0px;--awb-wrapper-padding-left:0px;--awb-padding-top:0px;--awb-padding-right:0px;--awb-padding-bottom:0px;--awb-padding-left:0px;--awb-border-top:0px;--awb-border-right:0px;--awb-border-bottom:0px;--awb-border-left:0px;--awb-icon-size:12px;--awb-separator-border-color:#cccccc;--awb-separator-border-sizes:0px;--awb-stacked-align:flex-end;--awb-layout:row;--awb-alignment-small:flex-end;--awb-stacked-align-small:center;\" data-title=\"Llamamiento a la investigaci\u00f3n mediante micromecenazgo: Dom Gregory de Wit OSB\" data-description=\"Your Content Goes Here \r\n\r\nDom Gregory de Wit, un artista benedictino, dej\u00f3 un legado profundo, aunque a menudo pasado por alto, a trav\u00e9s de sus murales monumentales y obras de arte religioso en Europa y los EE. UU. Una retrospectiva en Alemania en 2025 tiene como objetivo documentar sus contribuciones, y los organizadores buscan informaci\u00f3n\" data-link=\"https:\/\/osb.org\/es\/2025\/03\/24\/llamamiento-a-la-investigacion-mediante-micromecenazgo-dom-gregory-de-wit-osb\/\"><div class=\"fusion-social-networks sharingbox-shortcode-icon-wrapper sharingbox-shortcode-icon-wrapper-1 boxed-icons\"><span><a href=\"https:\/\/www.facebook.com\/sharer.php?u=https%3A%2F%2Fosb.org%2Fes%2F2025%2F03%2F24%2Fllamamiento-a-la-investigacion-mediante-micromecenazgo-dom-gregory-de-wit-osb%2F&amp;t=Llamamiento%20a%20la%20investigaci%C3%B3n%20mediante%20micromecenazgo%3A%20Dom%20Gregory%20de%20Wit%20OSB\" target=\"_blank\" rel=\"noreferrer\" title=\"Facebook\" aria-label=\"Facebook\"><i class=\"fusion-social-network-icon fusion-tooltip fusion-facebook awb-icon-facebook\" style=\"color:var(--awb-custom11);background-color:#e8e8e8;border-color:#e8e8e8;border-radius:50%;\" aria-hidden=\"true\"><\/i><\/a><\/span><span><a href=\"https:\/\/x.com\/intent\/post?text=Llamamiento%20a%20la%20investigaci%C3%B3n%20mediante%20micromecenazgo%3A%20Dom%20Gregory%20de%20Wit%20OSB&amp;url=https%3A%2F%2Fosb.org%2Fes%2F2025%2F03%2F24%2Fllamamiento-a-la-investigacion-mediante-micromecenazgo-dom-gregory-de-wit-osb%2F\" target=\"_blank\" rel=\"noopener noreferrer\" title=\"X\" aria-label=\"X\"><i class=\"fusion-social-network-icon fusion-tooltip fusion-twitter awb-icon-twitter\" style=\"color:var(--awb-custom11);background-color:#e8e8e8;border-color:#e8e8e8;border-radius:50%;\" aria-hidden=\"true\"><\/i><\/a><\/span><span><a href=\"https:\/\/api.whatsapp.com\/send?text=https%3A%2F%2Fosb.org%2Fes%2F2025%2F03%2F24%2Fllamamiento-a-la-investigacion-mediante-micromecenazgo-dom-gregory-de-wit-osb%2F\" target=\"_blank\" rel=\"noopener noreferrer\" title=\"WhatsApp\" aria-label=\"WhatsApp\"><i class=\"fusion-social-network-icon fusion-tooltip fusion-whatsapp awb-icon-whatsapp\" style=\"color:var(--awb-custom11);background-color:#e8e8e8;border-color:#e8e8e8;border-radius:50%;\" aria-hidden=\"true\"><\/i><\/a><\/span><span><a href=\"mailto:?subject=Llamamiento%20a%20la%20investigaci%C3%B3n%20mediante%20micromecenazgo%3A%20Dom%20Gregory%20de%20Wit%20OSB&amp;body=https%3A%2F%2Fosb.org%2Fes%2F2025%2F03%2F24%2Fllamamiento-a-la-investigacion-mediante-micromecenazgo-dom-gregory-de-wit-osb%2F\" target=\"_self\" title=\"Email\" aria-label=\"Email\"><i class=\"fusion-social-network-icon fusion-tooltip fusion-mail awb-icon-mail\" style=\"color:var(--awb-custom11);background-color:#e8e8e8;border-color:#e8e8e8;border-radius:50%;\" aria-hidden=\"true\"><\/i><\/a><\/span><\/div><\/div><\/div><\/div><\/div><div class=\"fusion-text fusion-text-4\" style=\"--awb-margin-top:10px;\"><p>por Edward Begnaud<br \/>\ngregorydewit.info@gmail.com<\/p>\n<p>El influyente papel que han desempe\u00f1ado los benedictinos en todos los aspectos de la vida de la Iglesia es incuestionable. En la larga lista de figuras significativas que lideran el camino, muchos otros de \u201cbuen celo\u201d (RB 72:1) son pasados por alto. Si las silenciosas paredes del claustro pudieran hablar, mucho se aprender\u00eda de los descendientes de Benito que nunca se hicieron famosos. Uno de esos monjes, que de hecho titul\u00f3 sus memorias \u201cNunca ser\u00e9 famoso\u201d, fue el artista Dom Gregory de Wit (Hilversum, Pa\u00edses Bajos 1892 \u2014 Oberems, Suiza 1979; profeso, Abad\u00eda de Mont C\u00e9sar (Keizersberg), Lovaina, B\u00e9lgica, 1915). A trav\u00e9s de sus manos, las paredes no solo aprendieron a hablar, sino que fueron animadas para proclamar el Evangelio de generaci\u00f3n en generaci\u00f3n.    <\/p>\n<p>Las personas en los Estados Unidos que han llegado a conocer la obra de de Wit probablemente encontraron por primera vez sus murales monumentales en uno de una breve lista de lugares: <a href=\"https:\/\/www.saintmeinrad.org\/\" target=\"_blank\" rel=\"noopener\">Abad\u00eda de Saint Meinrad<\/a>, Saint Meinrad, Indiana; <a href=\"https:\/\/sacredheartbr.org\/\" target=\"_blank\" rel=\"noopener\">Iglesia Cat\u00f3lica del Sagrado Coraz\u00f3n<\/a>, Baton Rouge, Luisiana; <a href=\"https:\/\/www.saintjosephabbey.com\/\" target=\"_blank\" rel=\"noopener\">Abad\u00eda de Saint Joseph<\/a>, Saint Benedict, Luisiana; o <a href=\"https:\/\/www.saintbrigidparish.org\/\" target=\"_blank\" rel=\"noopener\">Iglesia Cat\u00f3lica de Saint Brigid<\/a>, San Diego, California. Aquellos en Europa tienen una lista considerablemente m\u00e1s corta de la cual extraer. Desde la conversi\u00f3n de la Iglesia de Saint Joseph en Hilversum, Pa\u00edses Bajos, en apartamentos, los lugares m\u00e1s significativos con arte <em>in situ<\/em> son: el refectorio mon\u00e1stico en <a href=\"https:\/\/en.wikipedia.org\/wiki\/Metten_Abbey\" target=\"_blank\" rel=\"noopener\">Saint Michael<\/a>, Metten, Alemania; Notre Dame de Bon Secours, Pontisse, B\u00e9lgica y; los raros mosaicos en Saint Lawrence, Amberes, B\u00e9lgica.  <\/p>\n<p>El celo que de Wit ten\u00eda por crear arte para magnificar al Se\u00f1or fue superado solo por su preocupaci\u00f3n por buscar verdaderamente a Dios (RB 58:7). La preferencia combinada result\u00f3 en un cenobita que vivi\u00f3 sus a\u00f1os m\u00e1s productivos como un sarraba\u00edta girosc\u00f3pico. Su amor por las paredes lo llev\u00f3 mucho m\u00e1s all\u00e1 del claustro. \u201cSi veo una pared\u201d, le dijo una vez de Wit al San Francisco Examiner, \u201csalto sobre ella para pintarla con frescos. A menudo rezo: 'Por favor, dame paredes'\u201d (26 de marzo de 1941, 6). Como de costumbre, la respuesta deseada desde lo alto no ocurri\u00f3 tan a menudo como el artista hizo la solicitud. Para protegerse contra la acedia que a menudo acompa\u00f1a a los per\u00edodos de sequ\u00eda, de Wit crear\u00eda obras m\u00f3viles m\u00e1s peque\u00f1as. Incluso esas a veces ser\u00edan de tal escala que ser\u00eda una mera tecnicidad no designarlas murales. Un excelente ejemplo es la extensa obra de quince paneles, Quasi modo geniti infantes, creada para <a href=\"https:\/\/erzabtei.de\/\" target=\"_blank\" rel=\"noopener\">Abad\u00eda de Saint Ottilien<\/a>, Emming, Alemania en 1929. Esa extensa representaci\u00f3n de la Primavera Eterna servir\u00e1 como la pieza central de una exposici\u00f3n de los a\u00f1os b\u00e1varos de de Wit.        <\/p>\n<p>Programada para inaugurarse el 30 de noviembre de 2025, Oculto con Cristo en Dios: la vida y el arte de Dom Gregory de Wit, ser\u00e1 la primera retrospectiva del artista en toda Europa. Una exposici\u00f3n similar fue montada en los Estados Unidos por la Saint Tammany Art Association en Covington, Luisiana, del 7 de diciembre de 2019 al 25 de enero de 2020. Comisariada por Jaclyn Warren, la exposici\u00f3n se limit\u00f3 a obras del \u00e1rea local. Aunque no se public\u00f3 un cat\u00e1logo para la exposici\u00f3n, se mont\u00f3 como una especie de secuela del primer documental sobre de Wit, <em>Hand of the Master: The Art and Life of Dom Gregory de Wit<\/em> (Stella Maris Films), creado por David Warren en 2018.   <\/p>\n<p>Con la log\u00edstica de reunir una representaci\u00f3n internacional de obras para una retrospectiva en Saint Ottilien m\u00e1s all\u00e1 de las expectativas realistas, el curador, el P. Cyrill Sch\u00e4fer OSB, decidi\u00f3 limitar la exposici\u00f3n a obras del monasterio anfitri\u00f3n y la vecina Archabad\u00eda de Saint Michael, Metten. Ambas comunidades desempe\u00f1aron papeles clave en la iniciaci\u00f3n de Dom Gregory en el mundo del arte eclesial durante los a\u00f1os de entreguerras del siglo XX. La exposici\u00f3n se compondr\u00e1 solo de obras de ese per\u00edodo. Afortunadamente, incluso esa limitaci\u00f3n proporciona un amplio material para una colecci\u00f3n interesante.    <\/p>\n<p>Si bien la retrospectiva de la edici\u00f3n alemana del corpus de de Wit est\u00e1, como la colecci\u00f3n de Luisiana, limitada a un tiempo y regi\u00f3n espec\u00edficos, el curador deseaba un enfoque m\u00e1s integral. El cat\u00e1logo que ser\u00e1 publicado para la exposici\u00f3n por EOS Editions Sankt Ottilien pondr\u00e1 a disposici\u00f3n, por primera vez, una extensa biograf\u00eda del artista junto con una colecci\u00f3n de arte sin fronteras de toda la carrera de de Wit. Aunque est\u00e1 siendo escrito por una persona, ser\u00e1 la culminaci\u00f3n del trabajo de varias personas a lo largo de muchos a\u00f1os. Para ayudar a que el proyecto sea lo m\u00e1s completo posible, se espera que otros se unan al n\u00famero como contribuyentes virtuales a trav\u00e9s de este llamamiento de micromecenazgo para obtener informaci\u00f3n.   <\/p>\n<p>Como es cierto incluso cuando se investigan figuras hist\u00f3ricas bien conocidas, se encuentra informaci\u00f3n sorprendente entre archivos polvorientos olvidados, perdidos incluso para los archivistas m\u00e1s diligentes. Cu\u00e1nto m\u00e1s cierto es esto de aquellos que quiz\u00e1s nunca sean famosos. A lo largo de sus 35 a\u00f1os de inter\u00e9s en de Wit, el autor del pr\u00f3ximo cat\u00e1logo, Edward Begnaud, junto con la ayuda de demasiados para ser contados aqu\u00ed, ha experimentado lo mismo. Dado que los embolismos del tiempo afectan a lo desconocido a\u00fan m\u00e1s que a lo conocido, la probabilidad de fragmentos f\u00edsicos perdidos o fragmentos olvidados de recuerdos es mucho mayor. Los organizadores de la pr\u00f3xima exposici\u00f3n de de Wit, por lo tanto, desean hacer un llamamiento a los lectores de NEXUS para obtener informaci\u00f3n sobre el artista y su arte. Que haya obras en colecciones privadas desconocidas para cualquier persona que no sea el propietario es muy plausible. Los registros de encuentros con el monje perico\u00e9tico seguramente existen en los anales mon\u00e1sticos y la historia oral familiar. Una muestra de algunos puntos de investigaci\u00f3n espec\u00edficos no resueltos se incluye en la siguiente lista.       <\/p>\n<ul>\n<li>Se cree que de Wit pudo haber trabajado para Saint John the Baptist en Oostende y Saint Nickolas en Ypres, B\u00e9lgica, pero no se puede encontrar ninguna prueba de ninguno de los dos.<\/li>\n<li>El artista menciona en sus memorias que fue a Tounai, B\u00e9lgica, por trabajo, pero no proporciona detalles.<\/li>\n<li>Se sabe que de Wit pas\u00f3 alg\u00fan tiempo en la Abad\u00eda de Maria Laach, Alemania, y al menos unos d\u00edas en la Abad\u00eda de Maredsous, B\u00e9lgica. No se sabe si dej\u00f3 alg\u00fan arte en ninguno de los monasterios como sol\u00eda hacer cuando visitaba otros lugares. <\/li>\n<li>Adem\u00e1s de los dos mosaicos dise\u00f1ados por de Wit en Saint Laurence, Amberes, hay un icono muy tradicional, aunque moderno, del santo patronal. La historia oral de la parroquia se lo atribuye a Dom Gregory. No se incluye una firma; ni hay ninguna documentaci\u00f3n escrita que respalde la afirmaci\u00f3n. Estil\u00edsticamente, hay indicios de la mano de de Wit. La documentaci\u00f3n que respalde la autor\u00eda de de Wit ser\u00eda valiosa.    <\/li>\n<li>Se conocen muy pocas obras existentes de los a\u00f1os que de Wit pas\u00f3 como ermita\u00f1o en Oberems, Suiza, desde c. 1955 hasta su muerte en 1978. Cualquier posible pista sobre el trabajo de esos a\u00f1os finales ser\u00eda extremadamente valiosa.  <\/li>\n<\/ul>\n<p>Cualquier informaci\u00f3n que conduzca a la resoluci\u00f3n de estas consultas es muy apreciada.<\/p>\n<p>Una experiencia de investigaci\u00f3n hace que los organizadores sean optimistas de que el micromecenazgo es una gran ayuda para su trabajo. Despu\u00e9s de localizar fotograf\u00edas de un hasta ahora desconocido \u201cV\u00eda Crucis\u201d creado en 1931\/32, el P. Cyrill pudo establecer que fueron encargadas por la Iglesia de Saint Joseph en Straubing, Alemania. Desafortunadamente, no hay registro de lo que sucedi\u00f3 con el conjunto.   <\/p>\n<p>Se espera que este llamamiento se sume al registro de informaci\u00f3n sobre de Wit o tal vez a la recuperaci\u00f3n de algo perdido. Al final, es posible que de Wit a\u00fan no alcance la estatura de famoso, pero en el proceso, su buen celo servir\u00e1 a m\u00e1s generaciones que verdaderamente buscan a Dios. <\/p>\n<p>La informaci\u00f3n puede enviarse por correo electr\u00f3nico a: GregorydeWit.info@gmail.com.<\/p>\n<\/div><\/div><\/div><\/div><\/div><\/p>\n","protected":false},"excerpt":{"rendered":"<p>Dom Gregory de Wit, un artista benedictino, dej\u00f3 un legado profundo, aunque a menudo pasado por alto, a trav\u00e9s de sus murales monumentales y obras de arte religioso en Europa y los EE. UU. Una retrospectiva en Alemania en 2025 tiene como objetivo documentar sus contribuciones, y los organizadores buscan informaci\u00f3n adicional sobre sus obras menos conocidas. Galer\u00eda, historia e informaci\u00f3n de contacto aqu\u00ed.  <\/p>\n","protected":false},"author":1,"featured_media":13972,"comment_status":"closed","ping_status":"closed","sticky":false,"template":"","format":"standard","meta":{"footnotes":""},"categories":[186,191],"tags":[239,370],"class_list":["post-13971","post","type-post","status-publish","format-standard","has-post-thumbnail","hentry","category-nexus-es","category-noticias-es","tag-nexus-abril-2025-es","tag-nexus-informe-mundial-benedictino-es"],"cc_featured_image_caption":{"caption_text":false,"source_text":false,"source_url":false},"_links":{"self":[{"href":"https:\/\/osb.org\/es\/wp-json\/wp\/v2\/posts\/13971","targetHints":{"allow":["GET"]}}],"collection":[{"href":"https:\/\/osb.org\/es\/wp-json\/wp\/v2\/posts"}],"about":[{"href":"https:\/\/osb.org\/es\/wp-json\/wp\/v2\/types\/post"}],"author":[{"embeddable":true,"href":"https:\/\/osb.org\/es\/wp-json\/wp\/v2\/users\/1"}],"replies":[{"embeddable":true,"href":"https:\/\/osb.org\/es\/wp-json\/wp\/v2\/comments?post=13971"}],"version-history":[{"count":0,"href":"https:\/\/osb.org\/es\/wp-json\/wp\/v2\/posts\/13971\/revisions"}],"wp:featuredmedia":[{"embeddable":true,"href":"https:\/\/osb.org\/es\/wp-json\/wp\/v2\/media\/13972"}],"wp:attachment":[{"href":"https:\/\/osb.org\/es\/wp-json\/wp\/v2\/media?parent=13971"}],"wp:term":[{"taxonomy":"category","embeddable":true,"href":"https:\/\/osb.org\/es\/wp-json\/wp\/v2\/categories?post=13971"},{"taxonomy":"post_tag","embeddable":true,"href":"https:\/\/osb.org\/es\/wp-json\/wp\/v2\/tags?post=13971"}],"curies":[{"name":"wp","href":"https:\/\/api.w.org\/{rel}","templated":true}]}}