{"id":13896,"date":"2025-05-29T11:23:40","date_gmt":"2025-05-29T09:23:40","guid":{"rendered":"https:\/\/osb.org\/2025\/05\/29\/los-desafios-de-los-cistercienses-de-la-estricta-observancia-en-2024\/"},"modified":"2025-09-19T22:26:39","modified_gmt":"2025-09-19T20:26:39","slug":"los-desafios-de-los-cistercienses-de-la-estricta-observancia-en-2024","status":"publish","type":"post","link":"https:\/\/osb.org\/es\/2025\/05\/29\/los-desafios-de-los-cistercienses-de-la-estricta-observancia-en-2024\/","title":{"rendered":"Los desaf\u00edos de los Cistercienses de la Estricta Observancia en 2024"},"content":{"rendered":"<p><div class=\"fusion-fullwidth fullwidth-box fusion-builder-row-1 fusion-flex-container has-pattern-background has-mask-background hundred-percent-fullwidth non-hundred-percent-height-scrolling\" style=\"--awb-border-sizes-bottom:1px;--awb-border-color:var(--awb-custom11);--awb-border-radius-top-left:0px;--awb-border-radius-top-right:0px;--awb-border-radius-bottom-right:0px;--awb-border-radius-bottom-left:0px;--awb-padding-right:60px;--awb-padding-bottom:20px;--awb-padding-left:60px;--awb-padding-right-small:30px;--awb-padding-left-small:30px;--awb-margin-top-medium:1px;--awb-margin-top-small:0px;--awb-flex-wrap:wrap;\" ><div class=\"fusion-builder-row fusion-row fusion-flex-align-items-center fusion-flex-justify-content-flex-end fusion-flex-content-wrap\" style=\"width:calc( 100% + 60px ) !important;max-width:calc( 100% + 60px ) !important;margin-left: calc(-60px \/ 2 );margin-right: calc(-60px \/ 2 );\"><div class=\"fusion-layout-column fusion_builder_column fusion-builder-column-0 fusion_builder_column_1_2 1_2 fusion-flex-column\" style=\"--awb-padding-right:60px;--awb-padding-left:60px;--awb-padding-right-small:0px;--awb-padding-left-small:0px;--awb-bg-size:cover;--awb-width-large:50%;--awb-margin-top-large:0px;--awb-spacing-right-large:30px;--awb-margin-bottom-large:20px;--awb-spacing-left-large:30px;--awb-width-medium:100%;--awb-order-medium:0;--awb-margin-top-medium:20px;--awb-spacing-right-medium:30px;--awb-margin-bottom-medium:0px;--awb-spacing-left-medium:30px;--awb-width-small:100%;--awb-order-small:0;--awb-spacing-right-small:30px;--awb-spacing-left-small:30px;\"><div class=\"fusion-column-wrapper fusion-column-has-shadow fusion-flex-justify-content-flex-start fusion-content-layout-column\"><div class=\"fusion-title title fusion-title-1 fusion-sep-none fusion-title-text fusion-title-size-one\" style=\"--awb-text-color:var(--awb-custom13);--awb-margin-top-small:0px;--awb-margin-right-small:0px;--awb-margin-bottom-small:20px;--awb-margin-left-small:0px;--awb-font-size:40px;\"><h1 class=\"fusion-title-heading title-heading-left md-text-align-center fusion-responsive-typography-calculated\" style=\"font-family:var(--awb-typography1-font-family);font-weight:var(--awb-typography1-font-weight);font-style:var(--awb-typography1-font-style);margin:0;letter-spacing:var(--awb-typography1-letter-spacing);text-transform:var(--awb-typography1-text-transform);font-size:1em;--fontSize:40;line-height:var(--awb-typography1-line-height);\">Los desaf\u00edos de los Cistercienses de la Estricta Observancia en 2024<\/h1><\/div><div class=\"fusion-text fusion-text-1 fusion-no-small-visibility fusion-no-medium-visibility\" style=\"--awb-font-size:var(--awb-typography3-font-size);--awb-line-height:var(--awb-typography3-line-height);--awb-letter-spacing:var(--awb-typography3-letter-spacing);--awb-text-transform:var(--awb-typography3-text-transform);--awb-text-color:var(--awb-custom12);--awb-text-font-family:var(--awb-typography3-font-family);--awb-text-font-weight:var(--awb-typography3-font-weight);--awb-text-font-style:var(--awb-typography3-font-style);\"><p>En el Congreso de Abades de 2024, el Abad General Bernardus Peeters subray\u00f3 la necesidad urgente de renovar la identidad contemplativa cisterciense ante los desaf\u00edos mundiales. Al enfatizar comuni\u00f3n, participaci\u00f3n, misi\u00f3n y formaci\u00f3n, llam\u00f3 a una unidad m\u00e1s profunda, a la responsabilidad ecol\u00f3gica y a un liderazgo inclusivo enraizado en Cristo. <\/p>\n<\/div><\/div><\/div><div class=\"fusion-layout-column fusion_builder_column fusion-builder-column-1 fusion_builder_column_1_2 1_2 fusion-flex-column\" style=\"--awb-bg-size:cover;--awb-width-large:50%;--awb-margin-top-large:0px;--awb-spacing-right-large:30px;--awb-margin-bottom-large:0px;--awb-spacing-left-large:30px;--awb-width-medium:100%;--awb-order-medium:0;--awb-spacing-right-medium:30px;--awb-spacing-left-medium:30px;--awb-width-small:100%;--awb-order-small:0;--awb-spacing-right-small:30px;--awb-spacing-left-small:30px;\"><div class=\"fusion-column-wrapper fusion-column-has-shadow fusion-flex-justify-content-flex-start fusion-content-layout-column\"><div class=\"fusion-image-element \" style=\"--awb-caption-title-font-family:var(--h2_typography-font-family);--awb-caption-title-font-weight:var(--h2_typography-font-weight);--awb-caption-title-font-style:var(--h2_typography-font-style);--awb-caption-title-size:var(--h2_typography-font-size);--awb-caption-title-transform:var(--h2_typography-text-transform);--awb-caption-title-line-height:var(--h2_typography-line-height);--awb-caption-title-letter-spacing:var(--h2_typography-letter-spacing);\"><span class=\" fusion-imageframe imageframe-none imageframe-1 hover-type-none\" style=\"border:1px solid var(--awb-custom10);\"><a href=\"https:\/\/osb.org\/wp-content\/uploads\/2025\/05\/DSC_9231.jpg\" class=\"fusion-lightbox\" data-rel=\"iLightbox[c8b2a8279f536d80b14]\" data-title=\"DSC_9231\" title=\"DSC_9231\"><img decoding=\"async\" width=\"1282\" height=\"1920\" src=\"https:\/\/osb.org\/wp-content\/uploads\/2025\/05\/DSC_9231.jpg\" data-orig-src=\"https:\/\/osb.org\/wp-content\/uploads\/2025\/05\/DSC_9231.jpg\" alt class=\"lazyload img-responsive wp-image-13897\" srcset=\"data:image\/svg+xml,%3Csvg%20xmlns%3D%27http%3A%2F%2Fwww.w3.org%2F2000%2Fsvg%27%20width%3D%271282%27%20height%3D%271920%27%20viewBox%3D%270%200%201282%201920%27%3E%3Crect%20width%3D%271282%27%20height%3D%271920%27%20fill-opacity%3D%220%22%2F%3E%3C%2Fsvg%3E\" data-srcset=\"https:\/\/osb.org\/wp-content\/uploads\/2025\/05\/DSC_9231-200x300.jpg 200w, https:\/\/osb.org\/wp-content\/uploads\/2025\/05\/DSC_9231-400x599.jpg 400w, https:\/\/osb.org\/wp-content\/uploads\/2025\/05\/DSC_9231-600x899.jpg 600w, https:\/\/osb.org\/wp-content\/uploads\/2025\/05\/DSC_9231-800x1198.jpg 800w, https:\/\/osb.org\/wp-content\/uploads\/2025\/05\/DSC_9231-1200x1797.jpg 1200w, https:\/\/osb.org\/wp-content\/uploads\/2025\/05\/DSC_9231.jpg 1282w\" data-sizes=\"auto\" data-orig-sizes=\"(max-width: 1024px) 100vw, (max-width: 640px) 100vw, 600px\" \/><\/a><\/span><\/div><div class=\"fusion-text fusion-text-2 fusion-text-no-margin\" style=\"--awb-font-size:var(--awb-typography5-font-size);--awb-line-height:var(--awb-typography5-line-height);--awb-letter-spacing:var(--awb-typography5-letter-spacing);--awb-text-transform:var(--awb-typography5-text-transform);--awb-text-color:var(--awb-custom11);--awb-margin-top:12px;--awb-margin-bottom:12px;--awb-text-font-family:var(--awb-typography5-font-family);--awb-text-font-weight:var(--awb-typography5-font-weight);--awb-text-font-style:var(--awb-typography5-font-style);\"><\/div><\/div><\/div><div class=\"fusion-layout-column fusion_builder_column fusion-builder-column-2 fusion_builder_column_1_2 1_2 fusion-flex-column\" style=\"--awb-bg-size:cover;--awb-width-large:50%;--awb-margin-top-large:0px;--awb-spacing-right-large:30px;--awb-margin-bottom-large:0px;--awb-spacing-left-large:30px;--awb-width-medium:100%;--awb-order-medium:0;--awb-spacing-right-medium:30px;--awb-spacing-left-medium:30px;--awb-width-small:100%;--awb-order-small:0;--awb-spacing-right-small:30px;--awb-spacing-left-small:30px;\"><div class=\"fusion-column-wrapper fusion-column-has-shadow fusion-flex-justify-content-flex-start fusion-content-layout-column\"><div class=\"fusion-separator fusion-full-width-sep\" style=\"align-self: center;margin-left: auto;margin-right: auto;width:100%;\"><div class=\"fusion-separator-border sep-single sep-solid\" style=\"--awb-height:20px;--awb-amount:20px;--awb-sep-color:var(--awb-color4);border-color:var(--awb-color4);border-top-width:3px;\"><\/div><\/div><\/div><\/div><\/div><\/div><div class=\"fusion-fullwidth fullwidth-box fusion-builder-row-2 fusion-flex-container has-pattern-background has-mask-background hundred-percent-fullwidth non-hundred-percent-height-scrolling\" style=\"--awb-border-radius-top-left:0px;--awb-border-radius-top-right:0px;--awb-border-radius-bottom-right:0px;--awb-border-radius-bottom-left:0px;--awb-padding-right:60px;--awb-padding-left:60px;--awb-padding-right-medium:60px;--awb-padding-left-medium:60px;--awb-padding-right-small:30px;--awb-padding-left-small:30px;--awb-margin-top:30px;--awb-margin-top-small:0px;--awb-flex-wrap:wrap;\" ><div class=\"fusion-builder-row fusion-row fusion-flex-align-items-flex-start fusion-flex-justify-content-center fusion-flex-content-wrap\" style=\"width:calc( 100% + 60px ) !important;max-width:calc( 100% + 60px ) !important;margin-left: calc(-60px \/ 2 );margin-right: calc(-60px \/ 2 );\"><div class=\"fusion-layout-column fusion_builder_column fusion-builder-column-3 fusion_builder_column_2_5 2_5 fusion-flex-column\" style=\"--awb-bg-blend:overlay;--awb-bg-size:cover;--awb-width-large:40%;--awb-margin-top-large:0px;--awb-spacing-right-large:30px;--awb-margin-bottom-large:20px;--awb-spacing-left-large:30px;--awb-width-medium:75%;--awb-order-medium:0;--awb-spacing-right-medium:30px;--awb-spacing-left-medium:30px;--awb-width-small:100%;--awb-order-small:0;--awb-spacing-right-small:30px;--awb-spacing-left-small:30px;\"><div class=\"fusion-column-wrapper fusion-flex-justify-content-flex-start fusion-content-layout-column\"><div class=\"fusion-builder-row fusion-builder-row-inner fusion-row fusion-flex-align-items-flex-start fusion-flex-justify-content-center fusion-flex-content-wrap\" style=\"--awb-flex-grow:0;--awb-flex-grow-medium:0;--awb-flex-grow-small:0;--awb-flex-shrink:0;--awb-flex-shrink-medium:0;--awb-flex-shrink-small:0;width:calc( 100% + 60px ) !important;max-width:calc( 100% + 60px ) !important;margin-left: calc(-60px \/ 2 );margin-right: calc(-60px \/ 2 );\"><div class=\"fusion-layout-column fusion_builder_column_inner fusion-builder-nested-column-0 fusion_builder_column_inner_1_2 1_2 fusion-flex-column fusion-flex-align-self-center\" style=\"--awb-bg-size:cover;--awb-width-large:50%;--awb-margin-top-large:0px;--awb-spacing-right-large:30px;--awb-margin-bottom-large:0px;--awb-spacing-left-large:30px;--awb-width-medium:50%;--awb-order-medium:0;--awb-spacing-right-medium:30px;--awb-spacing-left-medium:30px;--awb-width-small:100%;--awb-order-small:1;--awb-spacing-right-small:30px;--awb-margin-bottom-small:20px;--awb-spacing-left-small:30px;\"><div class=\"fusion-column-wrapper fusion-column-has-shadow fusion-flex-justify-content-center fusion-content-layout-column\"><div class=\"fusion-text fusion-text-3 fusion-text-no-margin\" style=\"--awb-font-size:var(--awb-typography5-font-size);--awb-line-height:var(--awb-typography5-line-height);--awb-letter-spacing:var(--awb-typography5-letter-spacing);--awb-text-transform:var(--awb-typography5-text-transform);--awb-text-color:var(--awb-custom11);--awb-margin-top:0px;--awb-margin-right:0px;--awb-margin-bottom:0px;--awb-margin-left:0px;--awb-text-font-family:var(--awb-typography5-font-family);--awb-text-font-weight:var(--awb-typography5-font-weight);--awb-text-font-style:var(--awb-typography5-font-style);\"><p>29 mayo 2025<\/p>\n<\/div><\/div><\/div><div class=\"fusion-layout-column fusion_builder_column_inner fusion-builder-nested-column-1 fusion_builder_column_inner_1_2 1_2 fusion-flex-column fusion-flex-align-self-center\" style=\"--awb-bg-size:cover;--awb-width-large:50%;--awb-margin-top-large:0px;--awb-spacing-right-large:30px;--awb-margin-bottom-large:0px;--awb-spacing-left-large:30px;--awb-width-medium:50%;--awb-order-medium:0;--awb-spacing-right-medium:30px;--awb-spacing-left-medium:30px;--awb-width-small:100%;--awb-order-small:0;--awb-margin-top-small:0px;--awb-spacing-right-small:30px;--awb-spacing-left-small:30px;\"><div class=\"fusion-column-wrapper fusion-column-has-shadow fusion-flex-justify-content-center fusion-content-layout-column\"><div class=\"fusion-sharing-box fusion-sharing-box-1 boxed-icons\" style=\"background-color:var(--awb-color1);border-color:var(--awb-color1);--awb-margin-top:0px;--awb-margin-right:0px;--awb-margin-bottom:0px;--awb-margin-left:0px;--awb-wrapper-padding-top:0px;--awb-wrapper-padding-right:0px;--awb-wrapper-padding-bottom:0px;--awb-wrapper-padding-left:0px;--awb-padding-top:0px;--awb-padding-right:0px;--awb-padding-bottom:0px;--awb-padding-left:0px;--awb-border-top:0px;--awb-border-right:0px;--awb-border-bottom:0px;--awb-border-left:0px;--awb-icon-size:12px;--awb-separator-border-color:#cccccc;--awb-separator-border-sizes:0px;--awb-stacked-align:flex-end;--awb-layout:row;--awb-alignment-small:flex-end;--awb-stacked-align-small:center;\" data-title=\"Los desaf\u00edos de los Cistercienses de la Estricta Observancia en 2024\" data-description=\"Your Content Goes Here       Conferencia principalBernardus Peeters, OCSO13 de septiembre de 2024Querido Dom Gregory, queridos hermanos y hermanas:\u00a1En medio de los tres Superiores Generales de la familia benedictina, yo soy, y me siento como el benjam\u00edn rodeado permanentemente del cuidado y cari\u00f1o\" data-link=\"https:\/\/osb.org\/es\/2025\/05\/29\/los-desafios-de-los-cistercienses-de-la-estricta-observancia-en-2024\/\"><div class=\"fusion-social-networks sharingbox-shortcode-icon-wrapper sharingbox-shortcode-icon-wrapper-1 boxed-icons\"><span><a href=\"https:\/\/www.facebook.com\/sharer.php?u=https%3A%2F%2Fosb.org%2Fes%2F2025%2F05%2F29%2Flos-desafios-de-los-cistercienses-de-la-estricta-observancia-en-2024%2F&amp;t=Los%20desaf%C3%ADos%20de%20los%20Cistercienses%20de%20la%20Estricta%20Observancia%20en%202024\" target=\"_blank\" rel=\"noreferrer\" title=\"Facebook\" aria-label=\"Facebook\"><i class=\"fusion-social-network-icon fusion-tooltip fusion-facebook awb-icon-facebook\" style=\"color:var(--awb-custom11);background-color:#e8e8e8;border-color:#e8e8e8;border-radius:50%;\" aria-hidden=\"true\"><\/i><\/a><\/span><span><a href=\"https:\/\/x.com\/intent\/post?text=Los%20desaf%C3%ADos%20de%20los%20Cistercienses%20de%20la%20Estricta%20Observancia%20en%202024&amp;url=https%3A%2F%2Fosb.org%2Fes%2F2025%2F05%2F29%2Flos-desafios-de-los-cistercienses-de-la-estricta-observancia-en-2024%2F\" target=\"_blank\" rel=\"noopener noreferrer\" title=\"X\" aria-label=\"X\"><i class=\"fusion-social-network-icon fusion-tooltip fusion-twitter awb-icon-twitter\" style=\"color:var(--awb-custom11);background-color:#e8e8e8;border-color:#e8e8e8;border-radius:50%;\" aria-hidden=\"true\"><\/i><\/a><\/span><span><a href=\"https:\/\/api.whatsapp.com\/send?text=https%3A%2F%2Fosb.org%2Fes%2F2025%2F05%2F29%2Flos-desafios-de-los-cistercienses-de-la-estricta-observancia-en-2024%2F\" target=\"_blank\" rel=\"noopener noreferrer\" title=\"WhatsApp\" aria-label=\"WhatsApp\"><i class=\"fusion-social-network-icon fusion-tooltip fusion-whatsapp awb-icon-whatsapp\" style=\"color:var(--awb-custom11);background-color:#e8e8e8;border-color:#e8e8e8;border-radius:50%;\" aria-hidden=\"true\"><\/i><\/a><\/span><span><a href=\"mailto:?subject=Los%20desaf%C3%ADos%20de%20los%20Cistercienses%20de%20la%20Estricta%20Observancia%20en%202024&amp;body=https%3A%2F%2Fosb.org%2Fes%2F2025%2F05%2F29%2Flos-desafios-de-los-cistercienses-de-la-estricta-observancia-en-2024%2F\" target=\"_self\" title=\"Email\" aria-label=\"Email\"><i class=\"fusion-social-network-icon fusion-tooltip fusion-mail awb-icon-mail\" style=\"color:var(--awb-custom11);background-color:#e8e8e8;border-color:#e8e8e8;border-radius:50%;\" aria-hidden=\"true\"><\/i><\/a><\/span><\/div><\/div><\/div><\/div><\/div><div class=\"fusion-text fusion-text-4\"><p><em>Conferencia principal<\/em><br \/><em>Bernardus Peeters, OCSO<\/em><br \/><em>13 de septiembre de 2024<\/em><\/p>\n<p>Querido Dom Gregory, queridos hermanos y hermanas:<\/p>\n<p>\u00a1En medio de los tres Superiores Generales de la familia benedictina, yo soy, y me siento como el benjam\u00edn rodeado permanentemente del cuidado y cari\u00f1o de mis hermanos mayores! Ante la invitaci\u00f3n de Dom Gregory puedo compartir con vosotros algunas cosas de mi experiencia como Abad General recientemente elegido. Al hacerlo, espero daros una idea de los desaf\u00edos a los que nos enfrentamos como Cistercienses de la Estricta Observancia (Trapenses).  <\/p>\n<p>El 11 de febrero del 2022, el Cap\u00edtulo General me eligi\u00f3 como Abad General. A partir de entonces, \u2018como un v\u00ednculo de unidad\u2019 (Const. 82) se me ha permitido fomentar las relaciones entre las comunidades de la Orden. Un servicio que, junto con cinco consejeros (3 monjes y 2 monjas) residentes en Roma, trato de realizar principalmente a trav\u00e9s de la visita a las comunidades a todo lo largo del mundo. Ya visit\u00e9 alrededor de 70 de las 153 comunidades en todos los continentes. Mi \u2018noviciado\u2019 como Abad General termin\u00f3 despu\u00e9s de dos a\u00f1os y medio -y a pesar de mi corta experiencia y de que todos los d\u00edas aprendo algo nuevo- voy a intentar compartir con vosotros algunos de los desaf\u00edos que enfrentamos.    <\/p>\n<h2>Sue\u00f1os<\/h2>\n<p>A fines del 2021, el entonces Abad General, Dom Eamon Fitgerald, pidi\u00f3 ser relevado de sus responsabilidades despu\u00e9s de 13 a\u00f1os, por motivos de salud. Fue todo un desaf\u00edo preparar un cap\u00edtulo electivo durante la crisis del COVID-19, pero aun as\u00ed logramos convocar un Cap\u00edtulo General en febrero. En estas particulares circunstancias, el Cap\u00edtulo General se convirti\u00f3 m\u00e1s que habitualmente, en una experiencia de communio y la elecci\u00f3n de un nuevo abad general asegur\u00f3 que la Orden pudiera f\u00e1cilmente unirse al proceso sinodal iniciado por el Papa Francisco con sus pilares de Communio, participatio y misio. En el proceso sinodal, reconocimos el llamado de san Bernardo a sus compa\u00f1eros hermanos en el Serm\u00f3n 22 de su comentario al Cantar de los Cantares para construir comunidad escuch\u00e1ndonos y am\u00e1ndonos unos a otros.   <\/p>\n<p>Durante este cap\u00edtulo electivo, le\u00ed el folleto del Papa Francisco sobre el coraje de so\u00f1ar. Despu\u00e9s de mi elecci\u00f3n, invit\u00e9 a los superiores a compartir conmigo, unos con otros y en las comunidades, sus sue\u00f1os sobre la Orden y su futuro. Como hab\u00edamos decido celebrar el Cap\u00edtulo General 2022 en dos partes (en los meses de febrero y de septiembre), tuve la oportunidad de visitar todas las 11 regiones de la Orden entre las dos partes del Cap\u00edtulo General y lograr un primer conocimiento de la vida de la Orden alrededor del mundo y una oportunidad para conocer a todos los superiores.  <\/p>\n<p>Con gran entusiasmo, los superiores compartieron sus sue\u00f1os sobre la Orden y su futuro conmigo y entre ellos. En algunos encuentros regionales, esta escucha de los sue\u00f1os de unos y otros se desarroll\u00f3 muy bien. En otras regiones, fue la primera vez que se escucharon unos a otros de ese modo. No obstante, en todas partes se convirti\u00f3 en una experiencia profunda de escucha, en un compartir las esperanzas de unos y otros y en consecuencia construir comunidad. La atm\u00f3sfera de derrotismo, caracter\u00edstica de los \u00faltimos a\u00f1os y reforzada por la crisis del COVID, se cambi\u00f3 en esperanza y en una nueva energ\u00eda. Al final de este viaje introductorio, hab\u00eda recogido 151 sue\u00f1os de los superiores. S\u00f3lo dos superiores no fueron capaces de so\u00f1ar (por lo dem\u00e1s, con leg\u00edtimas razones). Por ejemplo, un superior europeo imaginaba una Orden cuyos monasterios servir\u00edan como centros alrededor de los que las personas -tanto cristianas como no cristianas- pudieran vivir en diversas formas de vida comunitaria, con un claro enfoque ecol\u00f3gico y una atm\u00f3sfera acogedora. Un superior norteamericano so\u00f1aba no con \u201cotra forma de vida cisterciense, sino con \u201cuna vida cisterciense que marque una diferencia\u201d. Un superior nigeriano aspiraba a crear \u201csinergia entre los monasterios de occidente y los africanos de la Orden\u201d de manera que \u201cla identidad de ambos pueda ser respetada\u201d. Un superior de Chile so\u00f1aba con profundizar la complementariedad entre los hombres y las mujeres en la Orden\u201d de manera que el rostro de una sola Orden pudiera ser m\u00e1s completo\u201d. Todos estos sue\u00f1os se convirtieron en el fundamento de un programa para los a\u00f1os venideros.           <\/p>\n<p>Present\u00e9 este programa a los superiores en la apertura de la segunda parte del Cap\u00edtulo General en septiembre del 2022. Organic\u00e9 los sue\u00f1os bajo los tres temas del proceso sinodal y agregu\u00e9 formatio (formaci\u00f3n) como un cuarto elemento. Quedamos gratamente sorprendidos cuando, durante una audiencia privada con el Papa Francisco el 16 de septiembre del 2022, abord\u00f3 nuestros sue\u00f1os de una manera muy personal. Invit\u00f3 a la Orden a llevar todos nuestros sue\u00f1os ante Cristo colocando el sue\u00f1o compartido de la identidad contemplativa de la Orden en el centro de todas nuestras aspiraciones. Fue impactante que todos los 151 sue\u00f1os subrayaran el mantenimiento y la profundizaci\u00f3n de la dimensi\u00f3n contemplativa de nuestra vocaci\u00f3n como el mayor desaf\u00edo para la Orden.    <\/p>\n<p>Despu\u00e9s de la segunda parte del Cap\u00edtulo General en septiembre del 2022, comenc\u00e9 a visitar varias comunidades. Ahora es un privilegio escuchar los sue\u00f1os de los hermanos y de las hermanas, quienes, desde sus perspectivas, complementan y profundizan estos sue\u00f1os en torno a la comuni\u00f3n, la participaci\u00f3n, la misi\u00f3n y la formaci\u00f3n. Como resultado, los sue\u00f1os est\u00e1n adquiriendo un contenido m\u00e1s concreto y pueden ser gradualmente transformados en acciones espec\u00edficas, con la profundizaci\u00f3n de nuestra identidad contemplativa que sigue siendo el mayor desaf\u00edo a todo lo largo del mundo.  <\/p>\n<h2>La identidad contemplativa<\/h2>\n<p>Nuestras Constituciones describen la naturaleza y el prop\u00f3sito de la Orden de la siguiente manera: Esta Orden es un instituto mon\u00e1stico enteramente ordenado a la contemplaci\u00f3n. Los monjes\/monjas se dedican al culto de Dios en una vida oculta dentro del monasterio bajo la <em>Regla de san Benito<\/em>. Llevan un modo de vida mon\u00e1stica en soledad y silencio, en asidua oraci\u00f3n y alegre penitencia\u2026, as\u00ed prestan a la divina Majestad un servicio que es humilde y noble a la vez\u201d. (Const. 2) <\/p>\n<p>Este modo de vida mon\u00e1stica de buscar a Dios y seguir a Cristo est\u00e1 caracterizado por ser de naturaleza cenob\u00edtica bajo una regla y un abad. \u201cCristo es formado en los corazones de los hermanos\/hermanas a trav\u00e9s de la liturgia, la ense\u00f1anza del abad\/abadesa y el modo de vida fraterna. A trav\u00e9s de la Palabra de Dios los monjes\/monjas se entrenan en una disciplina del coraz\u00f3n y de la acci\u00f3n para ser sensibles al Esp\u00edritu Santo y as\u00ed alcanzar la pureza de coraz\u00f3n y una conciencia continua de la presencia de Dios\u201d (Const. 3,2). Para esta finalidad, la soledad, el silencio, la humildad, la obediencia, pero tambi\u00e9n la hospitalidad, son medios para \u201cllevar a los monjes\/monjas a una estrecha uni\u00f3n con Cristo, ya que es s\u00f3lo a trav\u00e9s de la experiencia del amor personal hacia el Se\u00f1or Jes\u00fas c\u00f3mo pueden florecer los dones espec\u00edficos de la vocaci\u00f3n cisterciense\u201d. (Const 3,5) <\/p>\n<p>Durante mis viajes, he tenido el privilegio de conocer a hermanos y hermanas que se esfuerzan por vivir en estrecha uni\u00f3n con Jes\u00fas y con sus hermanos y hermanas. La identidad contemplativa de nuestras comunidades es clara y fuerte. Sin embargo, este ideal de un coraz\u00f3n indiviso es cada vez m\u00e1s puesto a prueba por un mundo en permanente agitaci\u00f3n -una agitaci\u00f3n que se infiltra hasta en los rincones m\u00e1s profundos de nuestros monasterios. En muchas comunidades surgen preocupaciones debidas al envejecimiento de los miembros y a la disminuci\u00f3n del n\u00famero, lo que convierte al trabajo en una fuente importante de ansiedad. El tan necesario equilibrio entre el trabajo, la oraci\u00f3n y la lectura, est\u00e1 sometido a una inmensa presi\u00f3n.    <\/p>\n<p>Las razones de esta falta de equilibrio son variadas, pero globalmente, las comunidades y cada hermano y hermana se esfuerzan por encontrar tiempo para la oraci\u00f3n y la lectura. Lamentablemente, algunos han abandonado este esfuerzo en favor del trabajo, priorizando la supervivencia de la comunidad ante los grandes gastos personales y espirituales. Nuestro mayor desaf\u00edo es buscar renovar el aprecio por la oraci\u00f3n y la lectura comunitaria y personal. Estas pr\u00e1cticas son imprescindibles en la tradici\u00f3n cisterciense y no meros asuntos privados; contribuyen sustancialmente a la construcci\u00f3n de la comunidad y dan sentido a la misi\u00f3n de la comunidad.<\/p>\n<p>Precisamente es el apoyo que proviene de la oraci\u00f3n y de la lectura personal y comunitaria lo que puede ayudarnos a restablecer el equilibrio que a menudo se pierde. Por medio de la revaloraci\u00f3n y el comprometernos nuevamente en estas actividades esenciales, vamos a poder fortalecer nuestra identidad contemplativa y garantizar la vitalidad espiritual de nuestras comunidades.<\/p>\n<p>Nuestra identidad contemplativa es, por supuesto, m\u00e1s visible en la celebraci\u00f3n de la liturgia. \u00a1Qu\u00e9 riqueza que podamos rezar juntos con hermanos y hermanas a lo largo de todo el mundo! La renovaci\u00f3n lit\u00fargica del Vaticano II afortunadamente no ha provocado divisiones en nuestra Orden. Por supuesto, hay comunidades que se adhieren m\u00e1s a una manera tradicional de celebrar la liturgia y otras que han encontrado sus formas propias. Pero en todas partes el silencio y la sencillez hablan desde la liturgia. En las Iglesias j\u00f3venes, el desaf\u00edo de la liturgia mon\u00e1stica est\u00e1 principalmente en encontrar su car\u00e1cter espec\u00edfico propio, mientras que en el mundo occidental secularizado, la liturgia mon\u00e1stica consigue a duras penas conectar con los laicos que ya no est\u00e1n familiarizados con el lenguaje y los s\u00edmbolos lit\u00fargicos de la Iglesia.     <\/p>\n<p>Como monjes y monjas trapenses, estamos \u00edntimamente vinculados con la creaci\u00f3n a trav\u00e9s de nuestra fuerte tradici\u00f3n de trabajo manual. Los efectos del cambio clim\u00e1tico son visibles y palpables a nivel mundial, y desaf\u00edan nuestra identidad contemplativa. Muchas comunidades est\u00e1n entonces obligadas a buscar maneras de alinear su vida cotidiana, su modo de vivir y de trabajar con la preservaci\u00f3n de la creaci\u00f3n.  <\/p>\n<p>Sin embargo, esta preocupaci\u00f3n por la creaci\u00f3n de Dios revela tambi\u00e9n una marcada dicotom\u00eda. Mientras las comunidades del hemisferio norte m\u00e1s pr\u00f3spero cuentan con los medios econ\u00f3micos para entrar en acci\u00f3n, las del hemisferio sur se esfuerzan y carecen de los recursos para encontrar soluciones adecuadas. Inclusive dentro de nuestra Orden, los efectos del cambio clim\u00e1tico ponen de manifiesto un problema subyacente de desigualdad entre las comunidades ricas y las pobres.  <\/p>\n<p>Un gran desaf\u00edo que enfrentamos es la necesidad de una administraci\u00f3n m\u00e1s colegial y trasparente de nuestros recursos econ\u00f3micos en el servicio de nuestro carisma. Esta consideraci\u00f3n podr\u00eda ayudar a encontrarle una soluci\u00f3n al desequilibrio existente y permitir a todas las comunidades participar en los esfuerzos por el cuidado de la creaci\u00f3n de manera m\u00e1s equitativa. <\/p>\n<p>M\u00e1s a\u00fan, nuestro compromiso por la colaboraci\u00f3n en el cuidado del medio ambiente debe enraizarse en nuestra tradici\u00f3n espiritual, y ser considerado no s\u00f3lo como una necesidad pr\u00e1ctica sino como una parte esencial de nuestra vocaci\u00f3n de honrar la creaci\u00f3n de Dios. Este enfoque hol\u00edstico puede consolidar nuestra identidad contemplativa y a la vez responder a las apremiantes preocupaciones ecol\u00f3gicas. <\/p>\n<h2>El desaf\u00edo de la comuni\u00f3n<\/h2>\n<p>Los mayores desaf\u00edos que enfrentamos pueden articularse a trav\u00e9s de los conceptos de <em>communio<\/em>, <em>participatio<\/em>, <em>misio<\/em>, y <em>formatio<\/em>. La crisis del COVID 19 dej\u00f3 a muchas comunidades aisladas, al interrumpir la s\u00f3lida estructura anterior de las visitas bianuales, las visitas amistosas, las sesiones conjuntas de formaci\u00f3n, las reuniones regionales, y los Cap\u00edtulos Generales. A pesar de los esfuerzos por mantener los contactos digitalmente, nada ha sido capaz de reemplazar la experiencia palpable de pertenencia. Una consecuencia negativa de la crisis del COVID 19 fue que se reforzara la idea de autonom\u00eda que llev\u00f3 a la mentalidad del \u201cdebo y puedo hacerlo por m\u00ed mismo\u201d. Despu\u00e9s de la crisis del COVID, restablecer los lazos mutuos se manifiesta como un desaf\u00edo importante. Como Abad General, reanud\u00e9 la redacci\u00f3n de cartas circulares a las comunidades para proporcionarles aliento espiritual y en mayor medida reinstaurar nuestras comunicaciones.     <\/p>\n<p>El desaf\u00edo sin resolver est\u00e1 vinculado con el modo de promover una nueva comprensi\u00f3n de la autonom\u00eda. Las enc\u00edclicas del Papa Francisco Laudato si y Fratelli tutti nos gu\u00edan hacia un enfoque m\u00e1s relacional de la autonom\u00eda. Lamentablemente, todav\u00eda nos encontramos con comunidades que insisten en una autonom\u00eda estricta, que puede llevar al aislamiento y hasta al sectarismo. \u00a1Esas comunidades no tienen futuro!   <\/p>\n<h2>El desaf\u00edo de la <em>participatio<\/em><\/h2>\n<p>A partir del 2022, nuestra Orden ha sido oficialmente reconocida como un Instituto Religioso compuesto tanto por monjes como por monjas. A pesar de que los dos Cap\u00edtulos Generales de abades y abadesas comenzaron a reunirse juntos en 1989, permanec\u00edan jur\u00eddicamente separados. La plena participaci\u00f3n de las monjas en la vida de la Orden creci\u00f3 lentamente, aunque algunas veces con bastante esfuerzo, a lo largo de los a\u00f1os. Actualmente, la unidad entre los monjes y las monjas dentro de la Orden no es una cuesti\u00f3n discutida, y a menudo no somos conscientes de la posici\u00f3n excepcional que mantenemos dentro de la Iglesia.   <\/p>\n<p>No obstante, la publicaci\u00f3n de la constituci\u00f3n apost\u00f3lica <em>Vultum Dei Quarere<\/em> y la posterior instrucci\u00f3n <em>Cor orans<\/em> en 2016 inesperadamente pusieron en peligro la unidad de la Orden. Afortunadamente, el Dicasterio para la Vida Religiosa reconoci\u00f3 el valor de esta unidad y permiti\u00f3 que las monjas permanecieran dentro de una \u00fanica Orden. Esta situaci\u00f3n, con todo, ha convertido a Cor orans en un tema de discusi\u00f3n tanto para las monjas como para los monjes.  <\/p>\n<p>El Cap\u00edtulo General de 2022 tom\u00f3 la clara decisi\u00f3n de que los monjes y las monjas deb\u00edan esforzarse por lograr las mismas constituciones en la medida de lo posible. Esto significaba que los monjes voluntariamente aceptaran las directrices de Cor orans, con la excepci\u00f3n de la duraci\u00f3n de la formaci\u00f3n. Hist\u00f3ricamente, \u00a1no ocurr\u00eda que los hombres se movieran hacia las mujeres, sino al rev\u00e9s! En t\u00e9rminos de complementariedad, por ejemplo, ahora las mujeres superioras pueden servir como \u201cPadres inmediatos interinos\u201d tanto para las comunidades de monjas como las de monjes.   <\/p>\n<p>La complementariedad de los monjes y las monjas est\u00e1 ilustrada vigorosamente en una iniciativa que llevamos desarrollando desde hace cuatro a\u00f1os en la Abad\u00eda de Tre Fontane en Roma. Seg\u00fan la tradici\u00f3n, este es el sitio donde san Pablo fue martirizado, y una comunidad de monjes de nuestra Orden reside aqu\u00ed desde la \u00e9poca de san Bernardo en el siglo XII. Sin embargo, la comunidad de hermanos se hab\u00eda tornado peque\u00f1a y fr\u00e1gil. Una comunidad internacional de seis hermanas, conocida como Aqua Salvie, actualmente se ha establecido all\u00ed para colaborar con los hermanos en la encarnaci\u00f3n de la vida cisterciense en esta localidad. Aunque las comunidades viven en \u00e1reas separadas del complejo edilicio, van juntas a las oraciones comunitarias, a los cap\u00edtulos diarios y a las comidas de los domingos, se apoyan en el trabajo y colaboran mutuamente donde es posible.    <\/p>\n<p>Otro desaf\u00edo con respecto a la <em>participatio<\/em> es la integraci\u00f3n de hermanos y hermanas no occidentales en la vida de la Orden. A partir de la d\u00e9cada de 1950, la Orden se expandi\u00f3 r\u00e1pidamente a trav\u00e9s de nuevas fundaciones en el hemisferio sur. Con anterioridad, era una Orden predominantemente europea y americana, la excepci\u00f3n era Jap\u00f3n debido a la fuerte presencia de la Orden desde finales del siglo XIX. Los fundadores de estos nuevos monasterios en Iglesias j\u00f3venes, ya han fallecido, al igual que la primera generaci\u00f3n. Las generaciones m\u00e1s nuevas est\u00e1n actualmente haciendo notar su presencia y est\u00e1n buscando su lugar dentro de la Orden; es un desarrollo complejo que coincide con la declinaci\u00f3n de los monasterios occidentales. \u00bfEstamos acogiendo a nuestros hermanos y hermanas provenientes del sur basados en sus capacidades o movidos por la necesidad? En el \u00faltimo Cap\u00edtulo General, segu\u00eda siendo un desaf\u00edo abstenerse de designar en las comisiones a nombres conocidos de Occidente y optar por una mayor diversidad. El desaf\u00edo de alcanzar una composici\u00f3n m\u00e1s multicultural en las diversas estructuras de la Orden reviste importancia pero es esencial para nuestro futuro. Un programa de formaci\u00f3n centrado en el vivir juntos en un mundo y en una comunidad multicultural se est\u00e1 iniciando actualmente dentro de la Orden. Por primera vez en nuestra historia, tuvimos la reuni\u00f3n preparatoria para el Cap\u00edtulo General 2025 en el hemisferio sur. Ir hacia las periferias fue para muchos participantes de esta reuni\u00f3n, salirse del esquema.          <\/p>\n<h2>El desaf\u00edo de la <em>missio<\/em><\/h2>\n<p>En base a la consulta de la Uni\u00f3n de Superiores Generales para el s\u00ednodo sobre la sinodalidad, nuestras comunidades se animaron a reflexionar sobre la misi\u00f3n de nuestras vidas. Este intercambio de ideas fue acogido con gran entusiasmo en muchas comunidades. A partir de estas conversaciones surgi\u00f3 el tema de la corresponsabilidad dentro de la comunidad, la Orden, la Iglesia y el mundo. Muchas comunidades lidiaron con el concepto de <em>misio<\/em>, lo cual puso de relieve la importancia de nuestra identidad contemplativa y su relevancia para la Iglesia y el mundo actualmente. Esta lucha con la noci\u00f3n de <em>misio<\/em> indica que estamos experimentando una crisis de identidad.    <\/p>\n<h2>El desaf\u00edo de la formaci\u00f3n<\/h2>\n<p>Las aspiraciones de los superiores revelan el gran valor que se concede a la formaci\u00f3n integral de los monjes y las monjas. En los \u00faltimos a\u00f1os se ha prestado gran importancia a este tema, lo que ha dado como resultado numerosas iniciativas de colaboraci\u00f3n dentro de las regiones, especialmente con respecto a la formaci\u00f3n inicial. Muchas regiones est\u00e1n colaborando estrechamente con la gran familia cisterciense y con la confederaci\u00f3n de los benedictinos. Nuestra Orden est\u00e1 agradecida por estas colaboraciones, y me gustar\u00eda expresar un agradecimiento especial a Dom Gregory, vuestro Abad Primado, por su inquebrantable apoyo y aliento a estas iniciativas de formaci\u00f3n a lo largo del mundo. Me gustar\u00eda tambi\u00e9n expresar mi gratitud a la A.I.M. Estas valiosas iniciativas ilustran cu\u00e1nto nos necesitamos unos a otros como hijos e hijas de san Benito. Haremos todo lo posible para continuar esta colaboraci\u00f3n.     <\/p>\n<p>La formaci\u00f3n, en especial la formaci\u00f3n permanente, sigue siendo una preocupaci\u00f3n apremiante. En las regiones con Iglesias j\u00f3venes, con frecuencia los recursos son insuficientes como para organizar eventos, las distancias son enormes y faltan los profesores con experiencia y los miembros con conocimientos entre los hermanos y hermanas. En las regiones occidentales, a menudo falta tiempo y fuerza para la formaci\u00f3n comunitaria pues conduce a una disminuci\u00f3n de los que trabajan.  <\/p>\n<p>No obstante, la crisis del COVID demostr\u00f3 decididamente que los programas de formaci\u00f3n online son factibles y pueden ser eficaces a pesar de sus limitaciones. A estos programas online pueden tambi\u00e9n asistir los monjes y las monjas de m\u00e1s edad y mantenerse al d\u00eda con la formaci\u00f3n. La organizaci\u00f3n de esta clase de sesiones online para grupos m\u00e1s extensos requiere conocimiento y competencia. Desde junio del 2024 hemos nombrado un nuevo secretario general para la formaci\u00f3n, quien tambi\u00e9n se desempe\u00f1a como consejero del Abad General. Esperamos que esto posibilitar\u00e1 una mejor coordinaci\u00f3n y direcci\u00f3n de los programas de formaci\u00f3n desde Roma y el Consejo.    <\/p>\n<h2>Conclusi\u00f3n<\/h2>\n<p>El desaf\u00edo fundamental para nuestra Orden es fortalecer y profundizar la identidad contemplativa de la vida cisterciense, que es nuestra adhesi\u00f3n a Jesucristo por medio de la escucha continua y el amor mutuos. El proceso sinodal nos ha proporcionado las herramientas de <em>la communio, la participatio, la missio<\/em>, y nosotros agregamos la <em>formatio<\/em>. Profundizar nuestra adhesi\u00f3n a Jesucristo realzar\u00e1 tambi\u00e9n nuestros modos de comunicarnos unos con otros y con la Iglesia y el mundo. S\u00f3lo de esta manera puede el coraz\u00f3n orante de la Iglesia, que da forma a nuestras comunidades, convertirse en un coraz\u00f3n que escucha, humilde y acogedor con una clara misi\u00f3n. Me comprometo yo mismo en este desaf\u00edo, y con las oraciones de mis hermanos y hermanas a lo largo de todo el mundo, conf\u00edo en que Dios completar\u00e1 la obra que \u00c9l ha comenzado. Tengo confianza en poder hacerlo con la colaboraci\u00f3n de todos los hijos e hijas de san Benito, \u00a1para que en todo sea Dios glorificado!     <\/p>\n<\/div><\/div><\/div><\/div><\/div><\/p>\n","protected":false},"excerpt":{"rendered":"<p>En el Congreso de Abades de 2024, el Abad General Bernardus Peeters subray\u00f3 la necesidad urgente de renovar la identidad contemplativa cisterciense ante los desaf\u00edos mundiales. Al enfatizar comuni\u00f3n, participaci\u00f3n, misi\u00f3n y formaci\u00f3n, llam\u00f3 a una unidad m\u00e1s profunda, a la responsabilidad ecol\u00f3gica y a un liderazgo inclusivo enraizado en Cristo. <\/p>\n","protected":false},"author":1,"featured_media":13898,"comment_status":"closed","ping_status":"closed","sticky":false,"template":"","format":"standard","meta":{"footnotes":""},"categories":[186],"tags":[243,235],"class_list":["post-13896","post","type-post","status-publish","format-standard","has-post-thumbnail","hentry","category-nexus-es","tag-nexus-junio-2025-es","tag-nexus-congressus-24-es"],"cc_featured_image_caption":{"caption_text":false,"source_text":false,"source_url":false},"_links":{"self":[{"href":"https:\/\/osb.org\/es\/wp-json\/wp\/v2\/posts\/13896","targetHints":{"allow":["GET"]}}],"collection":[{"href":"https:\/\/osb.org\/es\/wp-json\/wp\/v2\/posts"}],"about":[{"href":"https:\/\/osb.org\/es\/wp-json\/wp\/v2\/types\/post"}],"author":[{"embeddable":true,"href":"https:\/\/osb.org\/es\/wp-json\/wp\/v2\/users\/1"}],"replies":[{"embeddable":true,"href":"https:\/\/osb.org\/es\/wp-json\/wp\/v2\/comments?post=13896"}],"version-history":[{"count":0,"href":"https:\/\/osb.org\/es\/wp-json\/wp\/v2\/posts\/13896\/revisions"}],"wp:featuredmedia":[{"embeddable":true,"href":"https:\/\/osb.org\/es\/wp-json\/wp\/v2\/media\/13898"}],"wp:attachment":[{"href":"https:\/\/osb.org\/es\/wp-json\/wp\/v2\/media?parent=13896"}],"wp:term":[{"taxonomy":"category","embeddable":true,"href":"https:\/\/osb.org\/es\/wp-json\/wp\/v2\/categories?post=13896"},{"taxonomy":"post_tag","embeddable":true,"href":"https:\/\/osb.org\/es\/wp-json\/wp\/v2\/tags?post=13896"}],"curies":[{"name":"wp","href":"https:\/\/api.w.org\/{rel}","templated":true}]}}