{"id":13603,"date":"2025-06-13T17:36:40","date_gmt":"2025-06-13T15:36:40","guid":{"rendered":"https:\/\/osb.org\/2025\/06\/13\/el-patriarca-ecumenico-bartolome-recibe-el-premio-heufelder\/"},"modified":"2025-09-16T16:52:51","modified_gmt":"2025-09-16T14:52:51","slug":"el-patriarca-ecumenico-bartolome-recibe-el-premio-heufelder","status":"publish","type":"post","link":"https:\/\/osb.org\/es\/2025\/06\/13\/el-patriarca-ecumenico-bartolome-recibe-el-premio-heufelder\/","title":{"rendered":"El patriarca ecum\u00e9nico Bartolom\u00e9 recibe el premio Heufelder"},"content":{"rendered":"<p><div class=\"fusion-fullwidth fullwidth-box fusion-builder-row-1 fusion-flex-container has-pattern-background has-mask-background hundred-percent-fullwidth non-hundred-percent-height-scrolling\" style=\"--awb-border-sizes-bottom:1px;--awb-border-color:var(--awb-custom11);--awb-border-radius-top-left:0px;--awb-border-radius-top-right:0px;--awb-border-radius-bottom-right:0px;--awb-border-radius-bottom-left:0px;--awb-padding-right:60px;--awb-padding-bottom:20px;--awb-padding-left:60px;--awb-padding-right-small:30px;--awb-padding-left-small:30px;--awb-margin-top-medium:1px;--awb-margin-top-small:0px;--awb-flex-wrap:wrap;\" ><div class=\"fusion-builder-row fusion-row fusion-flex-align-items-center fusion-flex-justify-content-flex-end fusion-flex-content-wrap\" style=\"width:calc( 100% + 60px ) !important;max-width:calc( 100% + 60px ) !important;margin-left: calc(-60px \/ 2 );margin-right: calc(-60px \/ 2 );\"><div class=\"fusion-layout-column fusion_builder_column fusion-builder-column-0 fusion_builder_column_1_2 1_2 fusion-flex-column\" style=\"--awb-padding-right:60px;--awb-padding-left:60px;--awb-padding-right-small:0px;--awb-padding-left-small:0px;--awb-bg-size:cover;--awb-width-large:50%;--awb-margin-top-large:0px;--awb-spacing-right-large:30px;--awb-margin-bottom-large:20px;--awb-spacing-left-large:30px;--awb-width-medium:100%;--awb-order-medium:0;--awb-margin-top-medium:20px;--awb-spacing-right-medium:30px;--awb-margin-bottom-medium:0px;--awb-spacing-left-medium:30px;--awb-width-small:100%;--awb-order-small:0;--awb-spacing-right-small:30px;--awb-spacing-left-small:30px;\"><div class=\"fusion-column-wrapper fusion-column-has-shadow fusion-flex-justify-content-flex-start fusion-content-layout-column\"><div class=\"fusion-title title fusion-title-1 fusion-sep-none fusion-title-text fusion-title-size-one\" style=\"--awb-text-color:var(--awb-custom13);--awb-margin-top-small:0px;--awb-margin-right-small:0px;--awb-margin-bottom-small:20px;--awb-margin-left-small:0px;--awb-font-size:40px;\"><h1 class=\"fusion-title-heading title-heading-left md-text-align-center fusion-responsive-typography-calculated\" style=\"font-family:var(--awb-typography1-font-family);font-weight:var(--awb-typography1-font-weight);font-style:var(--awb-typography1-font-style);margin:0;letter-spacing:var(--awb-typography1-letter-spacing);text-transform:var(--awb-typography1-text-transform);font-size:1em;--fontSize:40;line-height:var(--awb-typography1-line-height);\">El patriarca ecum\u00e9nico Bartolom\u00e9 recibe el premio Heufelder<\/h1><\/div><div class=\"fusion-text fusion-text-1 fusion-no-small-visibility fusion-no-medium-visibility\" style=\"--awb-font-size:var(--awb-typography3-font-size);--awb-line-height:var(--awb-typography3-line-height);--awb-letter-spacing:var(--awb-typography3-letter-spacing);--awb-text-transform:var(--awb-typography3-text-transform);--awb-text-color:var(--awb-custom12);--awb-text-font-family:var(--awb-typography3-font-family);--awb-text-font-weight:var(--awb-typography3-font-weight);--awb-text-font-style:var(--awb-typography3-font-style);\"><p>El patriarca ecum\u00e9nico Bartolom\u00e9 fue galardonado con el Premio Emmanuel Heufelder por la abad\u00eda de Niederaltaich por su dedicaci\u00f3n de por vida al di\u00e1logo ecum\u00e9nico. El premio destaca el compromiso benedictino de larga data con las Iglesias de Oriente. <\/p>\n<\/div><\/div><\/div><div class=\"fusion-layout-column fusion_builder_column fusion-builder-column-1 fusion_builder_column_1_2 1_2 fusion-flex-column\" style=\"--awb-bg-size:cover;--awb-width-large:50%;--awb-margin-top-large:0px;--awb-spacing-right-large:30px;--awb-margin-bottom-large:0px;--awb-spacing-left-large:30px;--awb-width-medium:100%;--awb-order-medium:0;--awb-spacing-right-medium:30px;--awb-spacing-left-medium:30px;--awb-width-small:100%;--awb-order-small:0;--awb-spacing-right-small:30px;--awb-spacing-left-small:30px;\"><div class=\"fusion-column-wrapper fusion-column-has-shadow fusion-flex-justify-content-flex-start fusion-content-layout-column\"><div class=\"fusion-image-element \" style=\"--awb-caption-title-font-family:var(--h2_typography-font-family);--awb-caption-title-font-weight:var(--h2_typography-font-weight);--awb-caption-title-font-style:var(--h2_typography-font-style);--awb-caption-title-size:var(--h2_typography-font-size);--awb-caption-title-transform:var(--h2_typography-text-transform);--awb-caption-title-line-height:var(--h2_typography-line-height);--awb-caption-title-letter-spacing:var(--h2_typography-letter-spacing);\"><span class=\" fusion-imageframe imageframe-none imageframe-1 hover-type-none\" style=\"border:1px solid var(--awb-custom10);\"><a href=\"https:\/\/osb.org\/wp-content\/uploads\/2025\/06\/csm_KID25080-0606251322-3646_77f6da90c2.jpg\" class=\"fusion-lightbox\" data-rel=\"iLightbox[433346e3456062e241f]\" data-title=\"csm_KID25080-0606251322-3646_77f6da90c2\" title=\"csm_KID25080-0606251322-3646_77f6da90c2\"><img decoding=\"async\" width=\"1920\" height=\"1080\" src=\"https:\/\/osb.org\/wp-content\/uploads\/2025\/06\/csm_KID25080-0606251322-3646_77f6da90c2.jpg\" data-orig-src=\"https:\/\/osb.org\/wp-content\/uploads\/2025\/06\/csm_KID25080-0606251322-3646_77f6da90c2.jpg\" alt class=\"lazyload img-responsive wp-image-13604\" srcset=\"data:image\/svg+xml,%3Csvg%20xmlns%3D%27http%3A%2F%2Fwww.w3.org%2F2000%2Fsvg%27%20width%3D%271920%27%20height%3D%271080%27%20viewBox%3D%270%200%201920%201080%27%3E%3Crect%20width%3D%271920%27%20height%3D%271080%27%20fill-opacity%3D%220%22%2F%3E%3C%2Fsvg%3E\" data-srcset=\"https:\/\/osb.org\/wp-content\/uploads\/2025\/06\/csm_KID25080-0606251322-3646_77f6da90c2-200x113.jpg 200w, https:\/\/osb.org\/wp-content\/uploads\/2025\/06\/csm_KID25080-0606251322-3646_77f6da90c2-400x225.jpg 400w, https:\/\/osb.org\/wp-content\/uploads\/2025\/06\/csm_KID25080-0606251322-3646_77f6da90c2-600x338.jpg 600w, https:\/\/osb.org\/wp-content\/uploads\/2025\/06\/csm_KID25080-0606251322-3646_77f6da90c2-800x450.jpg 800w, https:\/\/osb.org\/wp-content\/uploads\/2025\/06\/csm_KID25080-0606251322-3646_77f6da90c2-1200x675.jpg 1200w, https:\/\/osb.org\/wp-content\/uploads\/2025\/06\/csm_KID25080-0606251322-3646_77f6da90c2.jpg 1920w\" data-sizes=\"auto\" data-orig-sizes=\"(max-width: 1024px) 100vw, (max-width: 640px) 100vw, 600px\" \/><\/a><\/span><\/div><div class=\"fusion-text fusion-text-2 fusion-text-no-margin\" style=\"--awb-font-size:var(--awb-typography5-font-size);--awb-line-height:var(--awb-typography5-line-height);--awb-letter-spacing:var(--awb-typography5-letter-spacing);--awb-text-transform:var(--awb-typography5-text-transform);--awb-text-color:var(--awb-custom11);--awb-margin-top:12px;--awb-margin-bottom:12px;--awb-text-font-family:var(--awb-typography5-font-family);--awb-text-font-weight:var(--awb-typography5-font-weight);--awb-text-font-style:var(--awb-typography5-font-style);\"><\/div><\/div><\/div><div class=\"fusion-layout-column fusion_builder_column fusion-builder-column-2 fusion_builder_column_1_2 1_2 fusion-flex-column\" style=\"--awb-bg-size:cover;--awb-width-large:50%;--awb-margin-top-large:0px;--awb-spacing-right-large:30px;--awb-margin-bottom-large:0px;--awb-spacing-left-large:30px;--awb-width-medium:100%;--awb-order-medium:0;--awb-spacing-right-medium:30px;--awb-spacing-left-medium:30px;--awb-width-small:100%;--awb-order-small:0;--awb-spacing-right-small:30px;--awb-spacing-left-small:30px;\"><div class=\"fusion-column-wrapper fusion-column-has-shadow fusion-flex-justify-content-flex-start fusion-content-layout-column\"><div class=\"fusion-separator fusion-full-width-sep\" style=\"align-self: center;margin-left: auto;margin-right: auto;width:100%;\"><div class=\"fusion-separator-border sep-single sep-solid\" style=\"--awb-height:20px;--awb-amount:20px;--awb-sep-color:var(--awb-color4);border-color:var(--awb-color4);border-top-width:3px;\"><\/div><\/div><\/div><\/div><\/div><\/div><div class=\"fusion-fullwidth fullwidth-box fusion-builder-row-2 fusion-flex-container has-pattern-background has-mask-background hundred-percent-fullwidth non-hundred-percent-height-scrolling\" style=\"--awb-border-radius-top-left:0px;--awb-border-radius-top-right:0px;--awb-border-radius-bottom-right:0px;--awb-border-radius-bottom-left:0px;--awb-padding-right:60px;--awb-padding-left:60px;--awb-padding-right-medium:60px;--awb-padding-left-medium:60px;--awb-padding-right-small:30px;--awb-padding-left-small:30px;--awb-margin-top:30px;--awb-margin-top-small:0px;--awb-flex-wrap:wrap;\" ><div class=\"fusion-builder-row fusion-row fusion-flex-align-items-flex-start fusion-flex-justify-content-center fusion-flex-content-wrap\" style=\"width:calc( 100% + 60px ) !important;max-width:calc( 100% + 60px ) !important;margin-left: calc(-60px \/ 2 );margin-right: calc(-60px \/ 2 );\"><div class=\"fusion-layout-column fusion_builder_column fusion-builder-column-3 fusion_builder_column_2_5 2_5 fusion-flex-column\" style=\"--awb-bg-blend:overlay;--awb-bg-size:cover;--awb-width-large:40%;--awb-margin-top-large:0px;--awb-spacing-right-large:30px;--awb-margin-bottom-large:20px;--awb-spacing-left-large:30px;--awb-width-medium:75%;--awb-order-medium:0;--awb-spacing-right-medium:30px;--awb-spacing-left-medium:30px;--awb-width-small:100%;--awb-order-small:0;--awb-spacing-right-small:30px;--awb-spacing-left-small:30px;\"><div class=\"fusion-column-wrapper fusion-flex-justify-content-flex-start fusion-content-layout-column\"><div class=\"fusion-builder-row fusion-builder-row-inner fusion-row fusion-flex-align-items-flex-start fusion-flex-justify-content-center fusion-flex-content-wrap\" style=\"--awb-flex-grow:0;--awb-flex-grow-medium:0;--awb-flex-grow-small:0;--awb-flex-shrink:0;--awb-flex-shrink-medium:0;--awb-flex-shrink-small:0;width:calc( 100% + 60px ) !important;max-width:calc( 100% + 60px ) !important;margin-left: calc(-60px \/ 2 );margin-right: calc(-60px \/ 2 );\"><div class=\"fusion-layout-column fusion_builder_column_inner fusion-builder-nested-column-0 fusion_builder_column_inner_1_2 1_2 fusion-flex-column fusion-flex-align-self-center\" style=\"--awb-bg-size:cover;--awb-width-large:50%;--awb-margin-top-large:0px;--awb-spacing-right-large:30px;--awb-margin-bottom-large:0px;--awb-spacing-left-large:30px;--awb-width-medium:50%;--awb-order-medium:0;--awb-spacing-right-medium:30px;--awb-spacing-left-medium:30px;--awb-width-small:100%;--awb-order-small:1;--awb-spacing-right-small:30px;--awb-margin-bottom-small:20px;--awb-spacing-left-small:30px;\"><div class=\"fusion-column-wrapper fusion-column-has-shadow fusion-flex-justify-content-center fusion-content-layout-column\"><div class=\"fusion-text fusion-text-3 fusion-text-no-margin\" style=\"--awb-font-size:var(--awb-typography5-font-size);--awb-line-height:var(--awb-typography5-line-height);--awb-letter-spacing:var(--awb-typography5-letter-spacing);--awb-text-transform:var(--awb-typography5-text-transform);--awb-text-color:var(--awb-custom11);--awb-margin-top:0px;--awb-margin-right:0px;--awb-margin-bottom:0px;--awb-margin-left:0px;--awb-text-font-family:var(--awb-typography5-font-family);--awb-text-font-weight:var(--awb-typography5-font-weight);--awb-text-font-style:var(--awb-typography5-font-style);\"><p>13 junio 2025<\/p>\n<\/div><\/div><\/div><div class=\"fusion-layout-column fusion_builder_column_inner fusion-builder-nested-column-1 fusion_builder_column_inner_1_2 1_2 fusion-flex-column fusion-flex-align-self-center\" style=\"--awb-bg-size:cover;--awb-width-large:50%;--awb-margin-top-large:0px;--awb-spacing-right-large:30px;--awb-margin-bottom-large:0px;--awb-spacing-left-large:30px;--awb-width-medium:50%;--awb-order-medium:0;--awb-spacing-right-medium:30px;--awb-spacing-left-medium:30px;--awb-width-small:100%;--awb-order-small:0;--awb-margin-top-small:0px;--awb-spacing-right-small:30px;--awb-spacing-left-small:30px;\"><div class=\"fusion-column-wrapper fusion-column-has-shadow fusion-flex-justify-content-center fusion-content-layout-column\"><div class=\"fusion-sharing-box fusion-sharing-box-1 boxed-icons\" style=\"background-color:var(--awb-color1);border-color:var(--awb-color1);--awb-margin-top:0px;--awb-margin-right:0px;--awb-margin-bottom:0px;--awb-margin-left:0px;--awb-wrapper-padding-top:0px;--awb-wrapper-padding-right:0px;--awb-wrapper-padding-bottom:0px;--awb-wrapper-padding-left:0px;--awb-padding-top:0px;--awb-padding-right:0px;--awb-padding-bottom:0px;--awb-padding-left:0px;--awb-border-top:0px;--awb-border-right:0px;--awb-border-bottom:0px;--awb-border-left:0px;--awb-icon-size:12px;--awb-separator-border-color:#cccccc;--awb-separator-border-sizes:0px;--awb-stacked-align:flex-end;--awb-layout:row;--awb-alignment-small:flex-end;--awb-stacked-align-small:center;\" data-title=\"El patriarca ecum\u00e9nico Bartolom\u00e9 recibe el premio Heufelder\" data-description=\"Your Content Goes Here       \r\n\r\nEl 6 de junio de 2025, el abad Marianus Bieber de la abad\u00eda de Niederaltaich otorg\u00f3 el Premio Emmanuel Heufelder a Su Beatitud Bartolom\u00e9 I, Patriarca Ecum\u00e9nico de Constantinopla, en reconocimiento a su compromiso de d\u00e9cadas con la\" data-link=\"https:\/\/osb.org\/es\/2025\/06\/13\/el-patriarca-ecumenico-bartolome-recibe-el-premio-heufelder\/\"><div class=\"fusion-social-networks sharingbox-shortcode-icon-wrapper sharingbox-shortcode-icon-wrapper-1 boxed-icons\"><span><a href=\"https:\/\/www.facebook.com\/sharer.php?u=https%3A%2F%2Fosb.org%2Fes%2F2025%2F06%2F13%2Fel-patriarca-ecumenico-bartolome-recibe-el-premio-heufelder%2F&amp;t=El%20patriarca%20ecum%C3%A9nico%20Bartolom%C3%A9%20recibe%20el%20premio%20Heufelder\" target=\"_blank\" rel=\"noreferrer\" title=\"Facebook\" aria-label=\"Facebook\"><i class=\"fusion-social-network-icon fusion-tooltip fusion-facebook awb-icon-facebook\" style=\"color:var(--awb-custom11);background-color:#e8e8e8;border-color:#e8e8e8;border-radius:50%;\" aria-hidden=\"true\"><\/i><\/a><\/span><span><a href=\"https:\/\/x.com\/intent\/post?text=El%20patriarca%20ecum%C3%A9nico%20Bartolom%C3%A9%20recibe%20el%20premio%20Heufelder&amp;url=https%3A%2F%2Fosb.org%2Fes%2F2025%2F06%2F13%2Fel-patriarca-ecumenico-bartolome-recibe-el-premio-heufelder%2F\" target=\"_blank\" rel=\"noopener noreferrer\" title=\"X\" aria-label=\"X\"><i class=\"fusion-social-network-icon fusion-tooltip fusion-twitter awb-icon-twitter\" style=\"color:var(--awb-custom11);background-color:#e8e8e8;border-color:#e8e8e8;border-radius:50%;\" aria-hidden=\"true\"><\/i><\/a><\/span><span><a href=\"https:\/\/api.whatsapp.com\/send?text=https%3A%2F%2Fosb.org%2Fes%2F2025%2F06%2F13%2Fel-patriarca-ecumenico-bartolome-recibe-el-premio-heufelder%2F\" target=\"_blank\" rel=\"noopener noreferrer\" title=\"WhatsApp\" aria-label=\"WhatsApp\"><i class=\"fusion-social-network-icon fusion-tooltip fusion-whatsapp awb-icon-whatsapp\" style=\"color:var(--awb-custom11);background-color:#e8e8e8;border-color:#e8e8e8;border-radius:50%;\" aria-hidden=\"true\"><\/i><\/a><\/span><span><a href=\"mailto:?subject=El%20patriarca%20ecum%C3%A9nico%20Bartolom%C3%A9%20recibe%20el%20premio%20Heufelder&amp;body=https%3A%2F%2Fosb.org%2Fes%2F2025%2F06%2F13%2Fel-patriarca-ecumenico-bartolome-recibe-el-premio-heufelder%2F\" target=\"_self\" title=\"Email\" aria-label=\"Email\"><i class=\"fusion-social-network-icon fusion-tooltip fusion-mail awb-icon-mail\" style=\"color:var(--awb-custom11);background-color:#e8e8e8;border-color:#e8e8e8;border-radius:50%;\" aria-hidden=\"true\"><\/i><\/a><\/span><\/div><\/div><\/div><\/div><\/div><div class=\"fusion-text fusion-text-4\"><p>El 6 de junio de 2025, el abad Marianus Bieber de la abad\u00eda de Niederaltaich otorg\u00f3 el Premio Emmanuel Heufelder a Su Beatitud Bartolom\u00e9 I, Patriarca Ecum\u00e9nico de Constantinopla, en reconocimiento a su compromiso de d\u00e9cadas con la unidad cristiana. El premio, que lleva el nombre del antiguo abad del monasterio, Emmanuel Heufelder OSB, se entrega a personas que han prestado un servicio destacado en la promoci\u00f3n de las relaciones ecum\u00e9nicas, especialmente entre las Iglesias cat\u00f3lica romana y ortodoxa. <\/p>\n<p>La abad\u00eda de Niederaltaich, que forma parte de la Congregaci\u00f3n B\u00e1vara de la Confederaci\u00f3n Benedictina, tiene una conexi\u00f3n particular con esta misi\u00f3n. Fue uno de los primeros monasterios en acoger el llamamiento del Papa P\u00edo XI en 1924, animando a las abad\u00edas benedictinas a comprometerse m\u00e1s profundamente con las Iglesias de Oriente. Hoy en d\u00eda, una parte de la comunidad de Niederaltaich vive y reza seg\u00fan el rito bizantino, encarnando esta vocaci\u00f3n ecum\u00e9nica en la vida mon\u00e1stica diaria.  <\/p>\n<p>El patriarca Bartolom\u00e9, que ha servido como patriarca ecum\u00e9nico desde 1991, ha estado durante mucho tiempo a la vanguardia del fomento del di\u00e1logo entre Oriente y Occidente. En su discurso de aceptaci\u00f3n, habl\u00f3 de la necesidad perdurable de paciencia, oraci\u00f3n y amistad en la b\u00fasqueda de la unidad cristiana, valores que se alinean estrechamente con la visi\u00f3n del abad Heufelder y el trabajo continuo de los monjes de Niederaltaich. <\/p>\n<p>La ceremonia, celebrada en M\u00fanich, atrajo a representantes de c\u00edrculos ortodoxos, cat\u00f3licos y ecum\u00e9nicos, reforzando el compromiso compartido de superar las divisiones hist\u00f3ricas entre las iglesias. Para los benedictinos, tales encuentros reflejan una tradici\u00f3n de contribuir a conversaciones significativas entre las tradiciones cristianas. <\/p>\n<p>Al honrar al patriarca Bartolom\u00e9 con el Premio Emmanuel Heufelder, la abad\u00eda de Niederaltaich subray\u00f3 el papel continuo de la Confederaci\u00f3n Benedictina en la construcci\u00f3n de relaciones respetuosas y duraderas con las Iglesias de Oriente, una misi\u00f3n que comenz\u00f3 hace un siglo y que se mantiene hoy en monasterios, aulas y amistades.<\/p>\n<\/div><div ><a class=\"fusion-button button-flat fusion-button-default-size button-custom fusion-button-default button-1 fusion-button-span-yes fusion-button-default-type\" style=\"--awb-margin-top:10px;--button_accent_color:#ffffff;--button_accent_hover_color:#ffffff;--button_border_hover_color:#ffffff;--button_gradient_top_color:#1f7aa7;--button_gradient_bottom_color:#1f7aa7;--button_gradient_top_color_hover:#72cee0;--button_gradient_bottom_color_hover:#72cee0;\" target=\"_self\" href=\"https:\/\/www.abtei-niederaltaich.de\/kloster\/nachrichten-archiv\/heufelder-preis-fuer-patr-bartholomaeus-6-juni-2025\"><span class=\"fusion-button-text awb-button__text awb-button__text--default\">Art\u00edculo en el sitio web de la abad\u00eda de Niederaltaich |DE|<\/span><\/a><\/div><div ><a class=\"fusion-button button-flat fusion-button-default-size button-custom fusion-button-default button-2 fusion-button-span-yes fusion-button-default-type\" style=\"--awb-margin-top:10px;--button_accent_color:#ffffff;--button_accent_hover_color:#ffffff;--button_border_hover_color:#ffffff;--button_gradient_top_color:#1f7aa7;--button_gradient_bottom_color:#1f7aa7;--button_gradient_top_color_hover:#72cee0;--button_gradient_bottom_color_hover:#72cee0;\" target=\"_self\" href=\"https:\/\/mitropolia-ro.de\/de\/oekumenischer-patriarch-bartholomaeus-in-muenchen-ausgezeichnet\/\"><span class=\"fusion-button-text awb-button__text awb-button__text--default\">Art\u00edculo en el sitio web de Mitropolia Ortodox\u0103 |DE|<\/span><\/a><\/div><div ><a class=\"fusion-button button-flat fusion-button-default-size button-custom fusion-button-default button-3 fusion-button-span-yes fusion-button-default-type\" style=\"--awb-margin-top:10px;--button_accent_color:#ffffff;--button_accent_hover_color:#ffffff;--button_border_hover_color:#ffffff;--button_gradient_top_color:#1f7aa7;--button_gradient_bottom_color:#1f7aa7;--button_gradient_top_color_hover:#72cee0;--button_gradient_bottom_color_hover:#72cee0;\" target=\"_self\" href=\"https:\/\/www.abtei-niederaltaich.de\/oekumene\/abt-emmanuel-heufelder-preis\"><span class=\"fusion-button-text awb-button__text awb-button__text--default\">Acerca del premio Abt Emmanuel Heufelder |DE|<\/span><\/a><\/div><div ><a class=\"fusion-button button-flat fusion-button-default-size button-custom fusion-button-default button-4 fusion-button-span-yes fusion-button-default-type\" style=\"--awb-margin-top:10px;--button_accent_color:#ffffff;--button_accent_hover_color:#ffffff;--button_border_hover_color:#ffffff;--button_gradient_top_color:#1f7aa7;--button_gradient_bottom_color:#1f7aa7;--button_gradient_top_color_hover:#72cee0;--button_gradient_bottom_color_hover:#72cee0;\" target=\"_self\" href=\"https:\/\/en.wikipedia.org\/wiki\/Bartholomew_I_of_Constantinople\"><span class=\"fusion-button-text awb-button__text awb-button__text--default\">Wikipedia: Bartolom\u00e9 I de Constantinopla |EN|<\/span><\/a><\/div><div ><a class=\"fusion-button button-flat fusion-button-default-size button-custom fusion-button-default button-5 fusion-button-span-yes fusion-button-default-type\" style=\"--awb-margin-top:10px;--button_accent_color:#ffffff;--button_accent_hover_color:#ffffff;--button_border_hover_color:#ffffff;--button_gradient_top_color:#1f7aa7;--button_gradient_bottom_color:#1f7aa7;--button_gradient_top_color_hover:#72cee0;--button_gradient_bottom_color_hover:#72cee0;\" target=\"_self\" href=\"https:\/\/www.abtei-niederaltaich.de\/en\/\"><span class=\"fusion-button-text awb-button__text awb-button__text--default\">Sitio web de la abad\u00eda de Niederaltaich |DE| |EN| |RU|<\/span><\/a><\/div><\/div><\/div><\/div><\/div><\/p>\n","protected":false},"excerpt":{"rendered":"<p>El patriarca ecum\u00e9nico Bartolom\u00e9 fue galardonado con el Premio Emmanuel Heufelder por la abad\u00eda de Niederaltaich por su dedicaci\u00f3n de por vida al di\u00e1logo ecum\u00e9nico. El premio destaca el compromiso benedictino de larga data con las Iglesias de Oriente. <\/p>\n","protected":false},"author":1,"featured_media":13604,"comment_status":"closed","ping_status":"closed","sticky":false,"template":"","format":"standard","meta":{"footnotes":""},"categories":[186,191],"tags":[242,370],"class_list":["post-13603","post","type-post","status-publish","format-standard","has-post-thumbnail","hentry","category-nexus-es","category-noticias-es","tag-nexus-julio-2025-es","tag-nexus-informe-mundial-benedictino-es"],"cc_featured_image_caption":{"caption_text":false,"source_text":false,"source_url":false},"_links":{"self":[{"href":"https:\/\/osb.org\/es\/wp-json\/wp\/v2\/posts\/13603","targetHints":{"allow":["GET"]}}],"collection":[{"href":"https:\/\/osb.org\/es\/wp-json\/wp\/v2\/posts"}],"about":[{"href":"https:\/\/osb.org\/es\/wp-json\/wp\/v2\/types\/post"}],"author":[{"embeddable":true,"href":"https:\/\/osb.org\/es\/wp-json\/wp\/v2\/users\/1"}],"replies":[{"embeddable":true,"href":"https:\/\/osb.org\/es\/wp-json\/wp\/v2\/comments?post=13603"}],"version-history":[{"count":0,"href":"https:\/\/osb.org\/es\/wp-json\/wp\/v2\/posts\/13603\/revisions"}],"wp:featuredmedia":[{"embeddable":true,"href":"https:\/\/osb.org\/es\/wp-json\/wp\/v2\/media\/13604"}],"wp:attachment":[{"href":"https:\/\/osb.org\/es\/wp-json\/wp\/v2\/media?parent=13603"}],"wp:term":[{"taxonomy":"category","embeddable":true,"href":"https:\/\/osb.org\/es\/wp-json\/wp\/v2\/categories?post=13603"},{"taxonomy":"post_tag","embeddable":true,"href":"https:\/\/osb.org\/es\/wp-json\/wp\/v2\/tags?post=13603"}],"curies":[{"name":"wp","href":"https:\/\/api.w.org\/{rel}","templated":true}]}}