{"id":13593,"date":"2025-06-24T11:29:33","date_gmt":"2025-06-24T09:29:33","guid":{"rendered":"https:\/\/osb.org\/2025\/06\/24\/fallece-el-abad-mamerto-menapace-osb-a-los-83-anos\/"},"modified":"2025-09-16T16:51:09","modified_gmt":"2025-09-16T14:51:09","slug":"fallece-el-abad-mamerto-menapace-osb-a-los-83-anos","status":"publish","type":"post","link":"https:\/\/osb.org\/es\/2025\/06\/24\/fallece-el-abad-mamerto-menapace-osb-a-los-83-anos\/","title":{"rendered":"Fallece el abad Mamerto Menapace OSB a los 83 a\u00f1os"},"content":{"rendered":"<p><div class=\"fusion-fullwidth fullwidth-box fusion-builder-row-1 fusion-flex-container has-pattern-background has-mask-background hundred-percent-fullwidth non-hundred-percent-height-scrolling\" style=\"--awb-border-radius-top-left:0px;--awb-border-radius-top-right:0px;--awb-border-radius-bottom-right:0px;--awb-border-radius-bottom-left:0px;--awb-padding-right:60px;--awb-padding-bottom:0px;--awb-padding-left:60px;--awb-padding-right-small:30px;--awb-padding-left-small:30px;--awb-flex-wrap:wrap;\" ><div class=\"fusion-builder-row fusion-row fusion-flex-align-items-center fusion-flex-justify-content-flex-end fusion-flex-content-wrap\" style=\"width:calc( 100% + 60px ) !important;max-width:calc( 100% + 60px ) !important;margin-left: calc(-60px \/ 2 );margin-right: calc(-60px \/ 2 );\"><div class=\"fusion-layout-column fusion_builder_column fusion-builder-column-0 fusion_builder_column_1_2 1_2 fusion-flex-column\" style=\"--awb-padding-right:60px;--awb-padding-left:60px;--awb-padding-right-small:0px;--awb-padding-left-small:0px;--awb-bg-size:cover;--awb-width-large:50%;--awb-margin-top-large:0px;--awb-spacing-right-large:30px;--awb-margin-bottom-large:20px;--awb-spacing-left-large:30px;--awb-width-medium:100%;--awb-order-medium:0;--awb-margin-top-medium:20px;--awb-spacing-right-medium:30px;--awb-margin-bottom-medium:0px;--awb-spacing-left-medium:30px;--awb-width-small:100%;--awb-order-small:0;--awb-spacing-right-small:30px;--awb-spacing-left-small:30px;\"><div class=\"fusion-column-wrapper fusion-column-has-shadow fusion-flex-justify-content-flex-start fusion-content-layout-column\"><div class=\"fusion-title title fusion-title-1 fusion-sep-none fusion-title-text fusion-title-size-one\" style=\"--awb-text-color:var(--awb-custom13);--awb-margin-top-small:0px;--awb-margin-right-small:0px;--awb-margin-bottom-small:20px;--awb-margin-left-small:0px;--awb-font-size:40px;\"><h1 class=\"fusion-title-heading title-heading-left md-text-align-center fusion-responsive-typography-calculated\" style=\"font-family:var(--awb-typography1-font-family);font-weight:var(--awb-typography1-font-weight);font-style:var(--awb-typography1-font-style);margin:0;letter-spacing:var(--awb-typography1-letter-spacing);text-transform:var(--awb-typography1-text-transform);font-size:1em;--fontSize:40;line-height:var(--awb-typography1-line-height);\">Fallece el abad Mamerto Menapace OSB a los 83 a\u00f1os<\/h1><\/div><div class=\"fusion-text fusion-text-1 fusion-no-small-visibility fusion-no-medium-visibility\" style=\"--awb-font-size:var(--awb-typography3-font-size);--awb-line-height:var(--awb-typography3-line-height);--awb-letter-spacing:var(--awb-typography3-letter-spacing);--awb-text-transform:var(--awb-typography3-text-transform);--awb-text-font-family:var(--awb-typography3-font-family);--awb-text-font-weight:var(--awb-typography3-font-weight);--awb-text-font-style:var(--awb-typography3-font-style);\"><p>El abad Mamerto Menapace OSB, monje de la Abad\u00eda de Santa Mar\u00eda de Los Toldos y antiguo Abad Presidente de la Congregaci\u00f3n de la Santa Cruz del Cono Sur, ha fallecido a los 83 a\u00f1os. Sus escritos y reflexiones marcaron profundamente la fe de innumerables argentinos. <\/p>\n<\/div><\/div><\/div><div class=\"fusion-layout-column fusion_builder_column fusion-builder-column-1 fusion_builder_column_1_2 1_2 fusion-flex-column\" style=\"--awb-bg-size:cover;--awb-width-large:50%;--awb-margin-top-large:0px;--awb-spacing-right-large:30px;--awb-margin-bottom-large:0px;--awb-spacing-left-large:30px;--awb-width-medium:100%;--awb-order-medium:0;--awb-spacing-right-medium:30px;--awb-spacing-left-medium:30px;--awb-width-small:100%;--awb-order-small:0;--awb-spacing-right-small:30px;--awb-spacing-left-small:30px;\"><div class=\"fusion-column-wrapper fusion-column-has-shadow fusion-flex-justify-content-flex-start fusion-content-layout-column\"><div class=\"fusion-image-element \" style=\"--awb-caption-title-font-family:var(--h2_typography-font-family);--awb-caption-title-font-weight:var(--h2_typography-font-weight);--awb-caption-title-font-style:var(--h2_typography-font-style);--awb-caption-title-size:var(--h2_typography-font-size);--awb-caption-title-transform:var(--h2_typography-text-transform);--awb-caption-title-line-height:var(--h2_typography-line-height);--awb-caption-title-letter-spacing:var(--h2_typography-letter-spacing);\"><span class=\" fusion-imageframe imageframe-none imageframe-1 hover-type-none\" style=\"border:1px solid var(--awb-custom10);\"><a href=\"https:\/\/osb.org\/wp-content\/uploads\/2025\/06\/Mamerto-Menapace.jpg\" class=\"fusion-lightbox\" data-rel=\"iLightbox[014293f41ef0ba8c566]\" data-title=\"Mamerto Menapace\" title=\"Mamerto Menapace\"><img decoding=\"async\" width=\"1628\" height=\"916\" src=\"https:\/\/osb.org\/wp-content\/uploads\/2025\/06\/Mamerto-Menapace.jpg\" data-orig-src=\"https:\/\/osb.org\/wp-content\/uploads\/2025\/06\/Mamerto-Menapace.jpg\" alt class=\"lazyload img-responsive wp-image-13594\" srcset=\"data:image\/svg+xml,%3Csvg%20xmlns%3D%27http%3A%2F%2Fwww.w3.org%2F2000%2Fsvg%27%20width%3D%271628%27%20height%3D%27916%27%20viewBox%3D%270%200%201628%20916%27%3E%3Crect%20width%3D%271628%27%20height%3D%27916%27%20fill-opacity%3D%220%22%2F%3E%3C%2Fsvg%3E\" data-srcset=\"https:\/\/osb.org\/wp-content\/uploads\/2025\/06\/Mamerto-Menapace-200x113.jpg 200w, https:\/\/osb.org\/wp-content\/uploads\/2025\/06\/Mamerto-Menapace-400x225.jpg 400w, https:\/\/osb.org\/wp-content\/uploads\/2025\/06\/Mamerto-Menapace-600x338.jpg 600w, https:\/\/osb.org\/wp-content\/uploads\/2025\/06\/Mamerto-Menapace-800x450.jpg 800w, https:\/\/osb.org\/wp-content\/uploads\/2025\/06\/Mamerto-Menapace-1200x675.jpg 1200w, https:\/\/osb.org\/wp-content\/uploads\/2025\/06\/Mamerto-Menapace.jpg 1628w\" data-sizes=\"auto\" data-orig-sizes=\"(max-width: 1024px) 100vw, (max-width: 640px) 100vw, 600px\" \/><\/a><\/span><\/div><div class=\"fusion-text fusion-text-2 fusion-text-no-margin\" style=\"--awb-font-size:var(--awb-typography5-font-size);--awb-line-height:var(--awb-typography5-line-height);--awb-letter-spacing:var(--awb-typography5-letter-spacing);--awb-text-transform:var(--awb-typography5-text-transform);--awb-text-color:var(--awb-custom11);--awb-margin-top:12px;--awb-margin-bottom:12px;--awb-text-font-family:var(--awb-typography5-font-family);--awb-text-font-weight:var(--awb-typography5-font-weight);--awb-text-font-style:var(--awb-typography5-font-style);\"><p>Your Content Goes Here<\/p>\n<\/div><\/div><\/div><div class=\"fusion-layout-column fusion_builder_column fusion-builder-column-2 fusion_builder_column_1_2 1_2 fusion-flex-column\" style=\"--awb-bg-size:cover;--awb-width-large:50%;--awb-margin-top-large:0px;--awb-spacing-right-large:30px;--awb-margin-bottom-large:0px;--awb-spacing-left-large:30px;--awb-width-medium:100%;--awb-order-medium:0;--awb-spacing-right-medium:30px;--awb-spacing-left-medium:30px;--awb-width-small:100%;--awb-order-small:0;--awb-spacing-right-small:30px;--awb-spacing-left-small:30px;\"><div class=\"fusion-column-wrapper fusion-column-has-shadow fusion-flex-justify-content-flex-start fusion-content-layout-column\"><div class=\"fusion-separator fusion-full-width-sep\" style=\"align-self: center;margin-left: auto;margin-right: auto;width:100%;\"><div class=\"fusion-separator-border sep-single sep-solid\" style=\"--awb-height:20px;--awb-amount:20px;--awb-sep-color:var(--awb-color4);border-color:var(--awb-color4);border-top-width:3px;\"><\/div><\/div><\/div><\/div><\/div><\/div><div class=\"fusion-fullwidth fullwidth-box fusion-builder-row-2 fusion-flex-container hundred-percent-fullwidth non-hundred-percent-height-scrolling\" style=\"--awb-border-radius-top-left:0px;--awb-border-radius-top-right:0px;--awb-border-radius-bottom-right:0px;--awb-border-radius-bottom-left:0px;--awb-padding-right:60px;--awb-padding-left:60px;--awb-padding-right-medium:60px;--awb-padding-left-medium:60px;--awb-padding-right-small:30px;--awb-padding-left-small:30px;--awb-margin-top-small:0px;--awb-flex-wrap:wrap;\" ><div class=\"fusion-builder-row fusion-row fusion-flex-align-items-flex-start fusion-flex-justify-content-center fusion-flex-content-wrap\" style=\"width:calc( 100% + 60px ) !important;max-width:calc( 100% + 60px ) !important;margin-left: calc(-60px \/ 2 );margin-right: calc(-60px \/ 2 );\"><div class=\"fusion-layout-column fusion_builder_column fusion-builder-column-3 fusion_builder_column_1_2 1_2 fusion-flex-column\" style=\"--awb-bg-size:cover;--awb-width-large:50%;--awb-margin-top-large:0px;--awb-spacing-right-large:30px;--awb-margin-bottom-large:20px;--awb-spacing-left-large:30px;--awb-width-medium:100%;--awb-order-medium:1;--awb-spacing-right-medium:30px;--awb-spacing-left-medium:30px;--awb-width-small:100%;--awb-order-small:1;--awb-spacing-right-small:30px;--awb-spacing-left-small:30px;\"><div class=\"fusion-column-wrapper fusion-column-has-shadow fusion-flex-justify-content-flex-start fusion-content-layout-column\"><div class=\"fusion-video fusion-youtube\" style=\"--awb-max-width:1920px;--awb-max-height:1080px;\"><div class=\"video-shortcode\"><lite-youtube videoid=\"bLC6zw43XDQ\" class=\"landscape\" params=\"wmode=transparent&autoplay=1&amp;enablejsapi=1\" title=\"YouTube video player 1\" data-button-label=\"Play Video\" width=\"1920\" height=\"1080\" data-thumbnail-size=\"auto\" data-no-cookie=\"on\"><\/lite-youtube><\/div><\/div><div class=\"fusion-title title fusion-title-2 sep-underline sep-solid fusion-title-center fusion-title-text fusion-title-size-one\" style=\"--awb-margin-top:10px;--awb-margin-top-small:0px;--awb-margin-right-small:0px;--awb-margin-bottom-small:20px;--awb-margin-left-small:0px;--awb-font-size:var(--awb-typography3-font-size);\"><h1 class=\"fusion-title-heading title-heading-center fusion-responsive-typography-calculated\" style=\"font-family:var(--awb-typography3-font-family);font-weight:var(--awb-typography3-font-weight);font-style:var(--awb-typography3-font-style);margin:0;letter-spacing:var(--awb-typography3-letter-spacing);text-transform:var(--awb-typography3-text-transform);font-size:1em;--fontSize:22;--minFontSize:22;line-height:var(--awb-typography3-line-height);\"><p>Despide al Padre Mamerto Menapace<br \/>\nen el canal de YouTube <a href=\"https:\/\/www.youtube.com\/@AreopagoAsocCivil\" target=\"_blank\" rel=\"noopener\">Claves para un Mundo Mejor<\/a><\/p><\/h1><\/div><\/div><\/div><div class=\"fusion-layout-column fusion_builder_column fusion-builder-column-4 fusion_builder_column_1_2 1_2 fusion-flex-column\" style=\"--awb-bg-blend:overlay;--awb-bg-size:cover;--awb-width-large:50%;--awb-margin-top-large:0px;--awb-spacing-right-large:30px;--awb-margin-bottom-large:20px;--awb-spacing-left-large:30px;--awb-width-medium:75%;--awb-order-medium:0;--awb-spacing-right-medium:30px;--awb-spacing-left-medium:30px;--awb-width-small:100%;--awb-order-small:0;--awb-spacing-right-small:30px;--awb-spacing-left-small:30px;\"><div class=\"fusion-column-wrapper fusion-flex-justify-content-flex-start fusion-content-layout-column\"><div class=\"fusion-builder-row fusion-builder-row-inner fusion-row fusion-flex-align-items-flex-start fusion-flex-justify-content-center fusion-flex-content-wrap\" style=\"--awb-flex-grow:0;--awb-flex-grow-medium:0;--awb-flex-grow-small:0;--awb-flex-shrink:0;--awb-flex-shrink-medium:0;--awb-flex-shrink-small:0;width:calc( 100% + 60px ) !important;max-width:calc( 100% + 60px ) !important;margin-left: calc(-60px \/ 2 );margin-right: calc(-60px \/ 2 );\"><div class=\"fusion-layout-column fusion_builder_column_inner fusion-builder-nested-column-0 fusion_builder_column_inner_1_2 1_2 fusion-flex-column fusion-flex-align-self-center\" style=\"--awb-bg-size:cover;--awb-width-large:50%;--awb-margin-top-large:0px;--awb-spacing-right-large:30px;--awb-margin-bottom-large:0px;--awb-spacing-left-large:30px;--awb-width-medium:50%;--awb-order-medium:0;--awb-spacing-right-medium:30px;--awb-spacing-left-medium:30px;--awb-width-small:100%;--awb-order-small:1;--awb-spacing-right-small:30px;--awb-margin-bottom-small:20px;--awb-spacing-left-small:30px;\"><div class=\"fusion-column-wrapper fusion-column-has-shadow fusion-flex-justify-content-center fusion-content-layout-column\"><div class=\"fusion-text fusion-text-3 fusion-text-no-margin\" style=\"--awb-font-size:var(--awb-typography5-font-size);--awb-line-height:var(--awb-typography5-line-height);--awb-letter-spacing:var(--awb-typography5-letter-spacing);--awb-text-transform:var(--awb-typography5-text-transform);--awb-text-color:var(--awb-custom11);--awb-margin-top:0px;--awb-margin-right:0px;--awb-margin-bottom:0px;--awb-margin-left:0px;--awb-text-font-family:var(--awb-typography5-font-family);--awb-text-font-weight:var(--awb-typography5-font-weight);--awb-text-font-style:var(--awb-typography5-font-style);\"><p>24 junio 2025<\/p>\n<\/div><\/div><\/div><div class=\"fusion-layout-column fusion_builder_column_inner fusion-builder-nested-column-1 fusion_builder_column_inner_1_2 1_2 fusion-flex-column fusion-flex-align-self-center\" style=\"--awb-bg-size:cover;--awb-width-large:50%;--awb-margin-top-large:0px;--awb-spacing-right-large:30px;--awb-margin-bottom-large:0px;--awb-spacing-left-large:30px;--awb-width-medium:50%;--awb-order-medium:0;--awb-spacing-right-medium:30px;--awb-spacing-left-medium:30px;--awb-width-small:100%;--awb-order-small:0;--awb-margin-top-small:0px;--awb-spacing-right-small:30px;--awb-spacing-left-small:30px;\"><div class=\"fusion-column-wrapper fusion-column-has-shadow fusion-flex-justify-content-center fusion-content-layout-column\"><div class=\"fusion-sharing-box fusion-sharing-box-1 boxed-icons\" style=\"background-color:var(--awb-color1);border-color:var(--awb-color1);--awb-margin-top:0px;--awb-margin-right:0px;--awb-margin-bottom:0px;--awb-margin-left:0px;--awb-wrapper-padding-top:0px;--awb-wrapper-padding-right:0px;--awb-wrapper-padding-bottom:0px;--awb-wrapper-padding-left:0px;--awb-padding-top:0px;--awb-padding-right:0px;--awb-padding-bottom:0px;--awb-padding-left:0px;--awb-border-top:0px;--awb-border-right:0px;--awb-border-bottom:0px;--awb-border-left:0px;--awb-icon-size:12px;--awb-separator-border-color:#cccccc;--awb-separator-border-sizes:0px;--awb-stacked-align:flex-end;--awb-layout:row;--awb-alignment-small:flex-end;--awb-stacked-align-small:center;\" data-title=\"Fallece el abad Mamerto Menapace OSB a los 83 a\u00f1os\" data-description=\"Your Content Goes Here  Your Content Goes Here    \r\n\r\nDespide al Padre Mamerto Menapace\r\nen el canal de YouTube Claves para un Mundo Mejor    \r\n\r\nAbad Mamerto Menapace OSB\r\n24 de enero de 1942 \u2013 6 de junio de 2025\r\n\r\nEl viernes 6\" data-link=\"https:\/\/osb.org\/es\/2025\/06\/24\/fallece-el-abad-mamerto-menapace-osb-a-los-83-anos\/\"><div class=\"fusion-social-networks sharingbox-shortcode-icon-wrapper sharingbox-shortcode-icon-wrapper-1 boxed-icons\"><span><a href=\"https:\/\/www.facebook.com\/sharer.php?u=https%3A%2F%2Fosb.org%2Fes%2F2025%2F06%2F24%2Ffallece-el-abad-mamerto-menapace-osb-a-los-83-anos%2F&amp;t=Fallece%20el%20abad%20Mamerto%20Menapace%20OSB%20a%20los%2083%20a%C3%B1os\" target=\"_blank\" rel=\"noreferrer\" title=\"Facebook\" aria-label=\"Facebook\"><i class=\"fusion-social-network-icon fusion-tooltip fusion-facebook awb-icon-facebook\" style=\"color:var(--awb-custom11);background-color:#e8e8e8;border-color:#e8e8e8;border-radius:50%;\" aria-hidden=\"true\"><\/i><\/a><\/span><span><a href=\"https:\/\/x.com\/intent\/post?text=Fallece%20el%20abad%20Mamerto%20Menapace%20OSB%20a%20los%2083%20a%C3%B1os&amp;url=https%3A%2F%2Fosb.org%2Fes%2F2025%2F06%2F24%2Ffallece-el-abad-mamerto-menapace-osb-a-los-83-anos%2F\" target=\"_blank\" rel=\"noopener noreferrer\" title=\"X\" aria-label=\"X\"><i class=\"fusion-social-network-icon fusion-tooltip fusion-twitter awb-icon-twitter\" style=\"color:var(--awb-custom11);background-color:#e8e8e8;border-color:#e8e8e8;border-radius:50%;\" aria-hidden=\"true\"><\/i><\/a><\/span><span><a href=\"https:\/\/api.whatsapp.com\/send?text=https%3A%2F%2Fosb.org%2Fes%2F2025%2F06%2F24%2Ffallece-el-abad-mamerto-menapace-osb-a-los-83-anos%2F\" target=\"_blank\" rel=\"noopener noreferrer\" title=\"WhatsApp\" aria-label=\"WhatsApp\"><i class=\"fusion-social-network-icon fusion-tooltip fusion-whatsapp awb-icon-whatsapp\" style=\"color:var(--awb-custom11);background-color:#e8e8e8;border-color:#e8e8e8;border-radius:50%;\" aria-hidden=\"true\"><\/i><\/a><\/span><span><a href=\"mailto:?subject=Fallece%20el%20abad%20Mamerto%20Menapace%20OSB%20a%20los%2083%20a%C3%B1os&amp;body=https%3A%2F%2Fosb.org%2Fes%2F2025%2F06%2F24%2Ffallece-el-abad-mamerto-menapace-osb-a-los-83-anos%2F\" target=\"_self\" title=\"Email\" aria-label=\"Email\"><i class=\"fusion-social-network-icon fusion-tooltip fusion-mail awb-icon-mail\" style=\"color:var(--awb-custom11);background-color:#e8e8e8;border-color:#e8e8e8;border-radius:50%;\" aria-hidden=\"true\"><\/i><\/a><\/span><\/div><\/div><\/div><\/div><\/div><div class=\"fusion-text fusion-text-4\" style=\"--awb-margin-top:10px;\"><p><strong>Abad Mamerto Menapace OSB<\/strong><br \/>\n<strong>24 de enero de 1942 \u2013 6 de junio de 2025<\/strong><\/p>\n<p>El viernes 6 de junio de 2025, falleci\u00f3 el abad Mamerto Menapace OSB en el Monasterio Benedictino de Los Toldos (Provincia de Buenos Aires). El abad Mamerto era monje de la Abad\u00eda de Santa Mar\u00eda de Los Toldos, donde hab\u00eda ingresado como joven oblato a la edad de diez a\u00f1os. Ten\u00eda 83 a\u00f1os, con 65 a\u00f1os de profesi\u00f3n mon\u00e1stica y 58 a\u00f1os como sacerdote. Sirvi\u00f3 como Prior Conventual de su monasterio desde septiembre de 1974 y m\u00e1s tarde como Abad durante doce a\u00f1os, desde junio de 1980 hasta mayo de 1992. Desde 1995 hasta 2022, fue Abad Presidente de la Congregaci\u00f3n Cono-Sur.    <\/p>\n<p>El abad Mamerto fue una presencia gu\u00eda para los fieles de la Iglesia Argentina. Todos, sin excepci\u00f3n, conoc\u00edan sus historias y reflexiones, que ayudaron a hacer presente la ternura y el amor de un Jes\u00fas misericordioso y cercano que llama y espera. Sus textos fueron utilizados a menudo en retiros y encuentros de la Iglesia; los escritos de este \u201ccura gaucho\u201d se convirtieron en parte del paisaje eclesial. A trav\u00e9s de la silenciosa y fruct\u00edfera reflexi\u00f3n de la <em>lectio divina<\/em>, y a trav\u00e9s de sus meditaciones sobre la naturaleza y las acciones de la gente com\u00fan, reflej\u00f3 la presencia permanente de Dios que camina el camino junto a cada uno de sus hijos. Durante varios a\u00f1os, cada s\u00e1bado ofreci\u00f3 una columna en el programa Claves para un mundo mejor, transmitido en YouTube. En su \u00faltima grabaci\u00f3n, realizada pocos d\u00edas antes de su muerte, y sin que la mayor\u00eda de la gente se diera cuenta, este \u201camigo de todos\u201d ya se estaba despidiendo y pidiendo una oraci\u00f3n. Sencillez, vida cotidiana, amistad con Dios, humor y profunda alegr\u00eda \u2014 estas fueron algunas de las cualidades encontradas en sus escritos, siempre dirigidos al coraz\u00f3n. Hoy, las redes sociales est\u00e1n llenas de historias personales con Mamerto como protagonista, porque fue ese toque suave al alma que mostr\u00f3, ense\u00f1\u00f3, guio y acompa\u00f1\u00f3 los viajes de fe de innumerables personas que buscaban un encuentro m\u00e1s profundo con Jes\u00fas y la vida espiritual.       <\/p>\n<p>Los obispos de la Conferencia Episcopal Argentina dieron gracias a Dios por el testimonio y la vida de este monje. \u201cSu sabidur\u00eda espiritual, expresada a trav\u00e9s de historias y cuentos en los que entrelazaba la profundidad del Evangelio con las expresiones sencillas de nuestro pueblo, permiti\u00f3 a muchos hermanos y hermanas conocer y profundizar en la nueva vida que brota de la fe\u201d, escribieron en su mensaje.<\/p>\n<\/div><div ><a class=\"fusion-button button-flat fusion-button-default-size button-custom fusion-button-default button-1 fusion-button-span-yes fusion-button-default-type\" style=\"--awb-margin-top:10px;--button_accent_color:#ffffff;--button_accent_hover_color:#ffffff;--button_border_hover_color:#ffffff;--button_gradient_top_color:#1f7aa7;--button_gradient_bottom_color:#1f7aa7;--button_gradient_top_color_hover:#72cee0;--button_gradient_bottom_color_hover:#72cee0;\" target=\"_self\" href=\"https:\/\/en.wikipedia.org\/wiki\/Monasterio_Benedictino_Santa_Mar%C3%ADa\"><span class=\"fusion-button-text awb-button__text awb-button__text--default\">Monasterio benedictino Santa Mar\u00eda Wikipedia<\/span><\/a><\/div><div ><a class=\"fusion-button button-flat fusion-button-default-size button-custom fusion-button-default button-2 fusion-button-span-yes fusion-button-default-type\" style=\"--awb-margin-top:10px;--button_accent_color:#ffffff;--button_accent_hover_color:#ffffff;--button_border_hover_color:#ffffff;--button_gradient_top_color:#1f7aa7;--button_gradient_bottom_color:#1f7aa7;--button_gradient_top_color_hover:#72cee0;--button_gradient_bottom_color_hover:#72cee0;\" target=\"_self\" href=\"https:\/\/en.wikipedia.org\/wiki\/Mamerto_Menapace\"><span class=\"fusion-button-text awb-button__text awb-button__text--default\">Mamerto Menapace Wikipedia<\/span><\/a><\/div><\/div><\/div><\/div><\/div><\/p>\n","protected":false},"excerpt":{"rendered":"<p>El abad Mamerto Menapace OSB, monje de la Abad\u00eda de Santa Mar\u00eda de Los Toldos y antiguo Abad Presidente de la Congregaci\u00f3n de la Santa Cruz del Cono Sur, ha fallecido a los 83 a\u00f1os. Sus escritos y reflexiones marcaron profundamente la fe de innumerables argentinos. <\/p>\n","protected":false},"author":1,"featured_media":13594,"comment_status":"closed","ping_status":"closed","sticky":false,"template":"","format":"standard","meta":{"footnotes":""},"categories":[186,191,335],"tags":[242,370,336],"class_list":["post-13593","post","type-post","status-publish","format-standard","has-post-thumbnail","hentry","category-nexus-es","category-noticias-es","category-obituarios","tag-nexus-julio-2025-es","tag-nexus-informe-mundial-benedictino-es","tag-obituarios_2025"],"cc_featured_image_caption":{"caption_text":false,"source_text":false,"source_url":false},"_links":{"self":[{"href":"https:\/\/osb.org\/es\/wp-json\/wp\/v2\/posts\/13593","targetHints":{"allow":["GET"]}}],"collection":[{"href":"https:\/\/osb.org\/es\/wp-json\/wp\/v2\/posts"}],"about":[{"href":"https:\/\/osb.org\/es\/wp-json\/wp\/v2\/types\/post"}],"author":[{"embeddable":true,"href":"https:\/\/osb.org\/es\/wp-json\/wp\/v2\/users\/1"}],"replies":[{"embeddable":true,"href":"https:\/\/osb.org\/es\/wp-json\/wp\/v2\/comments?post=13593"}],"version-history":[{"count":0,"href":"https:\/\/osb.org\/es\/wp-json\/wp\/v2\/posts\/13593\/revisions"}],"wp:featuredmedia":[{"embeddable":true,"href":"https:\/\/osb.org\/es\/wp-json\/wp\/v2\/media\/13594"}],"wp:attachment":[{"href":"https:\/\/osb.org\/es\/wp-json\/wp\/v2\/media?parent=13593"}],"wp:term":[{"taxonomy":"category","embeddable":true,"href":"https:\/\/osb.org\/es\/wp-json\/wp\/v2\/categories?post=13593"},{"taxonomy":"post_tag","embeddable":true,"href":"https:\/\/osb.org\/es\/wp-json\/wp\/v2\/tags?post=13593"}],"curies":[{"name":"wp","href":"https:\/\/api.w.org\/{rel}","templated":true}]}}