{"id":13437,"date":"2025-08-07T09:56:47","date_gmt":"2025-08-07T07:56:47","guid":{"rendered":"https:\/\/osb.org\/2025\/08\/07\/una-charla-magistral-del-abad-primado-jeremias-schroder\/"},"modified":"2025-10-11T16:10:57","modified_gmt":"2025-10-11T14:10:57","slug":"una-conferencia-del-abad-primado-jeremias-schroder","status":"publish","type":"post","link":"https:\/\/osb.org\/es\/2025\/08\/07\/una-conferencia-del-abad-primado-jeremias-schroder\/","title":{"rendered":"Una conferencia del abad primado Jeremias Schr\u00f6der"},"content":{"rendered":"<p><div class=\"fusion-fullwidth fullwidth-box fusion-builder-row-1 fusion-flex-container has-pattern-background has-mask-background hundred-percent-fullwidth non-hundred-percent-height-scrolling\" style=\"--awb-border-radius-top-left:0px;--awb-border-radius-top-right:0px;--awb-border-radius-bottom-right:0px;--awb-border-radius-bottom-left:0px;--awb-padding-right:60px;--awb-padding-bottom:0px;--awb-padding-left:60px;--awb-padding-right-small:30px;--awb-padding-left-small:30px;--awb-flex-wrap:wrap;\" ><div class=\"fusion-builder-row fusion-row fusion-flex-align-items-center fusion-flex-justify-content-flex-end fusion-flex-content-wrap\" style=\"width:calc( 100% + 60px ) !important;max-width:calc( 100% + 60px ) !important;margin-left: calc(-60px \/ 2 );margin-right: calc(-60px \/ 2 );\"><div class=\"fusion-layout-column fusion_builder_column fusion-builder-column-0 fusion_builder_column_1_2 1_2 fusion-flex-column\" style=\"--awb-padding-right:60px;--awb-padding-left:60px;--awb-padding-right-small:0px;--awb-padding-left-small:0px;--awb-bg-size:cover;--awb-width-large:50%;--awb-margin-top-large:0px;--awb-spacing-right-large:30px;--awb-margin-bottom-large:20px;--awb-spacing-left-large:30px;--awb-width-medium:100%;--awb-order-medium:0;--awb-margin-top-medium:20px;--awb-spacing-right-medium:30px;--awb-margin-bottom-medium:0px;--awb-spacing-left-medium:30px;--awb-width-small:100%;--awb-order-small:0;--awb-spacing-right-small:30px;--awb-spacing-left-small:30px;\"><div class=\"fusion-column-wrapper fusion-column-has-shadow fusion-flex-justify-content-flex-start fusion-content-layout-column\"><div class=\"fusion-title title fusion-title-1 fusion-sep-none fusion-title-text fusion-title-size-one\" style=\"--awb-text-color:var(--awb-custom13);--awb-margin-top-small:0px;--awb-margin-right-small:0px;--awb-margin-bottom-small:20px;--awb-margin-left-small:0px;--awb-font-size:40px;\"><h1 class=\"fusion-title-heading title-heading-left md-text-align-center fusion-responsive-typography-calculated\" style=\"font-family:var(--awb-typography1-font-family);font-weight:var(--awb-typography1-font-weight);font-style:var(--awb-typography1-font-style);margin:0;letter-spacing:var(--awb-typography1-letter-spacing);text-transform:var(--awb-typography1-text-transform);font-size:1em;--fontSize:40;line-height:var(--awb-typography1-line-height);\">Una conferencia del abad primado Jeremias Schr\u00f6der<\/h1><\/div><div class=\"fusion-text fusion-text-1 fusion-no-small-visibility fusion-no-medium-visibility\" style=\"--awb-font-size:var(--awb-typography3-font-size);--awb-line-height:var(--awb-typography3-line-height);--awb-letter-spacing:var(--awb-typography3-letter-spacing);--awb-text-transform:var(--awb-typography3-text-transform);--awb-text-font-family:var(--awb-typography3-font-family);--awb-text-font-weight:var(--awb-typography3-font-weight);--awb-text-font-style:var(--awb-typography3-font-style);\"><p>Durante las celebraciones que conmemoraron el 50 aniversario de la iglesia de la abad\u00eda de Worth (Reino Unido), el abad primado Jeremias Schr\u00f6der OSB se dirigi\u00f3 a la Uni\u00f3n Cat\u00f3lica de Gran Breta\u00f1a.<\/p>\n<\/div><\/div><\/div><div class=\"fusion-layout-column fusion_builder_column fusion-builder-column-1 fusion_builder_column_1_2 1_2 fusion-flex-column\" style=\"--awb-bg-size:cover;--awb-width-large:50%;--awb-margin-top-large:0px;--awb-spacing-right-large:30px;--awb-margin-bottom-large:0px;--awb-spacing-left-large:30px;--awb-width-medium:100%;--awb-order-medium:0;--awb-spacing-right-medium:30px;--awb-spacing-left-medium:30px;--awb-width-small:100%;--awb-order-small:0;--awb-spacing-right-small:30px;--awb-spacing-left-small:30px;\"><div class=\"fusion-column-wrapper fusion-column-has-shadow fusion-flex-justify-content-flex-start fusion-content-layout-column\"><div class=\"fusion-image-element \" style=\"--awb-caption-title-font-family:var(--h2_typography-font-family);--awb-caption-title-font-weight:var(--h2_typography-font-weight);--awb-caption-title-font-style:var(--h2_typography-font-style);--awb-caption-title-size:var(--h2_typography-font-size);--awb-caption-title-transform:var(--h2_typography-text-transform);--awb-caption-title-line-height:var(--h2_typography-line-height);--awb-caption-title-letter-spacing:var(--h2_typography-letter-spacing);\"><span class=\" fusion-imageframe imageframe-none imageframe-1 hover-type-none\" style=\"border:1px solid var(--awb-custom10);\"><a href=\"https:\/\/osb.org\/wp-content\/uploads\/2025\/08\/Worth-Abbey-50th-Celebrations-300.jpg\" class=\"fusion-lightbox\" data-rel=\"iLightbox[1ace92c59a6be289fb9]\" data-caption=\"Foto de Liz Finlayson\/Vervate\nLa abad\u00eda de Worth celebra el 50 aniversario de la consagraci\u00f3n de la iglesia abacial - S\u00e1bado 12 de julio de 2025\" data-title=\"50 aniversario de la abad\u00eda de Worth 2025\" title=\"50 aniversario de la abad\u00eda de Worth 2025\"><img decoding=\"async\" width=\"1920\" height=\"1080\" src=\"https:\/\/osb.org\/wp-content\/uploads\/2025\/08\/Worth-Abbey-50th-Celebrations-300.jpg\" data-orig-src=\"https:\/\/osb.org\/wp-content\/uploads\/2025\/08\/Worth-Abbey-50th-Celebrations-300.jpg\" alt class=\"lazyload img-responsive wp-image-13438\" srcset=\"data:image\/svg+xml,%3Csvg%20xmlns%3D%27http%3A%2F%2Fwww.w3.org%2F2000%2Fsvg%27%20width%3D%271920%27%20height%3D%271080%27%20viewBox%3D%270%200%201920%201080%27%3E%3Crect%20width%3D%271920%27%20height%3D%271080%27%20fill-opacity%3D%220%22%2F%3E%3C%2Fsvg%3E\" data-srcset=\"https:\/\/osb.org\/wp-content\/uploads\/2025\/08\/Worth-Abbey-50th-Celebrations-300-200x113.jpg 200w, https:\/\/osb.org\/wp-content\/uploads\/2025\/08\/Worth-Abbey-50th-Celebrations-300-400x225.jpg 400w, https:\/\/osb.org\/wp-content\/uploads\/2025\/08\/Worth-Abbey-50th-Celebrations-300-600x338.jpg 600w, https:\/\/osb.org\/wp-content\/uploads\/2025\/08\/Worth-Abbey-50th-Celebrations-300-800x450.jpg 800w, https:\/\/osb.org\/wp-content\/uploads\/2025\/08\/Worth-Abbey-50th-Celebrations-300-1200x675.jpg 1200w, https:\/\/osb.org\/wp-content\/uploads\/2025\/08\/Worth-Abbey-50th-Celebrations-300.jpg 1920w\" data-sizes=\"auto\" data-orig-sizes=\"(max-width: 1024px) 100vw, (max-width: 640px) 100vw, 600px\" \/><\/a><\/span><\/div><div class=\"fusion-text fusion-text-2 fusion-text-no-margin\" style=\"--awb-font-size:var(--awb-typography5-font-size);--awb-line-height:var(--awb-typography5-line-height);--awb-letter-spacing:var(--awb-typography5-letter-spacing);--awb-text-transform:var(--awb-typography5-text-transform);--awb-text-color:var(--awb-custom11);--awb-margin-top:12px;--awb-margin-bottom:12px;--awb-text-font-family:var(--awb-typography5-font-family);--awb-text-font-weight:var(--awb-typography5-font-weight);--awb-text-font-style:var(--awb-typography5-font-style);\"><p>Fotos de Liz Finlayson, <a href=\"https:\/\/vervate.com\" target=\"_blank\" rel=\"noopener\">Vervate Ltd<\/a>., utilizadas con permiso de la abad\u00eda de Worth.<\/p>\n<\/div><\/div><\/div><div class=\"fusion-layout-column fusion_builder_column fusion-builder-column-2 fusion_builder_column_1_2 1_2 fusion-flex-column\" style=\"--awb-bg-size:cover;--awb-width-large:50%;--awb-margin-top-large:0px;--awb-spacing-right-large:30px;--awb-margin-bottom-large:0px;--awb-spacing-left-large:30px;--awb-width-medium:100%;--awb-order-medium:0;--awb-spacing-right-medium:30px;--awb-spacing-left-medium:30px;--awb-width-small:100%;--awb-order-small:0;--awb-spacing-right-small:30px;--awb-spacing-left-small:30px;\"><div class=\"fusion-column-wrapper fusion-column-has-shadow fusion-flex-justify-content-flex-start fusion-content-layout-column\"><div class=\"fusion-separator fusion-full-width-sep\" style=\"align-self: center;margin-left: auto;margin-right: auto;width:100%;\"><div class=\"fusion-separator-border sep-single sep-solid\" style=\"--awb-height:20px;--awb-amount:20px;--awb-sep-color:var(--awb-color4);border-color:var(--awb-color4);border-top-width:3px;\"><\/div><\/div><\/div><\/div><\/div><\/div><div class=\"fusion-fullwidth fullwidth-box fusion-builder-row-2 fusion-flex-container hundred-percent-fullwidth non-hundred-percent-height-scrolling\" style=\"--awb-border-radius-top-left:0px;--awb-border-radius-top-right:0px;--awb-border-radius-bottom-right:0px;--awb-border-radius-bottom-left:0px;--awb-padding-right:60px;--awb-padding-left:60px;--awb-padding-right-medium:60px;--awb-padding-left-medium:60px;--awb-padding-right-small:30px;--awb-padding-left-small:30px;--awb-margin-top-small:0px;--awb-flex-wrap:wrap;\" ><div class=\"fusion-builder-row fusion-row fusion-flex-align-items-flex-start fusion-flex-justify-content-center fusion-flex-content-wrap\" style=\"width:calc( 100% + 60px ) !important;max-width:calc( 100% + 60px ) !important;margin-left: calc(-60px \/ 2 );margin-right: calc(-60px \/ 2 );\"><div class=\"fusion-layout-column fusion_builder_column fusion-builder-column-3 fusion_builder_column_1_2 1_2 fusion-flex-column\" style=\"--awb-bg-size:cover;--awb-width-large:50%;--awb-margin-top-large:0px;--awb-spacing-right-large:30px;--awb-margin-bottom-large:20px;--awb-spacing-left-large:30px;--awb-width-medium:100%;--awb-order-medium:1;--awb-spacing-right-medium:30px;--awb-spacing-left-medium:30px;--awb-width-small:100%;--awb-order-small:1;--awb-spacing-right-small:30px;--awb-spacing-left-small:30px;\"><div class=\"fusion-column-wrapper fusion-column-has-shadow fusion-flex-justify-content-flex-start fusion-content-layout-column\"><div class=\"awb-gallery-wrapper awb-gallery-wrapper-1 button-span-no\" style=\"--more-btn-alignment:center;\"><div style=\"margin:-5px;--awb-bordersize:0px;\" class=\"fusion-gallery fusion-gallery-container fusion-grid-2 fusion-columns-total-9 fusion-gallery-layout-grid fusion-gallery-1\"><div style=\"padding:5px;\" class=\"fusion-grid-column fusion-gallery-column fusion-gallery-column-2 hover-type-none\"><div class=\"fusion-gallery-image\"><a href=\"https:\/\/osb.org\/wp-content\/uploads\/2025\/08\/Worth-Abbey-50th-Celebrations-086.jpg\" rel=\"noreferrer\" data-rel=\"iLightbox[gallery_image_1]\" class=\"fusion-lightbox\" target=\"_self\"><img decoding=\"async\" src=\"https:\/\/osb.org\/wp-content\/uploads\/2025\/08\/Worth-Abbey-50th-Celebrations-086.jpg\" data-orig-src=\"https:\/\/osb.org\/wp-content\/uploads\/2025\/08\/Worth-Abbey-50th-Celebrations-086.jpg\" width=\"1920\" height=\"1262\" alt=\"\" title=\"50 aniversario de la abad\u00eda de Worth 2025\" aria-label=\"50 aniversario de la abad\u00eda de Worth 2025\" class=\"lazyload img-responsive wp-image-13439\" srcset=\"data:image\/svg+xml,%3Csvg%20xmlns%3D%27http%3A%2F%2Fwww.w3.org%2F2000%2Fsvg%27%20width%3D%271920%27%20height%3D%271262%27%20viewBox%3D%270%200%201920%201262%27%3E%3Crect%20width%3D%271920%27%20height%3D%271262%27%20fill-opacity%3D%220%22%2F%3E%3C%2Fsvg%3E\" data-srcset=\"https:\/\/osb.org\/wp-content\/uploads\/2025\/08\/Worth-Abbey-50th-Celebrations-086-200x131.jpg 200w, https:\/\/osb.org\/wp-content\/uploads\/2025\/08\/Worth-Abbey-50th-Celebrations-086-400x263.jpg 400w, https:\/\/osb.org\/wp-content\/uploads\/2025\/08\/Worth-Abbey-50th-Celebrations-086-600x394.jpg 600w, https:\/\/osb.org\/wp-content\/uploads\/2025\/08\/Worth-Abbey-50th-Celebrations-086-800x526.jpg 800w, https:\/\/osb.org\/wp-content\/uploads\/2025\/08\/Worth-Abbey-50th-Celebrations-086-1200x789.jpg 1200w, https:\/\/osb.org\/wp-content\/uploads\/2025\/08\/Worth-Abbey-50th-Celebrations-086.jpg 1920w\" data-sizes=\"auto\" data-orig-sizes=\"(min-width: 2200px) 100vw, (min-width: 712px) 548px, (min-width: 640px) 712px, \" \/><\/a><\/div><\/div><div style=\"padding:5px;\" class=\"fusion-grid-column fusion-gallery-column fusion-gallery-column-2 hover-type-none\"><div class=\"fusion-gallery-image\"><a href=\"https:\/\/osb.org\/wp-content\/uploads\/2025\/08\/Worth-Abbey-50th-Celebrations-178.jpg\" rel=\"noreferrer\" data-rel=\"iLightbox[gallery_image_1]\" class=\"fusion-lightbox\" target=\"_self\"><img decoding=\"async\" src=\"https:\/\/osb.org\/wp-content\/uploads\/2025\/08\/Worth-Abbey-50th-Celebrations-178.jpg\" data-orig-src=\"https:\/\/osb.org\/wp-content\/uploads\/2025\/08\/Worth-Abbey-50th-Celebrations-178.jpg\" width=\"1920\" height=\"1299\" alt=\"\" title=\"50 aniversario de la abad\u00eda de Worth 2025\" aria-label=\"50 aniversario de la abad\u00eda de Worth 2025\" class=\"lazyload img-responsive wp-image-13440\" srcset=\"data:image\/svg+xml,%3Csvg%20xmlns%3D%27http%3A%2F%2Fwww.w3.org%2F2000%2Fsvg%27%20width%3D%271920%27%20height%3D%271299%27%20viewBox%3D%270%200%201920%201299%27%3E%3Crect%20width%3D%271920%27%20height%3D%271299%27%20fill-opacity%3D%220%22%2F%3E%3C%2Fsvg%3E\" data-srcset=\"https:\/\/osb.org\/wp-content\/uploads\/2025\/08\/Worth-Abbey-50th-Celebrations-178-200x135.jpg 200w, https:\/\/osb.org\/wp-content\/uploads\/2025\/08\/Worth-Abbey-50th-Celebrations-178-400x271.jpg 400w, https:\/\/osb.org\/wp-content\/uploads\/2025\/08\/Worth-Abbey-50th-Celebrations-178-600x406.jpg 600w, https:\/\/osb.org\/wp-content\/uploads\/2025\/08\/Worth-Abbey-50th-Celebrations-178-800x541.jpg 800w, https:\/\/osb.org\/wp-content\/uploads\/2025\/08\/Worth-Abbey-50th-Celebrations-178-1200x812.jpg 1200w, https:\/\/osb.org\/wp-content\/uploads\/2025\/08\/Worth-Abbey-50th-Celebrations-178.jpg 1920w\" data-sizes=\"auto\" data-orig-sizes=\"(min-width: 2200px) 100vw, (min-width: 712px) 548px, (min-width: 640px) 712px, \" \/><\/a><\/div><\/div><div class=\"clearfix\"><\/div><div style=\"padding:5px;\" class=\"fusion-grid-column fusion-gallery-column fusion-gallery-column-2 hover-type-none\"><div class=\"fusion-gallery-image\"><a href=\"https:\/\/osb.org\/wp-content\/uploads\/2025\/08\/Worth-Abbey-50th-Celebrations-295.jpg\" rel=\"noreferrer\" data-rel=\"iLightbox[gallery_image_1]\" class=\"fusion-lightbox\" target=\"_self\"><img decoding=\"async\" src=\"https:\/\/osb.org\/wp-content\/uploads\/2025\/08\/Worth-Abbey-50th-Celebrations-295.jpg\" data-orig-src=\"https:\/\/osb.org\/wp-content\/uploads\/2025\/08\/Worth-Abbey-50th-Celebrations-295.jpg\" width=\"1920\" height=\"1333\" alt=\"\" title=\"50 aniversario de la abad\u00eda de Worth 2025\" aria-label=\"50 aniversario de la abad\u00eda de Worth 2025\" class=\"lazyload img-responsive wp-image-13441\" srcset=\"data:image\/svg+xml,%3Csvg%20xmlns%3D%27http%3A%2F%2Fwww.w3.org%2F2000%2Fsvg%27%20width%3D%271920%27%20height%3D%271333%27%20viewBox%3D%270%200%201920%201333%27%3E%3Crect%20width%3D%271920%27%20height%3D%271333%27%20fill-opacity%3D%220%22%2F%3E%3C%2Fsvg%3E\" data-srcset=\"https:\/\/osb.org\/wp-content\/uploads\/2025\/08\/Worth-Abbey-50th-Celebrations-295-200x139.jpg 200w, https:\/\/osb.org\/wp-content\/uploads\/2025\/08\/Worth-Abbey-50th-Celebrations-295-400x278.jpg 400w, https:\/\/osb.org\/wp-content\/uploads\/2025\/08\/Worth-Abbey-50th-Celebrations-295-600x417.jpg 600w, https:\/\/osb.org\/wp-content\/uploads\/2025\/08\/Worth-Abbey-50th-Celebrations-295-800x555.jpg 800w, https:\/\/osb.org\/wp-content\/uploads\/2025\/08\/Worth-Abbey-50th-Celebrations-295-1200x833.jpg 1200w, https:\/\/osb.org\/wp-content\/uploads\/2025\/08\/Worth-Abbey-50th-Celebrations-295.jpg 1920w\" data-sizes=\"auto\" data-orig-sizes=\"(min-width: 2200px) 100vw, (min-width: 712px) 548px, (min-width: 640px) 712px, \" \/><\/a><\/div><\/div><div style=\"padding:5px;\" class=\"fusion-grid-column fusion-gallery-column fusion-gallery-column-2 hover-type-none\"><div class=\"fusion-gallery-image\"><a href=\"https:\/\/osb.org\/wp-content\/uploads\/2025\/08\/Worth-Abbey-50th-Celebrations-298.jpg\" rel=\"noreferrer\" data-rel=\"iLightbox[gallery_image_1]\" class=\"fusion-lightbox\" target=\"_self\"><img decoding=\"async\" src=\"https:\/\/osb.org\/wp-content\/uploads\/2025\/08\/Worth-Abbey-50th-Celebrations-298.jpg\" data-orig-src=\"https:\/\/osb.org\/wp-content\/uploads\/2025\/08\/Worth-Abbey-50th-Celebrations-298.jpg\" width=\"1920\" height=\"1210\" alt=\"\" title=\"50 aniversario de la abad\u00eda de Worth 2025\" aria-label=\"50 aniversario de la abad\u00eda de Worth 2025\" class=\"lazyload img-responsive wp-image-13442\" srcset=\"data:image\/svg+xml,%3Csvg%20xmlns%3D%27http%3A%2F%2Fwww.w3.org%2F2000%2Fsvg%27%20width%3D%271920%27%20height%3D%271210%27%20viewBox%3D%270%200%201920%201210%27%3E%3Crect%20width%3D%271920%27%20height%3D%271210%27%20fill-opacity%3D%220%22%2F%3E%3C%2Fsvg%3E\" data-srcset=\"https:\/\/osb.org\/wp-content\/uploads\/2025\/08\/Worth-Abbey-50th-Celebrations-298-200x126.jpg 200w, https:\/\/osb.org\/wp-content\/uploads\/2025\/08\/Worth-Abbey-50th-Celebrations-298-400x252.jpg 400w, https:\/\/osb.org\/wp-content\/uploads\/2025\/08\/Worth-Abbey-50th-Celebrations-298-600x378.jpg 600w, https:\/\/osb.org\/wp-content\/uploads\/2025\/08\/Worth-Abbey-50th-Celebrations-298-800x504.jpg 800w, https:\/\/osb.org\/wp-content\/uploads\/2025\/08\/Worth-Abbey-50th-Celebrations-298-1200x756.jpg 1200w, https:\/\/osb.org\/wp-content\/uploads\/2025\/08\/Worth-Abbey-50th-Celebrations-298.jpg 1920w\" data-sizes=\"auto\" data-orig-sizes=\"(min-width: 2200px) 100vw, (min-width: 712px) 548px, (min-width: 640px) 712px, \" \/><\/a><\/div><\/div><div class=\"clearfix\"><\/div><div style=\"padding:5px;\" class=\"fusion-grid-column fusion-gallery-column fusion-gallery-column-2 hover-type-none\"><div class=\"fusion-gallery-image\"><a href=\"https:\/\/osb.org\/wp-content\/uploads\/2025\/08\/Worth-Abbey-50th-Celebrations-301.jpg\" rel=\"noreferrer\" data-rel=\"iLightbox[gallery_image_1]\" class=\"fusion-lightbox\" target=\"_self\"><img decoding=\"async\" src=\"https:\/\/osb.org\/wp-content\/uploads\/2025\/08\/Worth-Abbey-50th-Celebrations-301.jpg\" data-orig-src=\"https:\/\/osb.org\/wp-content\/uploads\/2025\/08\/Worth-Abbey-50th-Celebrations-301.jpg\" width=\"1920\" height=\"1127\" alt=\"\" title=\"50 aniversario de la abad\u00eda de Worth 2025\" aria-label=\"50 aniversario de la abad\u00eda de Worth 2025\" class=\"lazyload img-responsive wp-image-13443\" srcset=\"data:image\/svg+xml,%3Csvg%20xmlns%3D%27http%3A%2F%2Fwww.w3.org%2F2000%2Fsvg%27%20width%3D%271920%27%20height%3D%271127%27%20viewBox%3D%270%200%201920%201127%27%3E%3Crect%20width%3D%271920%27%20height%3D%271127%27%20fill-opacity%3D%220%22%2F%3E%3C%2Fsvg%3E\" data-srcset=\"https:\/\/osb.org\/wp-content\/uploads\/2025\/08\/Worth-Abbey-50th-Celebrations-301-200x117.jpg 200w, https:\/\/osb.org\/wp-content\/uploads\/2025\/08\/Worth-Abbey-50th-Celebrations-301-400x235.jpg 400w, https:\/\/osb.org\/wp-content\/uploads\/2025\/08\/Worth-Abbey-50th-Celebrations-301-600x352.jpg 600w, https:\/\/osb.org\/wp-content\/uploads\/2025\/08\/Worth-Abbey-50th-Celebrations-301-800x470.jpg 800w, https:\/\/osb.org\/wp-content\/uploads\/2025\/08\/Worth-Abbey-50th-Celebrations-301-1200x704.jpg 1200w, https:\/\/osb.org\/wp-content\/uploads\/2025\/08\/Worth-Abbey-50th-Celebrations-301.jpg 1920w\" data-sizes=\"auto\" data-orig-sizes=\"(min-width: 2200px) 100vw, (min-width: 712px) 548px, (min-width: 640px) 712px, \" \/><\/a><\/div><\/div><div style=\"padding:5px;\" class=\"fusion-grid-column fusion-gallery-column fusion-gallery-column-2 hover-type-none\"><div class=\"fusion-gallery-image\"><a href=\"https:\/\/osb.org\/wp-content\/uploads\/2025\/08\/Worth-Abbey-50th-Celebrations-303.jpg\" rel=\"noreferrer\" data-rel=\"iLightbox[gallery_image_1]\" class=\"fusion-lightbox\" target=\"_self\"><img decoding=\"async\" src=\"https:\/\/osb.org\/wp-content\/uploads\/2025\/08\/Worth-Abbey-50th-Celebrations-303.jpg\" data-orig-src=\"https:\/\/osb.org\/wp-content\/uploads\/2025\/08\/Worth-Abbey-50th-Celebrations-303.jpg\" width=\"1920\" height=\"1191\" alt=\"\" title=\"50 aniversario de la abad\u00eda de Worth 2025\" aria-label=\"50 aniversario de la abad\u00eda de Worth 2025\" class=\"lazyload img-responsive wp-image-13444\" srcset=\"data:image\/svg+xml,%3Csvg%20xmlns%3D%27http%3A%2F%2Fwww.w3.org%2F2000%2Fsvg%27%20width%3D%271920%27%20height%3D%271191%27%20viewBox%3D%270%200%201920%201191%27%3E%3Crect%20width%3D%271920%27%20height%3D%271191%27%20fill-opacity%3D%220%22%2F%3E%3C%2Fsvg%3E\" data-srcset=\"https:\/\/osb.org\/wp-content\/uploads\/2025\/08\/Worth-Abbey-50th-Celebrations-303-200x124.jpg 200w, https:\/\/osb.org\/wp-content\/uploads\/2025\/08\/Worth-Abbey-50th-Celebrations-303-400x248.jpg 400w, https:\/\/osb.org\/wp-content\/uploads\/2025\/08\/Worth-Abbey-50th-Celebrations-303-600x372.jpg 600w, https:\/\/osb.org\/wp-content\/uploads\/2025\/08\/Worth-Abbey-50th-Celebrations-303-800x496.jpg 800w, https:\/\/osb.org\/wp-content\/uploads\/2025\/08\/Worth-Abbey-50th-Celebrations-303-1200x744.jpg 1200w, https:\/\/osb.org\/wp-content\/uploads\/2025\/08\/Worth-Abbey-50th-Celebrations-303.jpg 1920w\" data-sizes=\"auto\" data-orig-sizes=\"(min-width: 2200px) 100vw, (min-width: 712px) 548px, (min-width: 640px) 712px, \" \/><\/a><\/div><\/div><div class=\"clearfix\"><\/div><div style=\"padding:5px;\" class=\"fusion-grid-column fusion-gallery-column fusion-gallery-column-2 hover-type-none\"><div class=\"fusion-gallery-image\"><a href=\"https:\/\/osb.org\/wp-content\/uploads\/2025\/08\/Worth-Abbey-50th-Celebrations-304.jpg\" rel=\"noreferrer\" data-rel=\"iLightbox[gallery_image_1]\" class=\"fusion-lightbox\" target=\"_self\"><img decoding=\"async\" src=\"https:\/\/osb.org\/wp-content\/uploads\/2025\/08\/Worth-Abbey-50th-Celebrations-304.jpg\" data-orig-src=\"https:\/\/osb.org\/wp-content\/uploads\/2025\/08\/Worth-Abbey-50th-Celebrations-304.jpg\" width=\"1920\" height=\"1259\" alt=\"\" title=\"50 aniversario de la abad\u00eda de Worth 2025\" aria-label=\"50 aniversario de la abad\u00eda de Worth 2025\" class=\"lazyload img-responsive wp-image-13445\" srcset=\"data:image\/svg+xml,%3Csvg%20xmlns%3D%27http%3A%2F%2Fwww.w3.org%2F2000%2Fsvg%27%20width%3D%271920%27%20height%3D%271259%27%20viewBox%3D%270%200%201920%201259%27%3E%3Crect%20width%3D%271920%27%20height%3D%271259%27%20fill-opacity%3D%220%22%2F%3E%3C%2Fsvg%3E\" data-srcset=\"https:\/\/osb.org\/wp-content\/uploads\/2025\/08\/Worth-Abbey-50th-Celebrations-304-200x131.jpg 200w, https:\/\/osb.org\/wp-content\/uploads\/2025\/08\/Worth-Abbey-50th-Celebrations-304-400x262.jpg 400w, https:\/\/osb.org\/wp-content\/uploads\/2025\/08\/Worth-Abbey-50th-Celebrations-304-600x393.jpg 600w, https:\/\/osb.org\/wp-content\/uploads\/2025\/08\/Worth-Abbey-50th-Celebrations-304-800x525.jpg 800w, https:\/\/osb.org\/wp-content\/uploads\/2025\/08\/Worth-Abbey-50th-Celebrations-304-1200x787.jpg 1200w, https:\/\/osb.org\/wp-content\/uploads\/2025\/08\/Worth-Abbey-50th-Celebrations-304.jpg 1920w\" data-sizes=\"auto\" data-orig-sizes=\"(min-width: 2200px) 100vw, (min-width: 712px) 548px, (min-width: 640px) 712px, \" \/><\/a><\/div><\/div><div style=\"padding:5px;\" class=\"fusion-grid-column fusion-gallery-column fusion-gallery-column-2 hover-type-none\"><div class=\"fusion-gallery-image\"><a href=\"https:\/\/osb.org\/wp-content\/uploads\/2025\/08\/Worth-Abbey-50th-Celebrations-305.jpg\" rel=\"noreferrer\" data-rel=\"iLightbox[gallery_image_1]\" class=\"fusion-lightbox\" target=\"_self\"><img decoding=\"async\" src=\"https:\/\/osb.org\/wp-content\/uploads\/2025\/08\/Worth-Abbey-50th-Celebrations-305.jpg\" data-orig-src=\"https:\/\/osb.org\/wp-content\/uploads\/2025\/08\/Worth-Abbey-50th-Celebrations-305.jpg\" width=\"1920\" height=\"1352\" alt=\"\" title=\"50 aniversario de la abad\u00eda de Worth 2025\" aria-label=\"50 aniversario de la abad\u00eda de Worth 2025\" class=\"lazyload img-responsive wp-image-13446\" srcset=\"data:image\/svg+xml,%3Csvg%20xmlns%3D%27http%3A%2F%2Fwww.w3.org%2F2000%2Fsvg%27%20width%3D%271920%27%20height%3D%271352%27%20viewBox%3D%270%200%201920%201352%27%3E%3Crect%20width%3D%271920%27%20height%3D%271352%27%20fill-opacity%3D%220%22%2F%3E%3C%2Fsvg%3E\" data-srcset=\"https:\/\/osb.org\/wp-content\/uploads\/2025\/08\/Worth-Abbey-50th-Celebrations-305-200x141.jpg 200w, https:\/\/osb.org\/wp-content\/uploads\/2025\/08\/Worth-Abbey-50th-Celebrations-305-400x282.jpg 400w, https:\/\/osb.org\/wp-content\/uploads\/2025\/08\/Worth-Abbey-50th-Celebrations-305-600x423.jpg 600w, https:\/\/osb.org\/wp-content\/uploads\/2025\/08\/Worth-Abbey-50th-Celebrations-305-800x563.jpg 800w, https:\/\/osb.org\/wp-content\/uploads\/2025\/08\/Worth-Abbey-50th-Celebrations-305-1200x845.jpg 1200w, https:\/\/osb.org\/wp-content\/uploads\/2025\/08\/Worth-Abbey-50th-Celebrations-305.jpg 1920w\" data-sizes=\"auto\" data-orig-sizes=\"(min-width: 2200px) 100vw, (min-width: 712px) 548px, (min-width: 640px) 712px, \" \/><\/a><\/div><\/div><div class=\"clearfix\"><\/div><div style=\"padding:5px;\" class=\"fusion-grid-column fusion-gallery-column fusion-gallery-column-2 hover-type-none\"><div class=\"fusion-gallery-image\"><a href=\"https:\/\/osb.org\/wp-content\/uploads\/2025\/08\/Worth-Abbey-50th-Celebrations-306.jpg\" rel=\"noreferrer\" data-rel=\"iLightbox[gallery_image_1]\" class=\"fusion-lightbox\" target=\"_self\"><img decoding=\"async\" src=\"https:\/\/osb.org\/wp-content\/uploads\/2025\/08\/Worth-Abbey-50th-Celebrations-306.jpg\" data-orig-src=\"https:\/\/osb.org\/wp-content\/uploads\/2025\/08\/Worth-Abbey-50th-Celebrations-306.jpg\" width=\"1920\" height=\"1315\" alt=\"\" title=\"50 aniversario de la abad\u00eda de Worth 2025\" aria-label=\"50 aniversario de la abad\u00eda de Worth 2025\" class=\"lazyload img-responsive wp-image-13447\" srcset=\"data:image\/svg+xml,%3Csvg%20xmlns%3D%27http%3A%2F%2Fwww.w3.org%2F2000%2Fsvg%27%20width%3D%271920%27%20height%3D%271315%27%20viewBox%3D%270%200%201920%201315%27%3E%3Crect%20width%3D%271920%27%20height%3D%271315%27%20fill-opacity%3D%220%22%2F%3E%3C%2Fsvg%3E\" data-srcset=\"https:\/\/osb.org\/wp-content\/uploads\/2025\/08\/Worth-Abbey-50th-Celebrations-306-200x137.jpg 200w, https:\/\/osb.org\/wp-content\/uploads\/2025\/08\/Worth-Abbey-50th-Celebrations-306-400x274.jpg 400w, https:\/\/osb.org\/wp-content\/uploads\/2025\/08\/Worth-Abbey-50th-Celebrations-306-600x411.jpg 600w, https:\/\/osb.org\/wp-content\/uploads\/2025\/08\/Worth-Abbey-50th-Celebrations-306-800x548.jpg 800w, https:\/\/osb.org\/wp-content\/uploads\/2025\/08\/Worth-Abbey-50th-Celebrations-306-1200x822.jpg 1200w, https:\/\/osb.org\/wp-content\/uploads\/2025\/08\/Worth-Abbey-50th-Celebrations-306.jpg 1920w\" data-sizes=\"auto\" data-orig-sizes=\"(min-width: 2200px) 100vw, (min-width: 712px) 548px, (min-width: 640px) 712px, \" \/><\/a><\/div><\/div><\/div><\/div><\/div><\/div><div class=\"fusion-layout-column fusion_builder_column fusion-builder-column-4 fusion_builder_column_1_2 1_2 fusion-flex-column\" style=\"--awb-bg-blend:overlay;--awb-bg-size:cover;--awb-width-large:50%;--awb-margin-top-large:0px;--awb-spacing-right-large:30px;--awb-margin-bottom-large:20px;--awb-spacing-left-large:30px;--awb-width-medium:75%;--awb-order-medium:0;--awb-spacing-right-medium:30px;--awb-spacing-left-medium:30px;--awb-width-small:100%;--awb-order-small:0;--awb-spacing-right-small:30px;--awb-spacing-left-small:30px;\"><div class=\"fusion-column-wrapper fusion-flex-justify-content-flex-start fusion-content-layout-column\"><div class=\"fusion-builder-row fusion-builder-row-inner fusion-row fusion-flex-align-items-flex-start fusion-flex-justify-content-center fusion-flex-content-wrap\" style=\"--awb-flex-grow:0;--awb-flex-grow-medium:0;--awb-flex-grow-small:0;--awb-flex-shrink:0;--awb-flex-shrink-medium:0;--awb-flex-shrink-small:0;width:calc( 100% + 60px ) !important;max-width:calc( 100% + 60px ) !important;margin-left: calc(-60px \/ 2 );margin-right: calc(-60px \/ 2 );\"><div class=\"fusion-layout-column fusion_builder_column_inner fusion-builder-nested-column-0 fusion_builder_column_inner_1_2 1_2 fusion-flex-column fusion-flex-align-self-center\" style=\"--awb-bg-size:cover;--awb-width-large:50%;--awb-margin-top-large:0px;--awb-spacing-right-large:30px;--awb-margin-bottom-large:0px;--awb-spacing-left-large:30px;--awb-width-medium:50%;--awb-order-medium:0;--awb-spacing-right-medium:30px;--awb-spacing-left-medium:30px;--awb-width-small:100%;--awb-order-small:1;--awb-spacing-right-small:30px;--awb-margin-bottom-small:20px;--awb-spacing-left-small:30px;\"><div class=\"fusion-column-wrapper fusion-column-has-shadow fusion-flex-justify-content-center fusion-content-layout-column\"><div class=\"fusion-text fusion-text-3 fusion-text-no-margin\" style=\"--awb-font-size:var(--awb-typography5-font-size);--awb-line-height:var(--awb-typography5-line-height);--awb-letter-spacing:var(--awb-typography5-letter-spacing);--awb-text-transform:var(--awb-typography5-text-transform);--awb-text-color:var(--awb-custom11);--awb-margin-top:0px;--awb-margin-right:0px;--awb-margin-bottom:0px;--awb-margin-left:0px;--awb-text-font-family:var(--awb-typography5-font-family);--awb-text-font-weight:var(--awb-typography5-font-weight);--awb-text-font-style:var(--awb-typography5-font-style);\"><p>7 agosto 2025<\/p>\n<\/div><\/div><\/div><div class=\"fusion-layout-column fusion_builder_column_inner fusion-builder-nested-column-1 fusion_builder_column_inner_1_2 1_2 fusion-flex-column fusion-flex-align-self-center\" style=\"--awb-bg-size:cover;--awb-width-large:50%;--awb-margin-top-large:0px;--awb-spacing-right-large:30px;--awb-margin-bottom-large:0px;--awb-spacing-left-large:30px;--awb-width-medium:50%;--awb-order-medium:0;--awb-spacing-right-medium:30px;--awb-spacing-left-medium:30px;--awb-width-small:100%;--awb-order-small:0;--awb-margin-top-small:0px;--awb-spacing-right-small:30px;--awb-spacing-left-small:30px;\"><div class=\"fusion-column-wrapper fusion-column-has-shadow fusion-flex-justify-content-center fusion-content-layout-column\"><div class=\"fusion-sharing-box fusion-sharing-box-1 boxed-icons\" style=\"background-color:var(--awb-color1);border-color:var(--awb-color1);--awb-margin-top:0px;--awb-margin-right:0px;--awb-margin-bottom:0px;--awb-margin-left:0px;--awb-wrapper-padding-top:0px;--awb-wrapper-padding-right:0px;--awb-wrapper-padding-bottom:0px;--awb-wrapper-padding-left:0px;--awb-padding-top:0px;--awb-padding-right:0px;--awb-padding-bottom:0px;--awb-padding-left:0px;--awb-border-top:0px;--awb-border-right:0px;--awb-border-bottom:0px;--awb-border-left:0px;--awb-icon-size:12px;--awb-separator-border-color:#cccccc;--awb-separator-border-sizes:0px;--awb-stacked-align:flex-end;--awb-layout:row;--awb-alignment-small:flex-end;--awb-stacked-align-small:center;\" data-title=\"Una conferencia del abad primado Jeremias Schr\u00f6der\" data-description=\"Your Content Goes Here  \r\n\r\nFotos de Liz Finlayson, Vervate Ltd., utilizadas con permiso de la abad\u00eda de Worth.           \r\n\r\nLa comunidad mon\u00e1stica de la abad\u00eda de Worth conmemor\u00f3 recientemente el\" data-link=\"https:\/\/osb.org\/es\/2025\/08\/07\/una-conferencia-del-abad-primado-jeremias-schroder\/\"><div class=\"fusion-social-networks sharingbox-shortcode-icon-wrapper sharingbox-shortcode-icon-wrapper-1 boxed-icons\"><span><a href=\"https:\/\/www.facebook.com\/sharer.php?u=https%3A%2F%2Fosb.org%2Fes%2F2025%2F08%2F07%2Funa-conferencia-del-abad-primado-jeremias-schroder%2F&amp;t=Una%20conferencia%20del%20abad%20primado%20Jeremias%20Schr%C3%B6der\" target=\"_blank\" rel=\"noreferrer\" title=\"Facebook\" aria-label=\"Facebook\"><i class=\"fusion-social-network-icon fusion-tooltip fusion-facebook awb-icon-facebook\" style=\"color:var(--awb-custom11);background-color:#e8e8e8;border-color:#e8e8e8;border-radius:50%;\" aria-hidden=\"true\"><\/i><\/a><\/span><span><a href=\"https:\/\/x.com\/intent\/post?text=Una%20conferencia%20del%20abad%20primado%20Jeremias%20Schr%C3%B6der&amp;url=https%3A%2F%2Fosb.org%2Fes%2F2025%2F08%2F07%2Funa-conferencia-del-abad-primado-jeremias-schroder%2F\" target=\"_blank\" rel=\"noopener noreferrer\" title=\"X\" aria-label=\"X\"><i class=\"fusion-social-network-icon fusion-tooltip fusion-twitter awb-icon-twitter\" style=\"color:var(--awb-custom11);background-color:#e8e8e8;border-color:#e8e8e8;border-radius:50%;\" aria-hidden=\"true\"><\/i><\/a><\/span><span><a href=\"https:\/\/api.whatsapp.com\/send?text=https%3A%2F%2Fosb.org%2Fes%2F2025%2F08%2F07%2Funa-conferencia-del-abad-primado-jeremias-schroder%2F\" target=\"_blank\" rel=\"noopener noreferrer\" title=\"WhatsApp\" aria-label=\"WhatsApp\"><i class=\"fusion-social-network-icon fusion-tooltip fusion-whatsapp awb-icon-whatsapp\" style=\"color:var(--awb-custom11);background-color:#e8e8e8;border-color:#e8e8e8;border-radius:50%;\" aria-hidden=\"true\"><\/i><\/a><\/span><span><a href=\"mailto:?subject=Una%20conferencia%20del%20abad%20primado%20Jeremias%20Schr%C3%B6der&amp;body=https%3A%2F%2Fosb.org%2Fes%2F2025%2F08%2F07%2Funa-conferencia-del-abad-primado-jeremias-schroder%2F\" target=\"_self\" title=\"Email\" aria-label=\"Email\"><i class=\"fusion-social-network-icon fusion-tooltip fusion-mail awb-icon-mail\" style=\"color:var(--awb-custom11);background-color:#e8e8e8;border-color:#e8e8e8;border-radius:50%;\" aria-hidden=\"true\"><\/i><\/a><\/span><\/div><\/div><\/div><\/div><\/div><div class=\"fusion-text fusion-text-4\" style=\"--awb-margin-top:10px;\"><p>La comunidad mon\u00e1stica de la abad\u00eda de Worth conmemor\u00f3 recientemente el 50 aniversario de la consagraci\u00f3n de su iglesia abacial. La celebraci\u00f3n, que tuvo lugar el s\u00e1bado 12 de julio de 2025, sirvi\u00f3 como acci\u00f3n de gracias por la historia de la iglesia y su continua misi\u00f3n como lugar de oraci\u00f3n. Coincidi\u00f3 con la Reuni\u00f3n de Verano de la Uni\u00f3n Cat\u00f3lica de Gran Breta\u00f1a, una organizaci\u00f3n para cat\u00f3licos que participan activamente en la vida pol\u00edtica y social del Reino Unido.  <\/p>\n<p>Un punto culminante del d\u00eda fue el discurso pronunciado por Jeremias Schr\u00f6der OSB, abad primado de la Confederaci\u00f3n Benedictina. La charla, titulada \"Una paradoja, un dilema y un misterio: el mensaje de San Benito para Europa en 2025\", explor\u00f3 la relevancia contempor\u00e1nea de los valores benedictinos. Dirigi\u00e9ndose a la reuni\u00f3n conjunta, el abad Jeremias recurri\u00f3 a su formaci\u00f3n como historiador y a su perspectiva global como l\u00edder de la Confederaci\u00f3n para reflexionar sobre el legado de San Benito.  <\/p>\n<p>El discurso del abad Jeremias se pronunci\u00f3 en un momento significativo, ya que la Iglesia conmemora 60 a\u00f1os desde que el Papa San Pablo VI declar\u00f3 a San Benito Patrono de Europa. Su charla, que examin\u00f3 c\u00f3mo los valores benedictinos siguen siendo vitales en el panorama religioso y secular actual, reson\u00f3 profundamente entre los asistentes. El texto completo del discurso del abad primado se puede encontrar en el enlace al pdf.<\/p>\n<\/div><div ><a class=\"fusion-button button-flat fusion-button-default-size button-custom fusion-button-default button-1 fusion-button-span-yes fusion-button-default-type\" style=\"--awb-margin-top:10px;--button_accent_color:#ffffff;--button_accent_hover_color:#ffffff;--button_border_hover_color:#ffffff;--button_gradient_top_color:#1f7aa7;--button_gradient_bottom_color:#1f7aa7;--button_gradient_top_color_hover:#72cee0;--button_gradient_bottom_color_hover:#72cee0;\" target=\"_blank\" rel=\"noopener noreferrer\" href=\"https:\/\/drive.google.com\/file\/d\/158xEt66KUixJ9qMWerSuKGmtE4_fBziE\/view?usp=sharing\"><span class=\"fusion-button-text awb-button__text awb-button__text--default\">Discurso del Abad |ES| pdf<\/span><\/a><\/div><\/div><\/div><\/div><\/div><\/p>\n","protected":false},"excerpt":{"rendered":"<p>Durante las celebraciones que conmemoraron el 50 aniversario de la iglesia de la abad\u00eda de Worth (Reino Unido), el abad primado Jeremias Schr\u00f6der OSB se dirigi\u00f3 a la Uni\u00f3n Cat\u00f3lica de Gran Breta\u00f1a.<\/p>\n","protected":false},"author":1,"featured_media":13438,"comment_status":"closed","ping_status":"closed","sticky":false,"template":"","format":"standard","meta":{"footnotes":""},"categories":[186,191],"tags":[355,370],"class_list":["post-13437","post","type-post","status-publish","format-standard","has-post-thumbnail","hentry","category-nexus-es","category-noticias-es","tag-nexus-octubre-2025-es","tag-nexus-informe-mundial-benedictino-es"],"cc_featured_image_caption":{"caption_text":false,"source_text":false,"source_url":false},"_links":{"self":[{"href":"https:\/\/osb.org\/es\/wp-json\/wp\/v2\/posts\/13437","targetHints":{"allow":["GET"]}}],"collection":[{"href":"https:\/\/osb.org\/es\/wp-json\/wp\/v2\/posts"}],"about":[{"href":"https:\/\/osb.org\/es\/wp-json\/wp\/v2\/types\/post"}],"author":[{"embeddable":true,"href":"https:\/\/osb.org\/es\/wp-json\/wp\/v2\/users\/1"}],"replies":[{"embeddable":true,"href":"https:\/\/osb.org\/es\/wp-json\/wp\/v2\/comments?post=13437"}],"version-history":[{"count":0,"href":"https:\/\/osb.org\/es\/wp-json\/wp\/v2\/posts\/13437\/revisions"}],"wp:featuredmedia":[{"embeddable":true,"href":"https:\/\/osb.org\/es\/wp-json\/wp\/v2\/media\/13438"}],"wp:attachment":[{"href":"https:\/\/osb.org\/es\/wp-json\/wp\/v2\/media?parent=13437"}],"wp:term":[{"taxonomy":"category","embeddable":true,"href":"https:\/\/osb.org\/es\/wp-json\/wp\/v2\/categories?post=13437"},{"taxonomy":"post_tag","embeddable":true,"href":"https:\/\/osb.org\/es\/wp-json\/wp\/v2\/tags?post=13437"}],"curies":[{"name":"wp","href":"https:\/\/api.w.org\/{rel}","templated":true}]}}