{"id":13059,"date":"2025-07-09T11:48:26","date_gmt":"2025-07-09T09:48:26","guid":{"rendered":"https:\/\/osb.org\/2025\/07\/09\/elecciones-nombramientos-y-otras-noticias-junio-julio\/"},"modified":"2025-09-16T22:40:04","modified_gmt":"2025-09-16T20:40:04","slug":"elecciones-nombramientos-y-otras-noticias-junio-julio","status":"publish","type":"post","link":"https:\/\/osb.org\/es\/2025\/07\/09\/elecciones-nombramientos-y-otras-noticias-junio-julio\/","title":{"rendered":"Elecciones, Nombramientos y Otras Noticias | Junio-Julio"},"content":{"rendered":"<p><div class=\"fusion-fullwidth fullwidth-box fusion-builder-row-1 fusion-flex-container has-pattern-background has-mask-background hundred-percent-fullwidth non-hundred-percent-height-scrolling\" style=\"--awb-border-sizes-bottom:1px;--awb-border-color:var(--awb-custom11);--awb-border-radius-top-left:0px;--awb-border-radius-top-right:0px;--awb-border-radius-bottom-right:0px;--awb-border-radius-bottom-left:0px;--awb-padding-right:60px;--awb-padding-bottom:20px;--awb-padding-left:60px;--awb-padding-right-small:30px;--awb-padding-left-small:30px;--awb-margin-top-medium:1px;--awb-margin-top-small:0px;--awb-flex-wrap:wrap;\" ><div class=\"fusion-builder-row fusion-row fusion-flex-align-items-center fusion-flex-justify-content-flex-end fusion-flex-content-wrap\" style=\"width:calc( 100% + 60px ) !important;max-width:calc( 100% + 60px ) !important;margin-left: calc(-60px \/ 2 );margin-right: calc(-60px \/ 2 );\"><div class=\"fusion-layout-column fusion_builder_column fusion-builder-column-0 fusion_builder_column_1_2 1_2 fusion-flex-column\" style=\"--awb-padding-right:60px;--awb-padding-left:60px;--awb-padding-right-small:0px;--awb-padding-left-small:0px;--awb-bg-size:cover;--awb-width-large:50%;--awb-margin-top-large:0px;--awb-spacing-right-large:30px;--awb-margin-bottom-large:20px;--awb-spacing-left-large:30px;--awb-width-medium:100%;--awb-order-medium:0;--awb-margin-top-medium:20px;--awb-spacing-right-medium:30px;--awb-margin-bottom-medium:0px;--awb-spacing-left-medium:30px;--awb-width-small:100%;--awb-order-small:0;--awb-spacing-right-small:30px;--awb-spacing-left-small:30px;\"><div class=\"fusion-column-wrapper fusion-column-has-shadow fusion-flex-justify-content-flex-start fusion-content-layout-column\"><div class=\"fusion-title title fusion-title-1 fusion-sep-none fusion-title-text fusion-title-size-one\" style=\"--awb-text-color:var(--awb-custom13);--awb-margin-top-small:0px;--awb-margin-right-small:0px;--awb-margin-bottom-small:20px;--awb-margin-left-small:0px;--awb-font-size:40px;\"><h1 class=\"fusion-title-heading title-heading-left md-text-align-center fusion-responsive-typography-calculated\" style=\"font-family:var(--awb-typography1-font-family);font-weight:var(--awb-typography1-font-weight);font-style:var(--awb-typography1-font-style);margin:0;letter-spacing:var(--awb-typography1-letter-spacing);text-transform:var(--awb-typography1-text-transform);font-size:1em;--fontSize:40;line-height:var(--awb-typography1-line-height);\">Elecciones, Nombramientos y Otras Noticias | Junio-Julio<\/h1><\/div><div class=\"fusion-text fusion-text-1 fusion-no-small-visibility fusion-no-medium-visibility\" style=\"--awb-font-size:var(--awb-typography3-font-size);--awb-line-height:var(--awb-typography3-line-height);--awb-letter-spacing:var(--awb-typography3-letter-spacing);--awb-text-transform:var(--awb-typography3-text-transform);--awb-text-color:var(--awb-custom12);--awb-text-font-family:var(--awb-typography3-font-family);--awb-text-font-weight:var(--awb-typography3-font-weight);--awb-text-font-style:var(--awb-typography3-font-style);\"><p>El abad primado Jerem\u00edas comparte breves extractos de noticias de la Confederaci\u00f3n.<\/p>\n<\/div><\/div><\/div><div class=\"fusion-layout-column fusion_builder_column fusion-builder-column-1 fusion_builder_column_1_2 1_2 fusion-flex-column\" style=\"--awb-bg-size:cover;--awb-width-large:50%;--awb-margin-top-large:0px;--awb-spacing-right-large:30px;--awb-margin-bottom-large:0px;--awb-spacing-left-large:30px;--awb-width-medium:100%;--awb-order-medium:0;--awb-spacing-right-medium:30px;--awb-spacing-left-medium:30px;--awb-width-small:100%;--awb-order-small:0;--awb-spacing-right-small:30px;--awb-spacing-left-small:30px;\"><div class=\"fusion-column-wrapper fusion-column-has-shadow fusion-flex-justify-content-flex-start fusion-content-layout-column\"><div class=\"fusion-image-element \" style=\"--awb-caption-title-font-family:var(--h2_typography-font-family);--awb-caption-title-font-weight:var(--h2_typography-font-weight);--awb-caption-title-font-style:var(--h2_typography-font-style);--awb-caption-title-size:var(--h2_typography-font-size);--awb-caption-title-transform:var(--h2_typography-text-transform);--awb-caption-title-line-height:var(--h2_typography-line-height);--awb-caption-title-letter-spacing:var(--h2_typography-letter-spacing);\"><span class=\" fusion-imageframe imageframe-none imageframe-1 hover-type-none\" style=\"border:1px solid var(--awb-custom10);\"><a href=\"https:\/\/osb.org\/wp-content\/uploads\/2025\/07\/DSC_6619.jpg\" class=\"fusion-lightbox\" data-rel=\"iLightbox[e0db1c66b94223af0b6]\" data-title=\"DSC_6619\" title=\"DSC_6619\"><img decoding=\"async\" width=\"1920\" height=\"1080\" src=\"https:\/\/osb.org\/wp-content\/uploads\/2025\/07\/DSC_6619.jpg\" data-orig-src=\"https:\/\/osb.org\/wp-content\/uploads\/2025\/07\/DSC_6619.jpg\" alt class=\"lazyload img-responsive wp-image-13060\" srcset=\"data:image\/svg+xml,%3Csvg%20xmlns%3D%27http%3A%2F%2Fwww.w3.org%2F2000%2Fsvg%27%20width%3D%271920%27%20height%3D%271080%27%20viewBox%3D%270%200%201920%201080%27%3E%3Crect%20width%3D%271920%27%20height%3D%271080%27%20fill-opacity%3D%220%22%2F%3E%3C%2Fsvg%3E\" data-srcset=\"https:\/\/osb.org\/wp-content\/uploads\/2025\/07\/DSC_6619-200x113.jpg 200w, https:\/\/osb.org\/wp-content\/uploads\/2025\/07\/DSC_6619-400x225.jpg 400w, https:\/\/osb.org\/wp-content\/uploads\/2025\/07\/DSC_6619-600x338.jpg 600w, https:\/\/osb.org\/wp-content\/uploads\/2025\/07\/DSC_6619-800x450.jpg 800w, https:\/\/osb.org\/wp-content\/uploads\/2025\/07\/DSC_6619-1200x675.jpg 1200w, https:\/\/osb.org\/wp-content\/uploads\/2025\/07\/DSC_6619.jpg 1920w\" data-sizes=\"auto\" data-orig-sizes=\"(max-width: 1024px) 100vw, (max-width: 640px) 100vw, 600px\" \/><\/a><\/span><\/div><div class=\"fusion-text fusion-text-2 fusion-text-no-margin\" style=\"--awb-font-size:var(--awb-typography5-font-size);--awb-line-height:var(--awb-typography5-line-height);--awb-letter-spacing:var(--awb-typography5-letter-spacing);--awb-text-transform:var(--awb-typography5-text-transform);--awb-text-color:var(--awb-custom11);--awb-margin-top:12px;--awb-margin-bottom:12px;--awb-text-font-family:var(--awb-typography5-font-family);--awb-text-font-weight:var(--awb-typography5-font-weight);--awb-text-font-style:var(--awb-typography5-font-style);\"><\/div><\/div><\/div><div class=\"fusion-layout-column fusion_builder_column fusion-builder-column-2 fusion_builder_column_1_2 1_2 fusion-flex-column\" style=\"--awb-bg-size:cover;--awb-width-large:50%;--awb-margin-top-large:0px;--awb-spacing-right-large:30px;--awb-margin-bottom-large:0px;--awb-spacing-left-large:30px;--awb-width-medium:100%;--awb-order-medium:0;--awb-spacing-right-medium:30px;--awb-spacing-left-medium:30px;--awb-width-small:100%;--awb-order-small:0;--awb-spacing-right-small:30px;--awb-spacing-left-small:30px;\"><div class=\"fusion-column-wrapper fusion-column-has-shadow fusion-flex-justify-content-flex-start fusion-content-layout-column\"><div class=\"fusion-separator fusion-full-width-sep\" style=\"align-self: center;margin-left: auto;margin-right: auto;width:100%;\"><div class=\"fusion-separator-border sep-single sep-solid\" style=\"--awb-height:20px;--awb-amount:20px;--awb-sep-color:var(--awb-color4);border-color:var(--awb-color4);border-top-width:3px;\"><\/div><\/div><\/div><\/div><\/div><\/div><div class=\"fusion-fullwidth fullwidth-box fusion-builder-row-2 fusion-flex-container has-pattern-background has-mask-background hundred-percent-fullwidth non-hundred-percent-height-scrolling\" style=\"--awb-border-radius-top-left:0px;--awb-border-radius-top-right:0px;--awb-border-radius-bottom-right:0px;--awb-border-radius-bottom-left:0px;--awb-padding-right:60px;--awb-padding-left:60px;--awb-padding-right-medium:60px;--awb-padding-left-medium:60px;--awb-padding-right-small:30px;--awb-padding-left-small:30px;--awb-margin-top:30px;--awb-margin-top-small:0px;--awb-flex-wrap:wrap;\" ><div class=\"fusion-builder-row fusion-row fusion-flex-align-items-flex-start fusion-flex-justify-content-center fusion-flex-content-wrap\" style=\"width:calc( 100% + 60px ) !important;max-width:calc( 100% + 60px ) !important;margin-left: calc(-60px \/ 2 );margin-right: calc(-60px \/ 2 );\"><div class=\"fusion-layout-column fusion_builder_column fusion-builder-column-3 fusion_builder_column_2_5 2_5 fusion-flex-column\" style=\"--awb-bg-blend:overlay;--awb-bg-size:cover;--awb-width-large:40%;--awb-margin-top-large:0px;--awb-spacing-right-large:30px;--awb-margin-bottom-large:20px;--awb-spacing-left-large:30px;--awb-width-medium:75%;--awb-order-medium:0;--awb-spacing-right-medium:30px;--awb-spacing-left-medium:30px;--awb-width-small:100%;--awb-order-small:0;--awb-spacing-right-small:30px;--awb-spacing-left-small:30px;\"><div class=\"fusion-column-wrapper fusion-flex-justify-content-flex-start fusion-content-layout-column\"><div class=\"fusion-builder-row fusion-builder-row-inner fusion-row fusion-flex-align-items-flex-start fusion-flex-justify-content-center fusion-flex-content-wrap\" style=\"--awb-flex-grow:0;--awb-flex-grow-medium:0;--awb-flex-grow-small:0;--awb-flex-shrink:0;--awb-flex-shrink-medium:0;--awb-flex-shrink-small:0;width:calc( 100% + 60px ) !important;max-width:calc( 100% + 60px ) !important;margin-left: calc(-60px \/ 2 );margin-right: calc(-60px \/ 2 );\"><div class=\"fusion-layout-column fusion_builder_column_inner fusion-builder-nested-column-0 fusion_builder_column_inner_1_2 1_2 fusion-flex-column fusion-flex-align-self-center\" style=\"--awb-bg-size:cover;--awb-width-large:50%;--awb-margin-top-large:0px;--awb-spacing-right-large:30px;--awb-margin-bottom-large:0px;--awb-spacing-left-large:30px;--awb-width-medium:50%;--awb-order-medium:0;--awb-spacing-right-medium:30px;--awb-spacing-left-medium:30px;--awb-width-small:100%;--awb-order-small:1;--awb-spacing-right-small:30px;--awb-margin-bottom-small:20px;--awb-spacing-left-small:30px;\"><div class=\"fusion-column-wrapper fusion-column-has-shadow fusion-flex-justify-content-center fusion-content-layout-column\"><div class=\"fusion-text fusion-text-3 fusion-text-no-margin\" style=\"--awb-font-size:var(--awb-typography5-font-size);--awb-line-height:var(--awb-typography5-line-height);--awb-letter-spacing:var(--awb-typography5-letter-spacing);--awb-text-transform:var(--awb-typography5-text-transform);--awb-text-color:var(--awb-custom11);--awb-margin-top:0px;--awb-margin-right:0px;--awb-margin-bottom:0px;--awb-margin-left:0px;--awb-text-font-family:var(--awb-typography5-font-family);--awb-text-font-weight:var(--awb-typography5-font-weight);--awb-text-font-style:var(--awb-typography5-font-style);\"><p>9 julio 2025<\/p>\n<\/div><\/div><\/div><div class=\"fusion-layout-column fusion_builder_column_inner fusion-builder-nested-column-1 fusion_builder_column_inner_1_2 1_2 fusion-flex-column fusion-flex-align-self-center\" style=\"--awb-bg-size:cover;--awb-width-large:50%;--awb-margin-top-large:0px;--awb-spacing-right-large:30px;--awb-margin-bottom-large:0px;--awb-spacing-left-large:30px;--awb-width-medium:50%;--awb-order-medium:0;--awb-spacing-right-medium:30px;--awb-spacing-left-medium:30px;--awb-width-small:100%;--awb-order-small:0;--awb-margin-top-small:0px;--awb-spacing-right-small:30px;--awb-spacing-left-small:30px;\"><div class=\"fusion-column-wrapper fusion-column-has-shadow fusion-flex-justify-content-center fusion-content-layout-column\"><div class=\"fusion-sharing-box fusion-sharing-box-1 boxed-icons\" style=\"background-color:var(--awb-color1);border-color:var(--awb-color1);--awb-margin-top:0px;--awb-margin-right:0px;--awb-margin-bottom:0px;--awb-margin-left:0px;--awb-wrapper-padding-top:0px;--awb-wrapper-padding-right:0px;--awb-wrapper-padding-bottom:0px;--awb-wrapper-padding-left:0px;--awb-padding-top:0px;--awb-padding-right:0px;--awb-padding-bottom:0px;--awb-padding-left:0px;--awb-border-top:0px;--awb-border-right:0px;--awb-border-bottom:0px;--awb-border-left:0px;--awb-icon-size:12px;--awb-separator-border-color:#cccccc;--awb-separator-border-sizes:0px;--awb-stacked-align:flex-end;--awb-layout:row;--awb-alignment-small:flex-end;--awb-stacked-align-small:center;\" data-title=\"Elecciones, Nombramientos y Otras Noticias | Junio-Julio\" data-description=\"Your Content Goes Here       \r\n\r\n \tEl nuevo Rector de nuestro Ateneo Sant\u2019Anselmo, P. J\u00e1ko Feh\u00e9rv\u00e1ry de la Archabad\u00eda de Pannonhalma (Congregaci\u00f3n H\u00fangara), fue confirmado por la Santa Sede y asumir\u00e1 el cargo el 9 de septiembre.\r\n \tOn 26 June,\" data-link=\"https:\/\/osb.org\/es\/2025\/07\/09\/elecciones-nombramientos-y-otras-noticias-junio-julio\/\"><div class=\"fusion-social-networks sharingbox-shortcode-icon-wrapper sharingbox-shortcode-icon-wrapper-1 boxed-icons\"><span><a href=\"https:\/\/www.facebook.com\/sharer.php?u=https%3A%2F%2Fosb.org%2Fes%2F2025%2F07%2F09%2Felecciones-nombramientos-y-otras-noticias-junio-julio%2F&amp;t=Elecciones%2C%20Nombramientos%20y%20Otras%20Noticias%20%7C%20Junio-Julio\" target=\"_blank\" rel=\"noreferrer\" title=\"Facebook\" aria-label=\"Facebook\"><i class=\"fusion-social-network-icon fusion-tooltip fusion-facebook awb-icon-facebook\" style=\"color:var(--awb-custom11);background-color:#e8e8e8;border-color:#e8e8e8;border-radius:50%;\" aria-hidden=\"true\"><\/i><\/a><\/span><span><a href=\"https:\/\/x.com\/intent\/post?text=Elecciones%2C%20Nombramientos%20y%20Otras%20Noticias%20%7C%20Junio-Julio&amp;url=https%3A%2F%2Fosb.org%2Fes%2F2025%2F07%2F09%2Felecciones-nombramientos-y-otras-noticias-junio-julio%2F\" target=\"_blank\" rel=\"noopener noreferrer\" title=\"X\" aria-label=\"X\"><i class=\"fusion-social-network-icon fusion-tooltip fusion-twitter awb-icon-twitter\" style=\"color:var(--awb-custom11);background-color:#e8e8e8;border-color:#e8e8e8;border-radius:50%;\" aria-hidden=\"true\"><\/i><\/a><\/span><span><a href=\"https:\/\/api.whatsapp.com\/send?text=https%3A%2F%2Fosb.org%2Fes%2F2025%2F07%2F09%2Felecciones-nombramientos-y-otras-noticias-junio-julio%2F\" target=\"_blank\" rel=\"noopener noreferrer\" title=\"WhatsApp\" aria-label=\"WhatsApp\"><i class=\"fusion-social-network-icon fusion-tooltip fusion-whatsapp awb-icon-whatsapp\" style=\"color:var(--awb-custom11);background-color:#e8e8e8;border-color:#e8e8e8;border-radius:50%;\" aria-hidden=\"true\"><\/i><\/a><\/span><span><a href=\"mailto:?subject=Elecciones%2C%20Nombramientos%20y%20Otras%20Noticias%20%7C%20Junio-Julio&amp;body=https%3A%2F%2Fosb.org%2Fes%2F2025%2F07%2F09%2Felecciones-nombramientos-y-otras-noticias-junio-julio%2F\" target=\"_self\" title=\"Email\" aria-label=\"Email\"><i class=\"fusion-social-network-icon fusion-tooltip fusion-mail awb-icon-mail\" style=\"color:var(--awb-custom11);background-color:#e8e8e8;border-color:#e8e8e8;border-radius:50%;\" aria-hidden=\"true\"><\/i><\/a><\/span><\/div><\/div><\/div><\/div><\/div><div class=\"fusion-text fusion-text-4\"><ul>\n<li>El nuevo Rector de nuestro Ateneo Sant\u2019Anselmo, <a href=\"https:\/\/osb.org\/es\/2025\/07\/07\/jako-ors-fehervary-osb-nombrado-nuevo-rector-del-ateneo-pontificio-santanselmo\/\">P. J\u00e1ko Feh\u00e9rv\u00e1ry<\/a> de la Archabad\u00eda de Pannonhalma (Congregaci\u00f3n H\u00fangara), fue confirmado por la Santa Sede y asumir\u00e1 el cargo el 9 de septiembre.<\/li>\n<li>On 26 June, <a href=\"https:\/\/www.anselmianum.com\/it\/news\/1393-decano-ft\" target=\"_blank\" rel=\"noopener\">Fr Laurentius Eschlb\u00f6ck OSB<\/a> of Schottenstift, Vienna (Austrian Congregation) and currently our pro-rector, was appointed Dean of the Faculty of Theology at Sant\u2019Anselmo<\/li>\n<li>El 24 de junio, el papa Le\u00f3n XIV nombr\u00f3 al abad Donato Ogliari de San Pablo Extramuros (Congregaci\u00f3n Subiacio-Cassinese) miembro del Dicasterio para la Vida Consagrada y las Sociedades de Vida Apost\u00f3lica.<\/li>\n<li>El 18 de junio, los monjes de Mariastein (Congregaci\u00f3n Suiza) eligieron un nuevo abad, <a href=\"https:\/\/osb.org\/2025\/06\/19\/new-abbot-elected-for-mariastein-abbey\/\">Padre Ludwig Zierer<\/a>, por un periodo de seis a\u00f1os. Su predecesor, P. Peter von Sury, acept\u00f3 un puesto como confesor en San Pablo Extramuros para el A\u00f1o Santo. <\/li>\n<li>Tambi\u00e9n el 18 de junio, el abad Isaac Camacho de la Abad\u00eda de San Le\u00f3n en Florida ces\u00f3 en su cargo.<\/li>\n<li>El 12 de junio, el abad presidente Geoffroi Kemlin de la Congregaci\u00f3n de Solesmes nombr\u00f3 al P. Frans Schlatmann prior administrador de la Abad\u00eda de Vaals tras la renuncia del abad Adrian Lenglet.<\/li>\n<li>El 10 de junio, la comunidad de San Lambrecht (Congregaci\u00f3n Austr\u00edaca) eligi\u00f3 al P. Alfred Eichmann como su nuevo abad por un mandato de doce a\u00f1os. El abad Alfred tomar\u00e1 posesi\u00f3n el 10 de julio, al t\u00e9rmino del mandato de su predecesor, el abad Benedikt Plank. <\/li>\n<li>El 8 de junio, el papa Le\u00f3n acept\u00f3 la renuncia del obispo <a href=\"https:\/\/osb.org\/2025\/06\/09\/benedictine-bishop-hanke-concludes-decades-of-service\/\">Gregor Maria Hanke<\/a> de Eichst\u00e4tt, Alemania. El obispo Gregor fue abad de Plankstetten, de la Congregaci\u00f3n B\u00e1vara, desde 1993 hasta 2006. Actualmente hay siete obispos benedictinos en servicio activo: el arzobispo Mathew Mookakkattu, metropolitano de Kottayam, monje de Montenero (Vallumbrosano); el arzobispo Fernando Antonio Sburido de Olinda y Recife, monje de Olinda (brasile\u00f1o); el obispo titular Gregorio Leoziri Paixao, auxiliar de Brasilia y monje de Bah\u00eda (brasile\u00f1o); el obispo Cletus Chandrasiri Perera de Ratnapur, monje de Montefano (silvestrino); el obispo Dominicus Meier de Osnabr\u00fcck, monje de K\u00f6nigsm\u00fcnster (otiliense); el obispo titular Elias Lorenzo, auxiliar de Newark, monje de Morristown (americano-casinense); el obispo Hugh Gilbert, obispo de Aberdeen y monje de Pluscarden (Subiaco-Casinense); el obispo Francis Alleyne, obispo de Georgetown, Guyana, y monje de Nuestra Se\u00f1ora del Exilio, Tunapuna, Rep\u00fablica de Trinidad y Tobago (Anunciaci\u00f3n).   <\/li>\n<li>El 6 de junio, el abad Marianus Bieber otorg\u00f3 el Premio Emmanuel-Heufelder, patrocinado por la Abad\u00eda de Niederaltaich (Congregaci\u00f3n B\u00e1vara), a <a href=\"https:\/\/osb.org\/2025\/06\/13\/ecumenical-patriarch-bartholomew-receives-heufelder-prize\/\">Su Beatitud el Patriarca Ecum\u00e9nico Bartolomeo de Constantinopla<\/a>. La Abad\u00eda de Niederaltaich es uno de los monasterios que respondi\u00f3 al llamamiento del papa P\u00edo XI en 1924 para que las abad\u00edas benedictinas desarrollaran relaciones ecum\u00e9nicas m\u00e1s significativas con las Iglesias orientales. Parte de la comunidad de Niederaltaich vive y ora seg\u00fan el rito bizantino.  <\/li>\n<\/ul>\n<\/div><\/div><\/div><\/div><\/div><\/p>\n","protected":false},"excerpt":{"rendered":"<p>El abad primado Jerem\u00edas comparte breves extractos de noticias de la Confederaci\u00f3n.<\/p>\n","protected":false},"author":1,"featured_media":13060,"comment_status":"closed","ping_status":"closed","sticky":false,"template":"","format":"standard","meta":{"footnotes":""},"categories":[186],"tags":[242,236],"class_list":["post-13059","post","type-post","status-publish","format-standard","has-post-thumbnail","hentry","category-nexus-es","tag-nexus-julio-2025-es","tag-nexus-del-abad-primado-es"],"cc_featured_image_caption":{"caption_text":false,"source_text":false,"source_url":false},"_links":{"self":[{"href":"https:\/\/osb.org\/es\/wp-json\/wp\/v2\/posts\/13059","targetHints":{"allow":["GET"]}}],"collection":[{"href":"https:\/\/osb.org\/es\/wp-json\/wp\/v2\/posts"}],"about":[{"href":"https:\/\/osb.org\/es\/wp-json\/wp\/v2\/types\/post"}],"author":[{"embeddable":true,"href":"https:\/\/osb.org\/es\/wp-json\/wp\/v2\/users\/1"}],"replies":[{"embeddable":true,"href":"https:\/\/osb.org\/es\/wp-json\/wp\/v2\/comments?post=13059"}],"version-history":[{"count":0,"href":"https:\/\/osb.org\/es\/wp-json\/wp\/v2\/posts\/13059\/revisions"}],"wp:featuredmedia":[{"embeddable":true,"href":"https:\/\/osb.org\/es\/wp-json\/wp\/v2\/media\/13060"}],"wp:attachment":[{"href":"https:\/\/osb.org\/es\/wp-json\/wp\/v2\/media?parent=13059"}],"wp:term":[{"taxonomy":"category","embeddable":true,"href":"https:\/\/osb.org\/es\/wp-json\/wp\/v2\/categories?post=13059"},{"taxonomy":"post_tag","embeddable":true,"href":"https:\/\/osb.org\/es\/wp-json\/wp\/v2\/tags?post=13059"}],"curies":[{"name":"wp","href":"https:\/\/api.w.org\/{rel}","templated":true}]}}