{"id":12987,"date":"2025-07-11T12:15:27","date_gmt":"2025-07-11T10:15:27","guid":{"rendered":"https:\/\/osb.org\/2025\/07\/11\/notas-desde-el-aventino-junio-julio\/"},"modified":"2025-09-08T12:13:52","modified_gmt":"2025-09-08T10:13:52","slug":"notas-desde-el-aventino-junio-julio","status":"publish","type":"post","link":"https:\/\/osb.org\/es\/2025\/07\/11\/notas-desde-el-aventino-junio-julio\/","title":{"rendered":"Notas desde el Aventino | Junio-Julio"},"content":{"rendered":"<p><div class=\"fusion-fullwidth fullwidth-box fusion-builder-row-1 fusion-flex-container has-pattern-background has-mask-background hundred-percent-fullwidth non-hundred-percent-height-scrolling\" style=\"--awb-border-sizes-bottom:1px;--awb-border-color:var(--awb-custom11);--awb-border-radius-top-left:0px;--awb-border-radius-top-right:0px;--awb-border-radius-bottom-right:0px;--awb-border-radius-bottom-left:0px;--awb-padding-right:60px;--awb-padding-bottom:20px;--awb-padding-left:60px;--awb-padding-right-small:30px;--awb-padding-left-small:30px;--awb-margin-top-medium:1px;--awb-margin-top-small:0px;--awb-flex-wrap:wrap;\" ><div class=\"fusion-builder-row fusion-row fusion-flex-align-items-center fusion-flex-justify-content-flex-end fusion-flex-content-wrap\" style=\"width:calc( 100% + 60px ) !important;max-width:calc( 100% + 60px ) !important;margin-left: calc(-60px \/ 2 );margin-right: calc(-60px \/ 2 );\"><div class=\"fusion-layout-column fusion_builder_column fusion-builder-column-0 fusion_builder_column_1_2 1_2 fusion-flex-column\" style=\"--awb-padding-right:60px;--awb-padding-left:60px;--awb-padding-right-small:0px;--awb-padding-left-small:0px;--awb-bg-size:cover;--awb-width-large:50%;--awb-margin-top-large:0px;--awb-spacing-right-large:30px;--awb-margin-bottom-large:20px;--awb-spacing-left-large:30px;--awb-width-medium:100%;--awb-order-medium:0;--awb-margin-top-medium:20px;--awb-spacing-right-medium:30px;--awb-margin-bottom-medium:0px;--awb-spacing-left-medium:30px;--awb-width-small:100%;--awb-order-small:0;--awb-spacing-right-small:30px;--awb-spacing-left-small:30px;\"><div class=\"fusion-column-wrapper fusion-column-has-shadow fusion-flex-justify-content-flex-start fusion-content-layout-column\"><div class=\"fusion-title title fusion-title-1 fusion-sep-none fusion-title-text fusion-title-size-one\" style=\"--awb-text-color:var(--awb-custom13);--awb-margin-top-small:0px;--awb-margin-right-small:0px;--awb-margin-bottom-small:20px;--awb-margin-left-small:0px;--awb-font-size:40px;\"><h1 class=\"fusion-title-heading title-heading-left md-text-align-center fusion-responsive-typography-calculated\" style=\"font-family:var(--awb-typography1-font-family);font-weight:var(--awb-typography1-font-weight);font-style:var(--awb-typography1-font-style);margin:0;letter-spacing:var(--awb-typography1-letter-spacing);text-transform:var(--awb-typography1-text-transform);font-size:1em;--fontSize:40;line-height:var(--awb-typography1-line-height);\">Notas desde el Aventino | Junio-Julio<\/h1><\/div><div class=\"fusion-text fusion-text-1 fusion-no-small-visibility fusion-no-medium-visibility\" style=\"--awb-font-size:var(--awb-typography3-font-size);--awb-line-height:var(--awb-typography3-line-height);--awb-letter-spacing:var(--awb-typography3-letter-spacing);--awb-text-transform:var(--awb-typography3-text-transform);--awb-text-color:var(--awb-custom12);--awb-text-font-family:var(--awb-typography3-font-family);--awb-text-font-weight:var(--awb-typography3-font-weight);--awb-text-font-style:var(--awb-typography3-font-style);\"><p>In this Saint Benedict Day edition of NEXUS, the Abbot Primate reflects on recent travels, visits to monasteries, and the broad appeal of the Saint Benedict medal. He shares news of community vitality, a personal coat of arms, and encourages time for rest as summer settles in across the Northern Hemisphere. <\/p>\n<\/div><\/div><\/div><div class=\"fusion-layout-column fusion_builder_column fusion-builder-column-1 fusion_builder_column_1_2 1_2 fusion-flex-column\" style=\"--awb-bg-size:cover;--awb-width-large:50%;--awb-margin-top-large:0px;--awb-spacing-right-large:30px;--awb-margin-bottom-large:0px;--awb-spacing-left-large:30px;--awb-width-medium:100%;--awb-order-medium:0;--awb-spacing-right-medium:30px;--awb-spacing-left-medium:30px;--awb-width-small:100%;--awb-order-small:0;--awb-spacing-right-small:30px;--awb-spacing-left-small:30px;\"><div class=\"fusion-column-wrapper fusion-column-has-shadow fusion-flex-justify-content-flex-start fusion-content-layout-column\"><div class=\"fusion-image-element \" style=\"--awb-caption-title-font-family:var(--h2_typography-font-family);--awb-caption-title-font-weight:var(--h2_typography-font-weight);--awb-caption-title-font-style:var(--h2_typography-font-style);--awb-caption-title-size:var(--h2_typography-font-size);--awb-caption-title-transform:var(--h2_typography-text-transform);--awb-caption-title-line-height:var(--h2_typography-line-height);--awb-caption-title-letter-spacing:var(--h2_typography-letter-spacing);\"><span class=\" fusion-imageframe imageframe-none imageframe-1 hover-type-none\" style=\"border:1px solid var(--awb-custom10);\"><a href=\"https:\/\/osb.org\/wp-content\/uploads\/2025\/07\/Jeremias_stemma_1.jpg\" class=\"fusion-lightbox\" data-rel=\"iLightbox[84c7ff48da0e96bcebb]\" data-title=\"Jeremias_stemma_1\" title=\"Jeremias_stemma_1\"><img decoding=\"async\" width=\"1920\" height=\"1080\" src=\"https:\/\/osb.org\/wp-content\/uploads\/2025\/07\/Jeremias_stemma_1.jpg\" data-orig-src=\"https:\/\/osb.org\/wp-content\/uploads\/2025\/07\/Jeremias_stemma_1.jpg\" alt class=\"lazyload img-responsive wp-image-12988\" srcset=\"data:image\/svg+xml,%3Csvg%20xmlns%3D%27http%3A%2F%2Fwww.w3.org%2F2000%2Fsvg%27%20width%3D%271920%27%20height%3D%271080%27%20viewBox%3D%270%200%201920%201080%27%3E%3Crect%20width%3D%271920%27%20height%3D%271080%27%20fill-opacity%3D%220%22%2F%3E%3C%2Fsvg%3E\" data-srcset=\"https:\/\/osb.org\/wp-content\/uploads\/2025\/07\/Jeremias_stemma_1-200x113.jpg 200w, https:\/\/osb.org\/wp-content\/uploads\/2025\/07\/Jeremias_stemma_1-400x225.jpg 400w, https:\/\/osb.org\/wp-content\/uploads\/2025\/07\/Jeremias_stemma_1-600x338.jpg 600w, https:\/\/osb.org\/wp-content\/uploads\/2025\/07\/Jeremias_stemma_1-800x450.jpg 800w, https:\/\/osb.org\/wp-content\/uploads\/2025\/07\/Jeremias_stemma_1-1200x675.jpg 1200w, https:\/\/osb.org\/wp-content\/uploads\/2025\/07\/Jeremias_stemma_1.jpg 1920w\" data-sizes=\"auto\" data-orig-sizes=\"(max-width: 1024px) 100vw, (max-width: 640px) 100vw, 600px\" \/><\/a><\/span><\/div><div class=\"fusion-text fusion-text-2 fusion-text-no-margin\" style=\"--awb-font-size:var(--awb-typography5-font-size);--awb-line-height:var(--awb-typography5-line-height);--awb-letter-spacing:var(--awb-typography5-letter-spacing);--awb-text-transform:var(--awb-typography5-text-transform);--awb-text-color:var(--awb-custom11);--awb-margin-top:12px;--awb-margin-bottom:12px;--awb-text-font-family:var(--awb-typography5-font-family);--awb-text-font-weight:var(--awb-typography5-font-weight);--awb-text-font-style:var(--awb-typography5-font-style);\"><\/div><\/div><\/div><div class=\"fusion-layout-column fusion_builder_column fusion-builder-column-2 fusion_builder_column_1_2 1_2 fusion-flex-column\" style=\"--awb-bg-size:cover;--awb-width-large:50%;--awb-margin-top-large:0px;--awb-spacing-right-large:30px;--awb-margin-bottom-large:0px;--awb-spacing-left-large:30px;--awb-width-medium:100%;--awb-order-medium:0;--awb-spacing-right-medium:30px;--awb-spacing-left-medium:30px;--awb-width-small:100%;--awb-order-small:0;--awb-spacing-right-small:30px;--awb-spacing-left-small:30px;\"><div class=\"fusion-column-wrapper fusion-column-has-shadow fusion-flex-justify-content-flex-start fusion-content-layout-column\"><div class=\"fusion-separator fusion-full-width-sep\" style=\"align-self: center;margin-left: auto;margin-right: auto;width:100%;\"><div class=\"fusion-separator-border sep-single sep-solid\" style=\"--awb-height:20px;--awb-amount:20px;--awb-sep-color:var(--awb-color4);border-color:var(--awb-color4);border-top-width:3px;\"><\/div><\/div><\/div><\/div><\/div><\/div><div class=\"fusion-fullwidth fullwidth-box fusion-builder-row-2 fusion-flex-container has-pattern-background has-mask-background hundred-percent-fullwidth non-hundred-percent-height-scrolling\" style=\"--awb-border-radius-top-left:0px;--awb-border-radius-top-right:0px;--awb-border-radius-bottom-right:0px;--awb-border-radius-bottom-left:0px;--awb-padding-right:60px;--awb-padding-left:60px;--awb-padding-right-medium:60px;--awb-padding-left-medium:60px;--awb-padding-right-small:30px;--awb-padding-left-small:30px;--awb-margin-top:30px;--awb-margin-top-small:0px;--awb-flex-wrap:wrap;\" ><div class=\"fusion-builder-row fusion-row fusion-flex-align-items-flex-start fusion-flex-justify-content-center fusion-flex-content-wrap\" style=\"width:calc( 100% + 60px ) !important;max-width:calc( 100% + 60px ) !important;margin-left: calc(-60px \/ 2 );margin-right: calc(-60px \/ 2 );\"><div class=\"fusion-layout-column fusion_builder_column fusion-builder-column-3 fusion_builder_column_2_5 2_5 fusion-flex-column\" style=\"--awb-bg-blend:overlay;--awb-bg-size:cover;--awb-width-large:40%;--awb-margin-top-large:0px;--awb-spacing-right-large:30px;--awb-margin-bottom-large:20px;--awb-spacing-left-large:30px;--awb-width-medium:75%;--awb-order-medium:0;--awb-spacing-right-medium:30px;--awb-spacing-left-medium:30px;--awb-width-small:100%;--awb-order-small:0;--awb-spacing-right-small:30px;--awb-spacing-left-small:30px;\"><div class=\"fusion-column-wrapper fusion-flex-justify-content-flex-start fusion-content-layout-column\"><div class=\"fusion-builder-row fusion-builder-row-inner fusion-row fusion-flex-align-items-flex-start fusion-flex-justify-content-center fusion-flex-content-wrap\" style=\"--awb-flex-grow:0;--awb-flex-grow-medium:0;--awb-flex-grow-small:0;--awb-flex-shrink:0;--awb-flex-shrink-medium:0;--awb-flex-shrink-small:0;width:calc( 100% + 60px ) !important;max-width:calc( 100% + 60px ) !important;margin-left: calc(-60px \/ 2 );margin-right: calc(-60px \/ 2 );\"><div class=\"fusion-layout-column fusion_builder_column_inner fusion-builder-nested-column-0 fusion_builder_column_inner_1_2 1_2 fusion-flex-column fusion-flex-align-self-center\" style=\"--awb-bg-size:cover;--awb-width-large:50%;--awb-margin-top-large:0px;--awb-spacing-right-large:30px;--awb-margin-bottom-large:0px;--awb-spacing-left-large:30px;--awb-width-medium:50%;--awb-order-medium:0;--awb-spacing-right-medium:30px;--awb-spacing-left-medium:30px;--awb-width-small:100%;--awb-order-small:1;--awb-spacing-right-small:30px;--awb-margin-bottom-small:20px;--awb-spacing-left-small:30px;\"><div class=\"fusion-column-wrapper fusion-column-has-shadow fusion-flex-justify-content-center fusion-content-layout-column\"><div class=\"fusion-text fusion-text-3 fusion-text-no-margin\" style=\"--awb-font-size:var(--awb-typography5-font-size);--awb-line-height:var(--awb-typography5-line-height);--awb-letter-spacing:var(--awb-typography5-letter-spacing);--awb-text-transform:var(--awb-typography5-text-transform);--awb-text-color:var(--awb-custom11);--awb-margin-top:0px;--awb-margin-right:0px;--awb-margin-bottom:0px;--awb-margin-left:0px;--awb-text-font-family:var(--awb-typography5-font-family);--awb-text-font-weight:var(--awb-typography5-font-weight);--awb-text-font-style:var(--awb-typography5-font-style);\"><p>11 julio 2025<\/p>\n<\/div><\/div><\/div><div class=\"fusion-layout-column fusion_builder_column_inner fusion-builder-nested-column-1 fusion_builder_column_inner_1_2 1_2 fusion-flex-column fusion-flex-align-self-center\" style=\"--awb-bg-size:cover;--awb-width-large:50%;--awb-margin-top-large:0px;--awb-spacing-right-large:30px;--awb-margin-bottom-large:0px;--awb-spacing-left-large:30px;--awb-width-medium:50%;--awb-order-medium:0;--awb-spacing-right-medium:30px;--awb-spacing-left-medium:30px;--awb-width-small:100%;--awb-order-small:0;--awb-margin-top-small:0px;--awb-spacing-right-small:30px;--awb-spacing-left-small:30px;\"><div class=\"fusion-column-wrapper fusion-column-has-shadow fusion-flex-justify-content-center fusion-content-layout-column\"><div class=\"fusion-sharing-box fusion-sharing-box-1 boxed-icons\" style=\"background-color:var(--awb-color1);border-color:var(--awb-color1);--awb-margin-top:0px;--awb-margin-right:0px;--awb-margin-bottom:0px;--awb-margin-left:0px;--awb-wrapper-padding-top:0px;--awb-wrapper-padding-right:0px;--awb-wrapper-padding-bottom:0px;--awb-wrapper-padding-left:0px;--awb-padding-top:0px;--awb-padding-right:0px;--awb-padding-bottom:0px;--awb-padding-left:0px;--awb-border-top:0px;--awb-border-right:0px;--awb-border-bottom:0px;--awb-border-left:0px;--awb-icon-size:12px;--awb-separator-border-color:#cccccc;--awb-separator-border-sizes:0px;--awb-stacked-align:flex-end;--awb-layout:row;--awb-alignment-small:flex-end;--awb-stacked-align-small:center;\" data-title=\"Notas desde el Aventino | Junio-Julio\" data-description=\"Your Content Goes Here       \r\n\r\nEsta edici\u00f3n de NEXUS deber\u00eda llegarles el 11 de julio, d\u00eda en que celebramos a san Benito. Entre nosotros, los benedictinos, este d\u00eda se conmemora de diversas maneras: sencillamente como la fiesta de nuestro Santo Padre, o como\" data-link=\"https:\/\/osb.org\/es\/2025\/07\/11\/notas-desde-el-aventino-junio-julio\/\"><div class=\"fusion-social-networks sharingbox-shortcode-icon-wrapper sharingbox-shortcode-icon-wrapper-1 boxed-icons\"><span><a href=\"https:\/\/www.facebook.com\/sharer.php?u=https%3A%2F%2Fosb.org%2Fes%2F2025%2F07%2F11%2Fnotas-desde-el-aventino-junio-julio%2F&amp;t=Notas%20desde%20el%20Aventino%20%7C%20Junio-Julio\" target=\"_blank\" rel=\"noreferrer\" title=\"Facebook\" aria-label=\"Facebook\"><i class=\"fusion-social-network-icon fusion-tooltip fusion-facebook awb-icon-facebook\" style=\"color:var(--awb-custom11);background-color:#e8e8e8;border-color:#e8e8e8;border-radius:50%;\" aria-hidden=\"true\"><\/i><\/a><\/span><span><a href=\"https:\/\/x.com\/intent\/post?text=Notas%20desde%20el%20Aventino%20%7C%20Junio-Julio&amp;url=https%3A%2F%2Fosb.org%2Fes%2F2025%2F07%2F11%2Fnotas-desde-el-aventino-junio-julio%2F\" target=\"_blank\" rel=\"noopener noreferrer\" title=\"X\" aria-label=\"X\"><i class=\"fusion-social-network-icon fusion-tooltip fusion-twitter awb-icon-twitter\" style=\"color:var(--awb-custom11);background-color:#e8e8e8;border-color:#e8e8e8;border-radius:50%;\" aria-hidden=\"true\"><\/i><\/a><\/span><span><a href=\"https:\/\/api.whatsapp.com\/send?text=https%3A%2F%2Fosb.org%2Fes%2F2025%2F07%2F11%2Fnotas-desde-el-aventino-junio-julio%2F\" target=\"_blank\" rel=\"noopener noreferrer\" title=\"WhatsApp\" aria-label=\"WhatsApp\"><i class=\"fusion-social-network-icon fusion-tooltip fusion-whatsapp awb-icon-whatsapp\" style=\"color:var(--awb-custom11);background-color:#e8e8e8;border-color:#e8e8e8;border-radius:50%;\" aria-hidden=\"true\"><\/i><\/a><\/span><span><a href=\"mailto:?subject=Notas%20desde%20el%20Aventino%20%7C%20Junio-Julio&amp;body=https%3A%2F%2Fosb.org%2Fes%2F2025%2F07%2F11%2Fnotas-desde-el-aventino-junio-julio%2F\" target=\"_self\" title=\"Email\" aria-label=\"Email\"><i class=\"fusion-social-network-icon fusion-tooltip fusion-mail awb-icon-mail\" style=\"color:var(--awb-custom11);background-color:#e8e8e8;border-color:#e8e8e8;border-radius:50%;\" aria-hidden=\"true\"><\/i><\/a><\/span><\/div><\/div><\/div><\/div><\/div><div class=\"fusion-text fusion-text-4\"><p>Esta edici\u00f3n de NEXUS deber\u00eda llegarles el 11 de julio, d\u00eda en que celebramos a san Benito. Entre nosotros, los benedictinos, este d\u00eda se conmemora de diversas maneras: sencillamente como la fiesta de nuestro Santo Padre, o como el aniversario de la traslaci\u00f3n de sus reliquias de Montecassino a Fleury, o \u2013 aqu\u00ed en Europa \u2013 como su fiesta en su calidad de patr\u00f3n principal de Europa. Pasar\u00e9 este d\u00eda en la abad\u00eda de Worth en Inglaterra, donde he sido invitado a una gran fiesta comunitaria y tambi\u00e9n como conferencista principal en la \u201cSemana Benedictina\u201d, un evento promovido por la Comunidad Laica de san Benito, grandes promotores de los valores y la espiritualidad benedictina en Gran Breta\u00f1a.  <\/p>\n<p>Hace dos d\u00edas, una reportera de EWTN me entrevist\u00f3 sobre la medalla de san Benito. Para la mayor\u00eda de nosotros, la medalla no es exactamente el elemento m\u00e1s importante de nuestro legado, pero tiene un gran atractivo y millones de fieles la llevan como signo de protecci\u00f3n. El dise\u00f1o atemporal, creado para el jubileo de 1880, explica en parte esta popularidad. La secuencia de letras \u201cmisteriosa\u201d \u2013 CSSMDNDSMDVRSSMQLIVB \u2013 a\u00f1ade, creo, un plus de fascinaci\u00f3n. Es un acertijo que insin\u00faa algo m\u00e1s amplio. Y una vez resuelto el acertijo, el texto arcaico \u2013 con dragones y veneno \u2013 evoca una imaginer\u00eda rica y nos traslada a un mundo lleno de aventura, peligro y salvaci\u00f3n. La colorida oraci\u00f3n se formul\u00f3 a fines de la Edad Media, posiblemente en la abad\u00eda de Metten, pero no tiene un v\u00ednculo directo con san Benito mismo. Eso no importa: una gran tradici\u00f3n puede incorporar generosamente distintas corrientes. Y en lo que respecta a las b\u00fasquedas benedictinas en Internet, la medalla atrae a muchos buscadores a nuestros sitios web benedictinos.        <\/p>\n<p>Hace unos d\u00edas regres\u00e9 de un largo viaje por Italia, Francia y Suiza. Bajo el t\u00edtulo \u201cTour de France\u201d, el padre Patrick y yo visitamos 13 comunidades as\u00ed como el lugar de nacimiento de san Anselmo en Aosta. El objetivo principal era visitar esos monasterios que dependen directamente del abad primado. Ya he estado en cinco de ellos; solo me queda Weston Priory en Estados Unidos. Como todos mis predecesores, trato de reducir su n\u00famero poco a poco ayudando a esas comunidades a unirse a congregaciones. No se trata solo de facilitarme el trabajo. Creo sinceramente que en estos tiempos dif\u00edciles una congregaci\u00f3n puede ofrecer un grado de supervisi\u00f3n, asistencia y solidaridad que el abad primado no puede proporcionar por s\u00ed solo.      <\/p>\n<p>Otro punto central de mi viaje fueron los monasterios que han adoptado la antigua costumbre para su liturgia, es decir, lo que el Papa Benedicto XVI denomin\u00f3 la forma extraordinaria. Hay alrededor de diez monasterios de este tipo en nuestra Confederaci\u00f3n, la mayor\u00eda en Francia. Esta es una parte de nuestro mundo mon\u00e1stico con la que antes no ten\u00eda contacto. Dado que el abad primado tiene el deber de representar a todo nuestro mundo benedictino, sent\u00ed la necesidad imperiosa de familiarizarme con esta realidad. Sin embargo, no se trataba de visitas, sino simplemente de visitas fraternales, y lamentablemente, como siempre, demasiado breves. Cuatro cosas me llamaron la atenci\u00f3n: en primer lugar, la hospitalidad c\u00e1lida y amable que reinaba en todas partes; en segundo lugar, la impresi\u00f3n que tuve fue de una observancia mon\u00e1stica muy seria en todas estas casas; y en tercer lugar, y contrariamente a lo que algunos podr\u00edan sospechar, tuve la profunda sensaci\u00f3n de que estas casas estaban en comuni\u00f3n con el sucesor de Pedro y tambi\u00e9n con nuestra amplia y diversa familia benedictina. Finalmente, estos monasterios parecen estar en una fase de estabilidad o incluso de crecimiento: hab\u00eda novicios y j\u00faniores en todas las casas que visitamos, y me enter\u00e9 de dos nuevas fundaciones planeadas. Tambi\u00e9n me result\u00f3 reveladora la experiencia de la diversidad: Fontgombault y sus casas filiales poseen elementos caracter\u00edsticos de la Congregaci\u00f3n de Solemes, algo que podr\u00eda llamarse \u00abelegancia mon\u00e1stica\u00bb, mientras que Le Barroux y La Garde exhiben algunos de los rasgos m\u00e1s robustos t\u00edpicos de la tradici\u00f3n Subiaco-Muard, de la que provienen originalmente. Llegu\u00e9 a conocer una parte vibrante de nuestro mundo benedictino.          <\/p>\n<p>Perm\u00edtanme terminar con una nota personal. Un nuevo escudo de armas no era exactamente una prioridad para m\u00ed, pero tras unos nueve meses encargu\u00e9 finalmente un boceto, que encontrar\u00e1n adjunto a estas notas. En el lado izquierdo \u2013 que los her\u00e1ldicos confusamente llaman derecho \u2013 aparecen los antiguos blasones de Sant\u2019Anselmo, usados desde los inicios de nuestra casa bajo el abad primado Hildebrand de Hemptinne. Se combinan con una estrella sobre ondas. La estrella procede de mi lema \u201cRespice Stellam\u201d, que a su vez viene de una homil\u00eda de san Bernardo sobre Nuestra Se\u00f1ora, Estrella del Mar. \u00c9l la describe como refugio, consuelo y ayuda cuando se avecinan grandes tribulaciones. Las ondas plateadas complementan esta imagen y tambi\u00e9n evocan mi hogar, Bad W\u00f6rishofen en Baviera, un balneario famoso por sus aguas vivificantes.      <\/p>\n<p>En el hemisferio norte ya es temporada de vacaciones. Sant\u2019Anselmo est\u00e1 despejado y un peque\u00f1o equipo trata de mantener la casa en funcionamiento durante el verano. No todas nuestras comunidades practican vacaciones formales, pero espero que todos encuentren algunos d\u00edas o momentos de recreaci\u00f3n y descanso, hasta que les escriba de nuevo este pr\u00f3ximo oto\u00f1o.  <\/p>\n<\/div><\/div><\/div><\/div><\/div><\/p>\n","protected":false},"excerpt":{"rendered":"<p>In this Saint Benedict Day edition of NEXUS, the Abbot Primate reflects on recent travels, visits to monasteries, and the broad appeal of the Saint Benedict medal. He shares news of community vitality, a personal coat of arms, and encourages time for rest as summer settles in across the Northern Hemisphere. <\/p>\n","protected":false},"author":1,"featured_media":12988,"comment_status":"closed","ping_status":"closed","sticky":false,"template":"","format":"standard","meta":{"footnotes":""},"categories":[186],"tags":[242,236],"class_list":["post-12987","post","type-post","status-publish","format-standard","has-post-thumbnail","hentry","category-nexus-es","tag-nexus-julio-2025-es","tag-nexus-del-abad-primado-es"],"cc_featured_image_caption":{"caption_text":false,"source_text":false,"source_url":false},"_links":{"self":[{"href":"https:\/\/osb.org\/es\/wp-json\/wp\/v2\/posts\/12987","targetHints":{"allow":["GET"]}}],"collection":[{"href":"https:\/\/osb.org\/es\/wp-json\/wp\/v2\/posts"}],"about":[{"href":"https:\/\/osb.org\/es\/wp-json\/wp\/v2\/types\/post"}],"author":[{"embeddable":true,"href":"https:\/\/osb.org\/es\/wp-json\/wp\/v2\/users\/1"}],"replies":[{"embeddable":true,"href":"https:\/\/osb.org\/es\/wp-json\/wp\/v2\/comments?post=12987"}],"version-history":[{"count":0,"href":"https:\/\/osb.org\/es\/wp-json\/wp\/v2\/posts\/12987\/revisions"}],"wp:featuredmedia":[{"embeddable":true,"href":"https:\/\/osb.org\/es\/wp-json\/wp\/v2\/media\/12988"}],"wp:attachment":[{"href":"https:\/\/osb.org\/es\/wp-json\/wp\/v2\/media?parent=12987"}],"wp:term":[{"taxonomy":"category","embeddable":true,"href":"https:\/\/osb.org\/es\/wp-json\/wp\/v2\/categories?post=12987"},{"taxonomy":"post_tag","embeddable":true,"href":"https:\/\/osb.org\/es\/wp-json\/wp\/v2\/tags?post=12987"}],"curies":[{"name":"wp","href":"https:\/\/api.w.org\/{rel}","templated":true}]}}