{"id":17300,"date":"2026-03-30T11:58:01","date_gmt":"2026-03-30T09:58:01","guid":{"rendered":"https:\/\/osb.org\/2026\/03\/30\/moench-der-erzabtei-saint-meinrad-zum-bischof-von-belleville-ernannt\/"},"modified":"2026-03-30T16:42:45","modified_gmt":"2026-03-30T14:42:45","slug":"moench-der-erzabtei-saint-meinrad-zum-bischof-von-belleville-ernannt","status":"publish","type":"post","link":"https:\/\/osb.org\/de\/2026\/03\/30\/moench-der-erzabtei-saint-meinrad-zum-bischof-von-belleville-ernannt\/","title":{"rendered":"M\u00f6nch der Erzabtei Saint Meinrad zum Bischof von Belleville ernannt"},"content":{"rendered":"<p><div class=\"fusion-fullwidth fullwidth-box fusion-builder-row-1 fusion-flex-container has-pattern-background has-mask-background hundred-percent-fullwidth non-hundred-percent-height-scrolling\" style=\"--awb-border-sizes-bottom:1px;--awb-border-color:var(--awb-custom11);--awb-border-radius-top-left:0px;--awb-border-radius-top-right:0px;--awb-border-radius-bottom-right:0px;--awb-border-radius-bottom-left:0px;--awb-padding-right:60px;--awb-padding-bottom:20px;--awb-padding-left:60px;--awb-padding-right-small:30px;--awb-padding-left-small:30px;--awb-margin-top-medium:1px;--awb-margin-top-small:0px;--awb-flex-wrap:wrap;\" ><div class=\"fusion-builder-row fusion-row fusion-flex-align-items-center fusion-flex-justify-content-flex-end fusion-flex-content-wrap\" style=\"width:calc( 100% + 60px ) !important;max-width:calc( 100% + 60px ) !important;margin-left: calc(-60px \/ 2 );margin-right: calc(-60px \/ 2 );\"><div class=\"fusion-layout-column fusion_builder_column fusion-builder-column-0 fusion_builder_column_1_2 1_2 fusion-flex-column\" style=\"--awb-padding-right:60px;--awb-padding-left:60px;--awb-padding-right-small:0px;--awb-padding-left-small:0px;--awb-bg-size:cover;--awb-width-large:50%;--awb-margin-top-large:0px;--awb-spacing-right-large:30px;--awb-margin-bottom-large:20px;--awb-spacing-left-large:30px;--awb-width-medium:100%;--awb-order-medium:0;--awb-margin-top-medium:20px;--awb-spacing-right-medium:30px;--awb-margin-bottom-medium:0px;--awb-spacing-left-medium:30px;--awb-width-small:100%;--awb-order-small:0;--awb-spacing-right-small:30px;--awb-spacing-left-small:30px;\"><div class=\"fusion-column-wrapper fusion-column-has-shadow fusion-flex-justify-content-flex-start fusion-content-layout-column\"><div class=\"fusion-title title fusion-title-1 fusion-sep-none fusion-title-text fusion-title-size-one\" style=\"--awb-text-color:var(--awb-custom13);--awb-margin-top-small:0px;--awb-margin-right-small:0px;--awb-margin-bottom-small:20px;--awb-margin-left-small:0px;--awb-font-size:40px;\"><h1 class=\"fusion-title-heading title-heading-left md-text-align-center fusion-responsive-typography-calculated\" style=\"font-family:var(--awb-typography1-font-family);font-weight:var(--awb-typography1-font-weight);font-style:var(--awb-typography1-font-style);margin:0;letter-spacing:var(--awb-typography1-letter-spacing);text-transform:var(--awb-typography1-text-transform);font-size:1em;--fontSize:40;line-height:var(--awb-typography1-line-height);\">M\u00f6nch der Erzabtei Saint Meinrad zum Bischof von Belleville ernannt<\/h1><\/div><div class=\"fusion-text fusion-text-1 fusion-no-small-visibility fusion-no-medium-visibility\" style=\"--awb-font-size:var(--awb-typography3-font-size);--awb-line-height:var(--awb-typography3-line-height);--awb-letter-spacing:var(--awb-typography3-letter-spacing);--awb-text-transform:var(--awb-typography3-text-transform);--awb-text-color:var(--awb-custom12);--awb-text-font-family:var(--awb-typography3-font-family);--awb-text-font-weight:var(--awb-typography3-font-weight);--awb-text-font-style:var(--awb-typography3-font-style);\"><p>Papst Leo XIV. hat P. Godfrey Mullen OSB zum 10. Bischof von Belleville ernannt. Als M\u00f6nch der Erzabtei Saint Meinrad diente er seit Mai 2025 als Di\u00f6zesanadministrator in Illinois. <\/p>\n<\/div><\/div><\/div><div class=\"fusion-layout-column fusion_builder_column fusion-builder-column-1 fusion_builder_column_1_2 1_2 fusion-flex-column\" style=\"--awb-bg-size:cover;--awb-width-large:50%;--awb-margin-top-large:0px;--awb-spacing-right-large:30px;--awb-margin-bottom-large:0px;--awb-spacing-left-large:30px;--awb-width-medium:100%;--awb-order-medium:0;--awb-spacing-right-medium:30px;--awb-spacing-left-medium:30px;--awb-width-small:100%;--awb-order-small:0;--awb-spacing-right-small:30px;--awb-spacing-left-small:30px;\"><div class=\"fusion-column-wrapper fusion-column-has-shadow fusion-flex-justify-content-flex-start fusion-content-layout-column\"><div class=\"fusion-image-element \" style=\"--awb-caption-title-font-family:var(--h2_typography-font-family);--awb-caption-title-font-weight:var(--h2_typography-font-weight);--awb-caption-title-font-style:var(--h2_typography-font-style);--awb-caption-title-size:var(--h2_typography-font-size);--awb-caption-title-transform:var(--h2_typography-text-transform);--awb-caption-title-line-height:var(--h2_typography-line-height);--awb-caption-title-letter-spacing:var(--h2_typography-letter-spacing);\"><span class=\" fusion-imageframe imageframe-none imageframe-1 hover-type-none\" style=\"border:1px solid var(--awb-custom10);\"><a href=\"https:\/\/osb.org\/wp-content\/uploads\/2026\/03\/Fr_Godfrey_Mullen_2022-1.jpg\" class=\"fusion-lightbox\" data-rel=\"iLightbox[dd5f7c00fb3803a34c1]\" data-title=\"P_Godfrey_Mullen_2022-1\" title=\"P_Godfrey_Mullen_2022-1\"><img decoding=\"async\" width=\"1920\" height=\"1080\" src=\"https:\/\/osb.org\/wp-content\/uploads\/2026\/03\/Fr_Godfrey_Mullen_2022-1.jpg\" data-orig-src=\"https:\/\/osb.org\/wp-content\/uploads\/2026\/03\/Fr_Godfrey_Mullen_2022-1.jpg\" alt class=\"lazyload img-responsive wp-image-17301\" srcset=\"data:image\/svg+xml,%3Csvg%20xmlns%3D%27http%3A%2F%2Fwww.w3.org%2F2000%2Fsvg%27%20width%3D%271920%27%20height%3D%271080%27%20viewBox%3D%270%200%201920%201080%27%3E%3Crect%20width%3D%271920%27%20height%3D%271080%27%20fill-opacity%3D%220%22%2F%3E%3C%2Fsvg%3E\" data-srcset=\"https:\/\/osb.org\/wp-content\/uploads\/2026\/03\/Fr_Godfrey_Mullen_2022-1-200x113.jpg 200w, https:\/\/osb.org\/wp-content\/uploads\/2026\/03\/Fr_Godfrey_Mullen_2022-1-400x225.jpg 400w, https:\/\/osb.org\/wp-content\/uploads\/2026\/03\/Fr_Godfrey_Mullen_2022-1-600x338.jpg 600w, https:\/\/osb.org\/wp-content\/uploads\/2026\/03\/Fr_Godfrey_Mullen_2022-1-800x450.jpg 800w, https:\/\/osb.org\/wp-content\/uploads\/2026\/03\/Fr_Godfrey_Mullen_2022-1-1200x675.jpg 1200w, https:\/\/osb.org\/wp-content\/uploads\/2026\/03\/Fr_Godfrey_Mullen_2022-1.jpg 1920w\" data-sizes=\"auto\" data-orig-sizes=\"(max-width: 1024px) 100vw, (max-width: 640px) 100vw, 600px\" \/><\/a><\/span><\/div><div class=\"fusion-text fusion-text-2 fusion-text-no-margin\" style=\"--awb-font-size:var(--awb-typography5-font-size);--awb-line-height:var(--awb-typography5-line-height);--awb-letter-spacing:var(--awb-typography5-letter-spacing);--awb-text-transform:var(--awb-typography5-text-transform);--awb-text-color:var(--awb-custom11);--awb-margin-top:12px;--awb-margin-bottom:12px;--awb-text-font-family:var(--awb-typography5-font-family);--awb-text-font-weight:var(--awb-typography5-font-weight);--awb-text-font-style:var(--awb-typography5-font-style);\"><\/div><\/div><\/div><div class=\"fusion-layout-column fusion_builder_column fusion-builder-column-2 fusion_builder_column_1_2 1_2 fusion-flex-column\" style=\"--awb-bg-size:cover;--awb-width-large:50%;--awb-margin-top-large:0px;--awb-spacing-right-large:30px;--awb-margin-bottom-large:0px;--awb-spacing-left-large:30px;--awb-width-medium:100%;--awb-order-medium:0;--awb-spacing-right-medium:30px;--awb-spacing-left-medium:30px;--awb-width-small:100%;--awb-order-small:0;--awb-spacing-right-small:30px;--awb-spacing-left-small:30px;\"><div class=\"fusion-column-wrapper fusion-column-has-shadow fusion-flex-justify-content-flex-start fusion-content-layout-column\"><div class=\"fusion-separator fusion-full-width-sep\" style=\"align-self: center;margin-left: auto;margin-right: auto;width:100%;\"><div class=\"fusion-separator-border sep-single sep-solid\" style=\"--awb-height:20px;--awb-amount:20px;--awb-sep-color:var(--awb-color4);border-color:var(--awb-color4);border-top-width:3px;\"><\/div><\/div><\/div><\/div><\/div><\/div><div class=\"fusion-fullwidth fullwidth-box fusion-builder-row-2 fusion-flex-container has-pattern-background has-mask-background hundred-percent-fullwidth non-hundred-percent-height-scrolling\" style=\"--awb-border-radius-top-left:0px;--awb-border-radius-top-right:0px;--awb-border-radius-bottom-right:0px;--awb-border-radius-bottom-left:0px;--awb-padding-right:60px;--awb-padding-left:60px;--awb-padding-right-medium:60px;--awb-padding-left-medium:60px;--awb-padding-right-small:30px;--awb-padding-left-small:30px;--awb-margin-top:30px;--awb-margin-top-small:0px;--awb-flex-wrap:wrap;\" ><div class=\"fusion-builder-row fusion-row fusion-flex-align-items-flex-start fusion-flex-justify-content-center fusion-flex-content-wrap\" style=\"width:calc( 100% + 60px ) !important;max-width:calc( 100% + 60px ) !important;margin-left: calc(-60px \/ 2 );margin-right: calc(-60px \/ 2 );\"><div class=\"fusion-layout-column fusion_builder_column fusion-builder-column-3 fusion_builder_column_2_5 2_5 fusion-flex-column\" style=\"--awb-bg-blend:overlay;--awb-bg-size:cover;--awb-width-large:40%;--awb-margin-top-large:0px;--awb-spacing-right-large:30px;--awb-margin-bottom-large:20px;--awb-spacing-left-large:30px;--awb-width-medium:75%;--awb-order-medium:0;--awb-spacing-right-medium:30px;--awb-spacing-left-medium:30px;--awb-width-small:100%;--awb-order-small:0;--awb-spacing-right-small:30px;--awb-spacing-left-small:30px;\"><div class=\"fusion-column-wrapper fusion-flex-justify-content-flex-start fusion-content-layout-column\"><div class=\"fusion-builder-row fusion-builder-row-inner fusion-row fusion-flex-align-items-flex-start fusion-flex-justify-content-center fusion-flex-content-wrap\" style=\"--awb-flex-grow:0;--awb-flex-grow-medium:0;--awb-flex-grow-small:0;--awb-flex-shrink:0;--awb-flex-shrink-medium:0;--awb-flex-shrink-small:0;width:calc( 100% + 60px ) !important;max-width:calc( 100% + 60px ) !important;margin-left: calc(-60px \/ 2 );margin-right: calc(-60px \/ 2 );\"><div class=\"fusion-layout-column fusion_builder_column_inner fusion-builder-nested-column-0 fusion_builder_column_inner_1_2 1_2 fusion-flex-column fusion-flex-align-self-center\" style=\"--awb-bg-size:cover;--awb-width-large:50%;--awb-margin-top-large:0px;--awb-spacing-right-large:30px;--awb-margin-bottom-large:0px;--awb-spacing-left-large:30px;--awb-width-medium:50%;--awb-order-medium:0;--awb-spacing-right-medium:30px;--awb-spacing-left-medium:30px;--awb-width-small:100%;--awb-order-small:1;--awb-spacing-right-small:30px;--awb-margin-bottom-small:20px;--awb-spacing-left-small:30px;\"><div class=\"fusion-column-wrapper fusion-column-has-shadow fusion-flex-justify-content-center fusion-content-layout-column\"><div class=\"fusion-text fusion-text-3 fusion-text-no-margin\" style=\"--awb-font-size:var(--awb-typography5-font-size);--awb-line-height:var(--awb-typography5-line-height);--awb-letter-spacing:var(--awb-typography5-letter-spacing);--awb-text-transform:var(--awb-typography5-text-transform);--awb-text-color:var(--awb-custom11);--awb-margin-top:0px;--awb-margin-right:0px;--awb-margin-bottom:0px;--awb-margin-left:0px;--awb-text-font-family:var(--awb-typography5-font-family);--awb-text-font-weight:var(--awb-typography5-font-weight);--awb-text-font-style:var(--awb-typography5-font-style);\"><p>30 M\u00e4rz 2026<\/p>\n<\/div><\/div><\/div><div class=\"fusion-layout-column fusion_builder_column_inner fusion-builder-nested-column-1 fusion_builder_column_inner_1_2 1_2 fusion-flex-column fusion-flex-align-self-center\" style=\"--awb-bg-size:cover;--awb-width-large:50%;--awb-margin-top-large:0px;--awb-spacing-right-large:30px;--awb-margin-bottom-large:0px;--awb-spacing-left-large:30px;--awb-width-medium:50%;--awb-order-medium:0;--awb-spacing-right-medium:30px;--awb-spacing-left-medium:30px;--awb-width-small:100%;--awb-order-small:0;--awb-margin-top-small:0px;--awb-spacing-right-small:30px;--awb-spacing-left-small:30px;\"><div class=\"fusion-column-wrapper fusion-column-has-shadow fusion-flex-justify-content-center fusion-content-layout-column\"><div class=\"fusion-sharing-box fusion-sharing-box-1 boxed-icons\" style=\"background-color:var(--awb-color1);border-color:var(--awb-color1);--awb-margin-top:0px;--awb-margin-right:0px;--awb-margin-bottom:0px;--awb-margin-left:0px;--awb-wrapper-padding-top:0px;--awb-wrapper-padding-right:0px;--awb-wrapper-padding-bottom:0px;--awb-wrapper-padding-left:0px;--awb-padding-top:0px;--awb-padding-right:0px;--awb-padding-bottom:0px;--awb-padding-left:0px;--awb-border-top:0px;--awb-border-right:0px;--awb-border-bottom:0px;--awb-border-left:0px;--awb-icon-size:12px;--awb-separator-border-color:#cccccc;--awb-separator-border-sizes:0px;--awb-stacked-align:flex-end;--awb-layout:row;--awb-alignment-small:flex-end;--awb-stacked-align-small:center;\" data-title=\"M\u00f6nch der Erzabtei Saint Meinrad zum Bischof von Belleville ernannt\" data-description=\"Your Content Goes Here       \r\n\r\nDer Heilige Stuhl gab am 13. M\u00e4rz 2026 bekannt, dass Papst Leo XIV. P. Godfrey Mullen OSB zum 10. Bischof von Belleville, Illinois, ernannt hat. Als M\u00f6nch der Erzabtei Saint Meinrad in Indiana, USA diente der designierte Bischof\" data-link=\"https:\/\/osb.org\/de\/2026\/03\/30\/moench-der-erzabtei-saint-meinrad-zum-bischof-von-belleville-ernannt\/\"><div class=\"fusion-social-networks sharingbox-shortcode-icon-wrapper sharingbox-shortcode-icon-wrapper-1 boxed-icons\"><span><a href=\"https:\/\/www.facebook.com\/sharer.php?u=https%3A%2F%2Fosb.org%2Fde%2F2026%2F03%2F30%2Fmoench-der-erzabtei-saint-meinrad-zum-bischof-von-belleville-ernannt%2F&amp;t=M%C3%B6nch%20der%20Erzabtei%20Saint%20Meinrad%20zum%20Bischof%20von%20Belleville%20ernannt\" target=\"_blank\" rel=\"noreferrer\" title=\"Facebook\" aria-label=\"Facebook\"><i class=\"fusion-social-network-icon fusion-tooltip fusion-facebook awb-icon-facebook\" style=\"color:var(--awb-custom11);background-color:#e8e8e8;border-color:#e8e8e8;border-radius:50%;\" aria-hidden=\"true\"><\/i><\/a><\/span><span><a href=\"https:\/\/x.com\/intent\/post?text=M%C3%B6nch%20der%20Erzabtei%20Saint%20Meinrad%20zum%20Bischof%20von%20Belleville%20ernannt&amp;url=https%3A%2F%2Fosb.org%2Fde%2F2026%2F03%2F30%2Fmoench-der-erzabtei-saint-meinrad-zum-bischof-von-belleville-ernannt%2F\" target=\"_blank\" rel=\"noopener noreferrer\" title=\"X\" aria-label=\"X\"><i class=\"fusion-social-network-icon fusion-tooltip fusion-twitter awb-icon-twitter\" style=\"color:var(--awb-custom11);background-color:#e8e8e8;border-color:#e8e8e8;border-radius:50%;\" aria-hidden=\"true\"><\/i><\/a><\/span><span><a href=\"https:\/\/api.whatsapp.com\/send?text=https%3A%2F%2Fosb.org%2Fde%2F2026%2F03%2F30%2Fmoench-der-erzabtei-saint-meinrad-zum-bischof-von-belleville-ernannt%2F\" target=\"_blank\" rel=\"noopener noreferrer\" title=\"WhatsApp\" aria-label=\"WhatsApp\"><i class=\"fusion-social-network-icon fusion-tooltip fusion-whatsapp awb-icon-whatsapp\" style=\"color:var(--awb-custom11);background-color:#e8e8e8;border-color:#e8e8e8;border-radius:50%;\" aria-hidden=\"true\"><\/i><\/a><\/span><span><a href=\"mailto:?subject=M%C3%B6nch%20der%20Erzabtei%20Saint%20Meinrad%20zum%20Bischof%20von%20Belleville%20ernannt&amp;body=https%3A%2F%2Fosb.org%2Fde%2F2026%2F03%2F30%2Fmoench-der-erzabtei-saint-meinrad-zum-bischof-von-belleville-ernannt%2F\" target=\"_self\" title=\"Email\" aria-label=\"Email\"><i class=\"fusion-social-network-icon fusion-tooltip fusion-mail awb-icon-mail\" style=\"color:var(--awb-custom11);background-color:#e8e8e8;border-color:#e8e8e8;border-radius:50%;\" aria-hidden=\"true\"><\/i><\/a><\/span><\/div><\/div><\/div><\/div><\/div><div class=\"fusion-text fusion-text-4\"><p>Der Heilige Stuhl gab am 13. M\u00e4rz 2026 bekannt, dass Papst Leo XIV. P. Godfrey Mullen OSB zum 10. Bischof von Belleville, Illinois, ernannt hat. Als M\u00f6nch der Erzabtei Saint Meinrad in Indiana, USA diente der designierte Bischof Godfrey seit Mai 2025 als Apostolischer Administrator der Di\u00f6zese, nach der Ernennung seines Vorg\u00e4ngers, Erzbischof Michael McGovern, auf den Bischofssitz von Omaha. <\/p>\n<p>Der 1966 in Alton, Illinois, geborene designierte Bischof Godfrey trat 1988 in die Erzabtei Saint Meinrad ein. Er legte 1992 seine feierlichen M\u00f6nchsgel\u00fcbde ab und wurde am 5. Juni 1994 zum Priester geweiht. Sein akademischer Hintergrund ist tief in der benediktinischen Tradition liturgischer Exzellenz verwurzelt; er besitzt einen Doktortitel in Liturgiewissenschaften von der The Catholic University of America, mit besonderem Schwerpunkt auf liturgischer Katechese.  <\/p>\n<p>Vor seinem \u00dcbergang in den vollen di\u00f6zesanen Dienst hatte P. Godfrey eine Vielzahl bedeutender Rollen innerhalb seiner Klostergemeinschaft und ihrer Bildungseinrichtungen inne. Er war Professor f\u00fcr Liturgie am Saint Meinrad Seminar und der Theologischen Hochschule, wo er auch als Vizerektor und Liturgiedirektor t\u00e4tig war. Seine Ernennung markiert das dritte Mal in der 172-j\u00e4hrigen Geschichte der Erzabtei Saint Meinrad, dass einer ihrer M\u00f6nche zum Bischof ernannt wurde.   <\/p>\n<p>Seit 2022 ist P. Godfrey eng in das Leben der Di\u00f6zese Belleville integriert und dient als Rektor der Kathedrale St. Peter und Pfarrer der Pfarreien Blessed Sacrament und Our Lady Queen of Peace. W\u00e4hrend einer Pressekonferenz nach der Bekanntgabe dr\u00fcckte er ein tiefes Gef\u00fchl der Verbundenheit mit der Ortskirche aus und bemerkte, dass er fast sein ganzes Leben innerhalb der Di\u00f6zese verbracht habe und immer noch von der Gegenwart Christi in seinem Volk fasziniert sei.  <\/p>\n<p>Erzbischof Michael McGovern begr\u00fc\u00dfte die Ernennung und nannte P. Godfreys Gebetsgeist, Intelligenz und liturgische Expertise als entscheidende Vorteile f\u00fcr seinen neuen Dienst. Der Erzbischof bemerkte, dass die Jahre des priesterlichen Dienstes und die benediktinische Pr\u00e4gung des designierten Bischofs eine stabile Grundlage f\u00fcr den Hirtendienst an den Menschen im s\u00fcdlichen Illinois bieten.  <\/p>\n<p>Die Bischofsweihe und Amtseinf\u00fchrung des designierten Bischofs Godfrey sind f\u00fcr den 1. Mai 2026 in der Kathedrale St. Peter in Belleville geplant. W\u00e4hrend er sich auf den \u00dcbergang vom Kloster zur F\u00fclle des Priestertums vorbereitet, schlie\u00dft sich die Benediktinische Konf\u00f6deration dem Gebet f\u00fcr seinen Dienst an und erkennt in dieser Ernennung eine fortgesetzte Anerkennung des monastischen Beitrags zur universalen kirchlichen Mission.<\/p>\n<\/div><div style=\"text-align:center;\"><a class=\"fusion-button button-flat fusion-button-default-size button-custom fusion-button-default button-1 fusion-button-span-yes fusion-button-default-type\" style=\"--awb-margin-top:10px;--button_accent_color:#ffffff;--button_accent_hover_color:#ffffff;--button_border_hover_color:#ffffff;--button_gradient_top_color:#1f7aa7;--button_gradient_bottom_color:#1f7aa7;--button_gradient_top_color_hover:#72cee0;--button_gradient_bottom_color_hover:#72cee0;\" target=\"_blank\" rel=\"noopener noreferrer\" href=\"https:\/\/www.saintmeinrad.org\/news?story=16827\"><span class=\"fusion-button-text awb-button__text awb-button__text--default\">Website der Erzabtei Saint Meinrad |EN|<\/span><\/a><\/div><\/div><\/div><\/div><\/div><\/p>\n","protected":false},"excerpt":{"rendered":"<p>Papst Leo XIV. hat P. Godfrey Mullen OSB zum 10. Bischof von Belleville ernannt. Als M\u00f6nch der Erzabtei Saint Meinrad diente er seit Mai 2025 als Di\u00f6zesanadministrator in Illinois. <\/p>\n","protected":false},"author":1,"featured_media":17301,"comment_status":"closed","ping_status":"closed","sticky":false,"template":"","format":"standard","meta":{"footnotes":""},"categories":[188,184],"tags":[398,206],"class_list":["post-17300","post","type-post","status-publish","format-standard","has-post-thumbnail","hentry","category-nachrichten-de","category-nexus-de","tag-nexus-april-2026-de","tag-nexus-fuhrungswechsel-de"],"cc_featured_image_caption":{"caption_text":false,"source_text":false,"source_url":false},"_links":{"self":[{"href":"https:\/\/osb.org\/de\/wp-json\/wp\/v2\/posts\/17300","targetHints":{"allow":["GET"]}}],"collection":[{"href":"https:\/\/osb.org\/de\/wp-json\/wp\/v2\/posts"}],"about":[{"href":"https:\/\/osb.org\/de\/wp-json\/wp\/v2\/types\/post"}],"author":[{"embeddable":true,"href":"https:\/\/osb.org\/de\/wp-json\/wp\/v2\/users\/1"}],"replies":[{"embeddable":true,"href":"https:\/\/osb.org\/de\/wp-json\/wp\/v2\/comments?post=17300"}],"version-history":[{"count":0,"href":"https:\/\/osb.org\/de\/wp-json\/wp\/v2\/posts\/17300\/revisions"}],"wp:featuredmedia":[{"embeddable":true,"href":"https:\/\/osb.org\/de\/wp-json\/wp\/v2\/media\/17301"}],"wp:attachment":[{"href":"https:\/\/osb.org\/de\/wp-json\/wp\/v2\/media?parent=17300"}],"wp:term":[{"taxonomy":"category","embeddable":true,"href":"https:\/\/osb.org\/de\/wp-json\/wp\/v2\/categories?post=17300"},{"taxonomy":"post_tag","embeddable":true,"href":"https:\/\/osb.org\/de\/wp-json\/wp\/v2\/tags?post=17300"}],"curies":[{"name":"wp","href":"https:\/\/api.w.org\/{rel}","templated":true}]}}