{"id":15462,"date":"2025-10-10T16:20:27","date_gmt":"2025-10-10T14:20:27","guid":{"rendered":"https:\/\/osb.org\/?p=15462"},"modified":"2025-10-11T19:57:50","modified_gmt":"2025-10-11T17:57:50","slug":"notizen-vom-aventin-august-oktober","status":"publish","type":"post","link":"https:\/\/osb.org\/de\/2025\/10\/10\/notizen-vom-aventin-august-oktober\/","title":{"rendered":"Notizen vom Aventin | August-Oktober"},"content":{"rendered":"<p><div class=\"fusion-fullwidth fullwidth-box fusion-builder-row-1 fusion-flex-container has-pattern-background has-mask-background hundred-percent-fullwidth non-hundred-percent-height-scrolling\" style=\"--awb-border-sizes-bottom:1px;--awb-border-color:var(--awb-custom11);--awb-border-radius-top-left:0px;--awb-border-radius-top-right:0px;--awb-border-radius-bottom-right:0px;--awb-border-radius-bottom-left:0px;--awb-padding-right:60px;--awb-padding-bottom:20px;--awb-padding-left:60px;--awb-padding-right-small:30px;--awb-padding-left-small:30px;--awb-margin-top-medium:1px;--awb-margin-top-small:0px;--awb-flex-wrap:wrap;\" ><div class=\"fusion-builder-row fusion-row fusion-flex-align-items-center fusion-flex-justify-content-flex-end fusion-flex-content-wrap\" style=\"width:calc( 100% + 60px ) !important;max-width:calc( 100% + 60px ) !important;margin-left: calc(-60px \/ 2 );margin-right: calc(-60px \/ 2 );\"><div class=\"fusion-layout-column fusion_builder_column fusion-builder-column-0 fusion_builder_column_1_2 1_2 fusion-flex-column\" style=\"--awb-padding-right:60px;--awb-padding-left:60px;--awb-padding-right-small:0px;--awb-padding-left-small:0px;--awb-bg-size:cover;--awb-width-large:50%;--awb-margin-top-large:0px;--awb-spacing-right-large:30px;--awb-margin-bottom-large:20px;--awb-spacing-left-large:30px;--awb-width-medium:100%;--awb-order-medium:0;--awb-margin-top-medium:20px;--awb-spacing-right-medium:30px;--awb-margin-bottom-medium:0px;--awb-spacing-left-medium:30px;--awb-width-small:100%;--awb-order-small:0;--awb-spacing-right-small:30px;--awb-spacing-left-small:30px;\"><div class=\"fusion-column-wrapper fusion-column-has-shadow fusion-flex-justify-content-flex-start fusion-content-layout-column\"><div class=\"fusion-title title fusion-title-1 fusion-sep-none fusion-title-text fusion-title-size-one\" style=\"--awb-text-color:var(--awb-custom13);--awb-margin-top-small:0px;--awb-margin-right-small:0px;--awb-margin-bottom-small:20px;--awb-margin-left-small:0px;--awb-font-size:40px;\"><h1 class=\"fusion-title-heading title-heading-left md-text-align-center fusion-responsive-typography-calculated\" style=\"font-family:var(--awb-typography1-font-family);font-weight:var(--awb-typography1-font-weight);font-style:var(--awb-typography1-font-style);margin:0;letter-spacing:var(--awb-typography1-letter-spacing);text-transform:var(--awb-typography1-text-transform);font-size:1em;--fontSize:40;line-height:var(--awb-typography1-line-height);\">Notizen vom Aventin | August-Oktober<\/h1><\/div><div class=\"fusion-text fusion-text-1 fusion-no-small-visibility fusion-no-medium-visibility\" style=\"--awb-font-size:var(--awb-typography3-font-size);--awb-line-height:var(--awb-typography3-line-height);--awb-letter-spacing:var(--awb-typography3-letter-spacing);--awb-text-transform:var(--awb-typography3-text-transform);--awb-text-color:var(--awb-custom12);--awb-text-font-family:var(--awb-typography3-font-family);--awb-text-font-weight:var(--awb-typography3-font-weight);--awb-text-font-style:var(--awb-typography3-font-style);\"><p>Nach einem ruhigen Sommer lebt Sant\u2019Anselmo wieder auf \u2013 mit neuen Studierenden, Leitern und Projekten. Zu den H\u00f6hepunkten z\u00e4hlen die Synode der Abtpr\u00e4sides in Montserrat, die Vorbereitungen auf die Feier unseres 125j\u00e4hrigen Kirchweihjubil\u00e4ums mit Papst Leo XIV. Kirchenjubil\u00e4um, ein r\u00f6misches Quartier f\u00fcr benediktinische Studentinnen und die Zukunft der Oblatenkongresse. <\/p>\n<\/div><\/div><\/div><div class=\"fusion-layout-column fusion_builder_column fusion-builder-column-1 fusion_builder_column_1_2 1_2 fusion-flex-column\" style=\"--awb-bg-size:cover;--awb-width-large:50%;--awb-margin-top-large:0px;--awb-spacing-right-large:30px;--awb-margin-bottom-large:0px;--awb-spacing-left-large:30px;--awb-width-medium:100%;--awb-order-medium:0;--awb-spacing-right-medium:30px;--awb-spacing-left-medium:30px;--awb-width-small:100%;--awb-order-small:0;--awb-spacing-right-small:30px;--awb-spacing-left-small:30px;\"><div class=\"fusion-column-wrapper fusion-column-has-shadow fusion-flex-justify-content-flex-start fusion-content-layout-column\"><div class=\"fusion-image-element \" style=\"--awb-caption-title-font-family:var(--h2_typography-font-family);--awb-caption-title-font-weight:var(--h2_typography-font-weight);--awb-caption-title-font-style:var(--h2_typography-font-style);--awb-caption-title-size:var(--h2_typography-font-size);--awb-caption-title-transform:var(--h2_typography-text-transform);--awb-caption-title-line-height:var(--h2_typography-line-height);--awb-caption-title-letter-spacing:var(--h2_typography-letter-spacing);\"><span class=\" fusion-imageframe imageframe-none imageframe-1 hover-type-none\" style=\"border:1px solid var(--awb-custom10);\"><a href=\"https:\/\/osb.org\/wp-content\/uploads\/2025\/10\/DSC_9399.jpg\" class=\"fusion-lightbox\" data-rel=\"iLightbox[fc6248d69ba39f5adb3]\" data-title=\"DSC_9399\" title=\"DSC_9399\"><img decoding=\"async\" width=\"1920\" height=\"1080\" src=\"https:\/\/osb.org\/wp-content\/uploads\/2025\/10\/DSC_9399.jpg\" data-orig-src=\"https:\/\/osb.org\/wp-content\/uploads\/2025\/10\/DSC_9399.jpg\" alt class=\"lazyload img-responsive wp-image-15461\" srcset=\"data:image\/svg+xml,%3Csvg%20xmlns%3D%27http%3A%2F%2Fwww.w3.org%2F2000%2Fsvg%27%20width%3D%271920%27%20height%3D%271080%27%20viewBox%3D%270%200%201920%201080%27%3E%3Crect%20width%3D%271920%27%20height%3D%271080%27%20fill-opacity%3D%220%22%2F%3E%3C%2Fsvg%3E\" data-srcset=\"https:\/\/osb.org\/wp-content\/uploads\/2025\/10\/DSC_9399-200x113.jpg 200w, https:\/\/osb.org\/wp-content\/uploads\/2025\/10\/DSC_9399-400x225.jpg 400w, https:\/\/osb.org\/wp-content\/uploads\/2025\/10\/DSC_9399-600x338.jpg 600w, https:\/\/osb.org\/wp-content\/uploads\/2025\/10\/DSC_9399-800x450.jpg 800w, https:\/\/osb.org\/wp-content\/uploads\/2025\/10\/DSC_9399-1200x675.jpg 1200w, https:\/\/osb.org\/wp-content\/uploads\/2025\/10\/DSC_9399.jpg 1920w\" data-sizes=\"auto\" data-orig-sizes=\"(max-width: 1024px) 100vw, (max-width: 640px) 100vw, 600px\" \/><\/a><\/span><\/div><div class=\"fusion-text fusion-text-2 fusion-text-no-margin\" style=\"--awb-font-size:var(--awb-typography5-font-size);--awb-line-height:var(--awb-typography5-line-height);--awb-letter-spacing:var(--awb-typography5-letter-spacing);--awb-text-transform:var(--awb-typography5-text-transform);--awb-text-color:var(--awb-custom11);--awb-margin-top:12px;--awb-margin-bottom:12px;--awb-text-font-family:var(--awb-typography5-font-family);--awb-text-font-weight:var(--awb-typography5-font-weight);--awb-text-font-style:var(--awb-typography5-font-style);\"><\/div><\/div><\/div><div class=\"fusion-layout-column fusion_builder_column fusion-builder-column-2 fusion_builder_column_1_2 1_2 fusion-flex-column\" style=\"--awb-bg-size:cover;--awb-width-large:50%;--awb-margin-top-large:0px;--awb-spacing-right-large:30px;--awb-margin-bottom-large:0px;--awb-spacing-left-large:30px;--awb-width-medium:100%;--awb-order-medium:0;--awb-spacing-right-medium:30px;--awb-spacing-left-medium:30px;--awb-width-small:100%;--awb-order-small:0;--awb-spacing-right-small:30px;--awb-spacing-left-small:30px;\"><div class=\"fusion-column-wrapper fusion-column-has-shadow fusion-flex-justify-content-flex-start fusion-content-layout-column\"><div class=\"fusion-separator fusion-full-width-sep\" style=\"align-self: center;margin-left: auto;margin-right: auto;width:100%;\"><div class=\"fusion-separator-border sep-single sep-solid\" style=\"--awb-height:20px;--awb-amount:20px;--awb-sep-color:var(--awb-color4);border-color:var(--awb-color4);border-top-width:3px;\"><\/div><\/div><\/div><\/div><\/div><\/div><div class=\"fusion-fullwidth fullwidth-box fusion-builder-row-2 fusion-flex-container has-pattern-background has-mask-background hundred-percent-fullwidth non-hundred-percent-height-scrolling\" style=\"--awb-border-radius-top-left:0px;--awb-border-radius-top-right:0px;--awb-border-radius-bottom-right:0px;--awb-border-radius-bottom-left:0px;--awb-padding-right:60px;--awb-padding-left:60px;--awb-padding-right-medium:60px;--awb-padding-left-medium:60px;--awb-padding-right-small:30px;--awb-padding-left-small:30px;--awb-margin-top:30px;--awb-margin-top-small:0px;--awb-flex-wrap:wrap;\" ><div class=\"fusion-builder-row fusion-row fusion-flex-align-items-flex-start fusion-flex-justify-content-center fusion-flex-content-wrap\" style=\"width:calc( 100% + 60px ) !important;max-width:calc( 100% + 60px ) !important;margin-left: calc(-60px \/ 2 );margin-right: calc(-60px \/ 2 );\"><div class=\"fusion-layout-column fusion_builder_column fusion-builder-column-3 fusion_builder_column_2_5 2_5 fusion-flex-column\" style=\"--awb-bg-blend:overlay;--awb-bg-size:cover;--awb-width-large:40%;--awb-margin-top-large:0px;--awb-spacing-right-large:30px;--awb-margin-bottom-large:20px;--awb-spacing-left-large:30px;--awb-width-medium:75%;--awb-order-medium:0;--awb-spacing-right-medium:30px;--awb-spacing-left-medium:30px;--awb-width-small:100%;--awb-order-small:0;--awb-spacing-right-small:30px;--awb-spacing-left-small:30px;\"><div class=\"fusion-column-wrapper fusion-flex-justify-content-flex-start fusion-content-layout-column\"><div class=\"fusion-builder-row fusion-builder-row-inner fusion-row fusion-flex-align-items-flex-start fusion-flex-justify-content-center fusion-flex-content-wrap\" style=\"--awb-flex-grow:0;--awb-flex-grow-medium:0;--awb-flex-grow-small:0;--awb-flex-shrink:0;--awb-flex-shrink-medium:0;--awb-flex-shrink-small:0;width:calc( 100% + 60px ) !important;max-width:calc( 100% + 60px ) !important;margin-left: calc(-60px \/ 2 );margin-right: calc(-60px \/ 2 );\"><div class=\"fusion-layout-column fusion_builder_column_inner fusion-builder-nested-column-0 fusion_builder_column_inner_1_2 1_2 fusion-flex-column fusion-flex-align-self-center\" style=\"--awb-bg-size:cover;--awb-width-large:50%;--awb-margin-top-large:0px;--awb-spacing-right-large:30px;--awb-margin-bottom-large:0px;--awb-spacing-left-large:30px;--awb-width-medium:50%;--awb-order-medium:0;--awb-spacing-right-medium:30px;--awb-spacing-left-medium:30px;--awb-width-small:100%;--awb-order-small:1;--awb-spacing-right-small:30px;--awb-margin-bottom-small:20px;--awb-spacing-left-small:30px;\"><div class=\"fusion-column-wrapper fusion-column-has-shadow fusion-flex-justify-content-center fusion-content-layout-column\"><div class=\"fusion-text fusion-text-3 fusion-text-no-margin\" style=\"--awb-font-size:var(--awb-typography5-font-size);--awb-line-height:var(--awb-typography5-line-height);--awb-letter-spacing:var(--awb-typography5-letter-spacing);--awb-text-transform:var(--awb-typography5-text-transform);--awb-text-color:var(--awb-custom11);--awb-margin-top:0px;--awb-margin-right:0px;--awb-margin-bottom:0px;--awb-margin-left:0px;--awb-text-font-family:var(--awb-typography5-font-family);--awb-text-font-weight:var(--awb-typography5-font-weight);--awb-text-font-style:var(--awb-typography5-font-style);\"><p>10 Oktober 2025<\/p>\n<\/div><\/div><\/div><div class=\"fusion-layout-column fusion_builder_column_inner fusion-builder-nested-column-1 fusion_builder_column_inner_1_2 1_2 fusion-flex-column fusion-flex-align-self-center\" style=\"--awb-bg-size:cover;--awb-width-large:50%;--awb-margin-top-large:0px;--awb-spacing-right-large:30px;--awb-margin-bottom-large:0px;--awb-spacing-left-large:30px;--awb-width-medium:50%;--awb-order-medium:0;--awb-spacing-right-medium:30px;--awb-spacing-left-medium:30px;--awb-width-small:100%;--awb-order-small:0;--awb-margin-top-small:0px;--awb-spacing-right-small:30px;--awb-spacing-left-small:30px;\"><div class=\"fusion-column-wrapper fusion-column-has-shadow fusion-flex-justify-content-center fusion-content-layout-column\"><div class=\"fusion-sharing-box fusion-sharing-box-1 boxed-icons\" style=\"background-color:var(--awb-color1);border-color:var(--awb-color1);--awb-margin-top:0px;--awb-margin-right:0px;--awb-margin-bottom:0px;--awb-margin-left:0px;--awb-wrapper-padding-top:0px;--awb-wrapper-padding-right:0px;--awb-wrapper-padding-bottom:0px;--awb-wrapper-padding-left:0px;--awb-padding-top:0px;--awb-padding-right:0px;--awb-padding-bottom:0px;--awb-padding-left:0px;--awb-border-top:0px;--awb-border-right:0px;--awb-border-bottom:0px;--awb-border-left:0px;--awb-icon-size:12px;--awb-separator-border-color:#cccccc;--awb-separator-border-sizes:0px;--awb-stacked-align:flex-end;--awb-layout:row;--awb-alignment-small:flex-end;--awb-stacked-align-small:center;\" data-title=\"Notizen vom Aventin | August-Oktober\" data-description=\"Your Content Goes Here       \r\n\r\nLiebe Br\u00fcder und Schwestern,\r\n\r\nIm Sommer ver\u00e4ndert sich der Lebensrhythmus in Sant\u2019Anselmo: Studenten und Professoren fahren in ihre Heimatkl\u00f6ster oder an andere Orte, und nur eine kleine Gruppe von M\u00f6nchen und Mitarbeitern bleibt hier auf dem Aventin zur\u00fcck, um\" data-link=\"https:\/\/osb.org\/de\/2025\/10\/10\/notizen-vom-aventin-august-oktober\/\"><div class=\"fusion-social-networks sharingbox-shortcode-icon-wrapper sharingbox-shortcode-icon-wrapper-1 boxed-icons\"><span><a href=\"https:\/\/www.facebook.com\/sharer.php?u=https%3A%2F%2Fosb.org%2Fde%2F2025%2F10%2F10%2Fnotizen-vom-aventin-august-oktober%2F&amp;t=Notizen%20vom%20Aventin%20%7C%20August-Oktober\" target=\"_blank\" rel=\"noreferrer\" title=\"Facebook\" aria-label=\"Facebook\"><i class=\"fusion-social-network-icon fusion-tooltip fusion-facebook awb-icon-facebook\" style=\"color:var(--awb-custom11);background-color:#e8e8e8;border-color:#e8e8e8;border-radius:50%;\" aria-hidden=\"true\"><\/i><\/a><\/span><span><a href=\"https:\/\/x.com\/intent\/post?text=Notizen%20vom%20Aventin%20%7C%20August-Oktober&amp;url=https%3A%2F%2Fosb.org%2Fde%2F2025%2F10%2F10%2Fnotizen-vom-aventin-august-oktober%2F\" target=\"_blank\" rel=\"noopener noreferrer\" title=\"X\" aria-label=\"X\"><i class=\"fusion-social-network-icon fusion-tooltip fusion-twitter awb-icon-twitter\" style=\"color:var(--awb-custom11);background-color:#e8e8e8;border-color:#e8e8e8;border-radius:50%;\" aria-hidden=\"true\"><\/i><\/a><\/span><span><a href=\"https:\/\/api.whatsapp.com\/send?text=https%3A%2F%2Fosb.org%2Fde%2F2025%2F10%2F10%2Fnotizen-vom-aventin-august-oktober%2F\" target=\"_blank\" rel=\"noopener noreferrer\" title=\"WhatsApp\" aria-label=\"WhatsApp\"><i class=\"fusion-social-network-icon fusion-tooltip fusion-whatsapp awb-icon-whatsapp\" style=\"color:var(--awb-custom11);background-color:#e8e8e8;border-color:#e8e8e8;border-radius:50%;\" aria-hidden=\"true\"><\/i><\/a><\/span><span><a href=\"mailto:?subject=Notizen%20vom%20Aventin%20%7C%20August-Oktober&amp;body=https%3A%2F%2Fosb.org%2Fde%2F2025%2F10%2F10%2Fnotizen-vom-aventin-august-oktober%2F\" target=\"_self\" title=\"Email\" aria-label=\"Email\"><i class=\"fusion-social-network-icon fusion-tooltip fusion-mail awb-icon-mail\" style=\"color:var(--awb-custom11);background-color:#e8e8e8;border-color:#e8e8e8;border-radius:50%;\" aria-hidden=\"true\"><\/i><\/a><\/span><\/div><\/div><\/div><\/div><\/div><div class=\"fusion-text fusion-text-4\"><p>Liebe Br\u00fcder und Schwestern,<\/p>\n<p>Im Sommer ver\u00e4ndert sich der Lebensrhythmus in Sant\u2019Anselmo: Studenten und Professoren fahren in ihre Heimatkl\u00f6ster oder an andere Orte, und nur eine kleine Gruppe von M\u00f6nchen und Mitarbeitern bleibt hier auf dem Aventin zur\u00fcck, um den Betrieb aufrechtzuerhalten, Wartungsarbeiten durchzuf\u00fchren und all das nachzuholen, wozu w\u00e4hrend des Studienjahres die Zeit fehlte. <\/p>\n<p>Mein pers\u00f6nlicher H\u00f6hepunkt des Sommers war die Pr\u00e4sides-Synode, die Mitte September in Montserrat stattfand. Wir waren in einem der ber\u00fchmtesten Wallfahrtsorte Europas zu Gast. Unsere Liebe Frau von Montserrat, liebevoll La Morenita genannt, wird ja an vielen Orten der Welt verehrt. Die Klostergemeinschaft integrierte unseren Besuch in die Millenniumsfeierlichkeiten des Klosters. Dieses Kloster, ein Leuchtturm des europ\u00e4ischen M\u00f6nchtums, bot eine gro\u00dfartige Gastfreundschaft f\u00fcr eine Synode, die mit einem Treffen der Regionaldelegierten der CIB, der Organisation der Benediktinerinnen, zusammenfiel. In dieser Ausgabe von NEXUS finden Sie einen Artikel \u00fcber diese Synode.     <\/p>\n<p>Eines der vielen Themen in Montserrat war die Zukunft der Weltkongresse der Benediktineroblaten. In letzter Zeit zirkulierte ein Vorschlag, diese Weltreffen durch kleinere Zusammenk\u00fcnfte zu ersetzen. In einer ernsthaften Beratung kamen die Abtpr\u00e4sides \u2013 manche hatten von den Oblaten ihrer eigenen Kongregationen sehr deutliche R\u00fcckmeldungen erhalten \u2013 jedoch zu dem Schluss, dass diese Weltoblatenkongresse wichtig und sehr gesch\u00e4tzt sind und fortgef\u00fchrt werden sollen. Die Synode stimmte dem zu, und wir suchen nun nach Wegen zur Umsetzung. Au\u00dferdem haben wir entschieden, dass das Monastische Sommerstudium, das hier in Sant\u2019Anselmo drei einw\u00f6chige Kurse in englischer Sprache zu monastischen Themen anbietet (als Einzelmodule oder als dreiw\u00f6chiges Programm), in besonderer Weise auch f\u00fcr Oblaten ge\u00f6ffnet wird. Wenn Sie das hier lesen und selbst mit Oblaten zu tun haben: geben Sie doch bitte die Nachricht weiter, dass die Konf\u00f6deration und die CIB diesen dritten Zweig unseres Ordens sch\u00e4tzen und dass wir alles tun wollen, um die Oblatenbewegung zu st\u00e4rken und weltweit miteinander zu vernetzen.     <\/p>\n<p>Zur\u00fcck zu Sant\u2019Anselmo. Wer uns in den letzten Jahren besucht hat, fand die Ankunft etwas beeintr\u00e4chtigt durch die Bauarbeiten direkt vor unserem Haus. Vor wenigen Wochen wurde die Renovierung der Piazza dei Cavalieri di Malta endlich abgeschlossen. Dies ist nicht irgendein r\u00f6mischer Platz, sondern ein einzigartiges Ensemble: Der Platz und die angrenzende Kirche des Malteserordens sind die einzigen Bauwerke, die Giovanni B. Piranesi, der durch seine Kupferstiche r\u00f6mischer Monumente weltber\u00fchmt wurde, entworfen und gebaut hat. In seinen ber\u00fchmten Kupferstichen l\u00e4sst er Rom noch eindrucksvoller erscheinen, als es ohnhin ist, indem er die Menschen im Verh\u00e4ltnis zu den Denkm\u00e4lern sehr klein gezeichnet hat. Auch der restaurierte Platz vor unserem Haus zeigt dieses r\u00f6mische Streben nach Glanz und Pracht. Die Einfassung des Platzes r\u00fchmt die Tugenden und Verdinste des Malteserordens, der dieses Werk in Auftrag gab. Besonders eindrucksvoll wirkt der Platz nachts, wenn das Mondlicht auf die wei\u00dfen Steine f\u00e4llt, die von unseren dunklen Zypressen eingefasst sind.          <\/p>\n<p>Gleich hinter diesem bezaubernden Platz liegt unser Sant\u2019Anselmo, das sich nun zum Ende des Sommers eher wie ein Bienenstock anf\u00fchlt. Neue Kollegsbewohner sind angekommen, und das Haus ist bis auf den letzten Platz gef\u00fcllt. In den vergangenen Monaten haben wir auch die Leitung unseres Athen\u00e4ums erneuert. Am 6. Oktober legte der neue Rektor, P. Jako Feh\u00e9rv\u00e1ry aus Pannonhalma, im Beisein zahlreicher G\u00e4ste, Professoren und Studenten das Glaubensbekenntnis und den Treueeid ab. Mit unserem neuen Dekan der Theologie, einem neuen Bibliotheksdirektor und einem wiedergew\u00e4hlten Dekan der Philosophie beginnt ein weiteres Kapitel unserer Hausgeschichte. Am 11. November j\u00e4hrt sich die Weihe der Abteikirche von Sant\u2019Anselmo zum 125. Mal. Im Jahr 1900 konnte Papst Leo XIII. \u2013 unser Gr\u00fcnder und G\u00f6nner \u2013 den Vatikan nicht verlassen und entsandte einen Kardinal. 2025 hingegen ist Papst Leo XIV. frei zu reisen und hat unsere Einladung angenommen, die Jubil\u00e4umsmesse hier mit uns zu feiern. Wie sicher alle nachf\u00fchlen k\u00f6nnen, sind wir voller freudiger Erwartung.        <\/p>\n<p>Weniger erfreulich waren dagegen die j\u00fcngsten Erfahrung der Benediktinerinnen, die an Sant\u2019Anselmo lehren und studieren. Ihre Studentinnenresidenz im Kloster Tor de\u2019 Specchi wurde vom P\u00e4pstlichen Kommissar dieser Gemeinschaft abrupt geschlossen, was f\u00fcr unsere Schwestern vor\u00fcbergehend eine gro\u00dfe Unsicherheit bedeutete. In aller Eile mussten wir f\u00fcr sie Notunterk\u00fcnfte finden. Nun haben wir ab Ende Oktober ein anderes Schwesternhaus in der N\u00e4he gefunden, von dem aus sie w\u00e4hrend des gesamten Studienjahres in Sant\u2019Anselmo studieren k\u00f6nnen. Das erste Studienhaus f\u00fcr Benediktinerinnen und Zisterzienserinnen entstand schon Anfang der 1980er-Jahre unter dem Namen Casa Santa Lioba und hat all die Jahre weiter bestanden, wenn auch unter manchmal prek\u00e4ren Umst\u00e4nden. Die aktuelle Krise ist, so hoffe ich, auch eine Chance. Eine unserer wichtigsten Aufgaben in den kommenden zw\u00f6lf Monaten wird es sein, diesem Studienhaus f\u00fcr Benediktinerinnen eine stabilere Grundlage zu geben. Ich hoffe, dass wir Papst Leo XIV. daf\u00fcr gewinnen k\u00f6nnen, f\u00fcr die Benediktinerinnen das zu tun, was Leo XIII. f\u00fcr die M\u00f6nche vor 140 Jahren geschaffen hat.   <\/p>\n<p>Es gibt reichlich Arbeit und Bewegung hier in Sant\u2019Anselmo. Und doch findet das wahre Leben unserer Konf\u00f6deration vor allem in der weiten Welt statt \u2013 in den vielen Abteien, Prioraten und Zellen, wo nach der Regel des hl. Benedikt gelebt wird, in der Suche nach Gott und im Bestreben, die Welt etwas besser zu machen. Im Herbst werde ich am Treffen der Benediktiner aus Ostasien und Ozeanien in Vietnam teilnehmen sowie am Lateinamerikanischen Monastischen Treffen in Brasilien. Vielleicht begegne ich einigen von Ihnen dort. F\u00fcr alle, die weniger reisen als ich, werde ich Eindr\u00fccke auf Facebook und Instagram teilen. Schlie\u00dflich wird auch NEXUS Mitte November dar\u00fcber berichten.   <\/p>\n<p>In vielen Teilen der Welt ist der Oktober ein Dankmonat: Dank f\u00fcr die Ernte und f\u00fcr all das Gute, das Gott uns schenkt. Ich empfinde noch immer gro\u00dfe Dankbarkeit f\u00fcr das Vertrauen, das die \u00c4bte mir im vergangenen Jahr geschenkt haben, und darf jeden Morgen mit Freude ins Gebet und an die Arbeit gehen. Das Gleiche w\u00fcnsche ich auch Ihnen allen \u2013 und gr\u00fc\u00dfe Sie sehr herzlich und br\u00fcderlich-geschwisterlich vom Aventin!    <\/p>\n<p>Ihr und Euer  <\/p>\n<p>Jeremias Schr\u00f6der OSB<br \/>\nAbtprimas<\/p>\n<\/div><div ><a class=\"fusion-button button-flat fusion-button-default-size button-custom fusion-button-default button-1 fusion-button-span-yes fusion-button-default-type\" style=\"--awb-margin-top:10px;--button_accent_color:#ffffff;--button_accent_hover_color:#ffffff;--button_border_hover_color:#ffffff;--button_gradient_top_color:#1f7aa7;--button_gradient_bottom_color:#1f7aa7;--button_gradient_top_color_hover:#72cee0;--button_gradient_bottom_color_hover:#72cee0;\" target=\"_blank\" rel=\"noopener noreferrer\" href=\"https:\/\/www.instagram.com\/abbasprimas\/\"><span class=\"fusion-button-text awb-button__text awb-button__text--default\">Abbas Primas Instagram<\/span><\/a><\/div><div ><a class=\"fusion-button button-flat fusion-button-default-size button-custom fusion-button-default button-2 fusion-button-span-yes fusion-button-default-type\" style=\"--awb-margin-top:10px;--button_accent_color:#ffffff;--button_accent_hover_color:#ffffff;--button_border_hover_color:#ffffff;--button_gradient_top_color:#1f7aa7;--button_gradient_bottom_color:#1f7aa7;--button_gradient_top_color_hover:#72cee0;--button_gradient_bottom_color_hover:#72cee0;\" target=\"_blank\" rel=\"noopener noreferrer\" href=\"https:\/\/www.facebook.com\/jeremias.schroeder\"><span class=\"fusion-button-text awb-button__text awb-button__text--default\">Jeremias Schroeder Facebook<\/span><\/a><\/div><\/div><\/div><\/div><\/div><\/p>\n","protected":false},"excerpt":{"rendered":"<p>Nach einem ruhigen Sommer lebt Sant\u2019Anselmo wieder auf \u2013 mit neuen Studierenden, Leitern und Projekten. Zu den H\u00f6hepunkten z\u00e4hlen die Synode der Abtpr\u00e4sides in Montserrat, die Vorbereitungen auf die Feier unseres 125j\u00e4hrigen Kirchweihjubil\u00e4ums mit Papst Leo XIV. Kirchenjubil\u00e4um, ein r\u00f6misches Quartier f\u00fcr benediktinische Studentinnen und die Zukunft der Oblatenkongresse. <\/p>\n","protected":false},"author":1,"featured_media":15461,"comment_status":"closed","ping_status":"closed","sticky":false,"template":"","format":"standard","meta":{"footnotes":""},"categories":[184],"tags":[352,205],"class_list":["post-15462","post","type-post","status-publish","format-standard","has-post-thumbnail","hentry","category-nexus-de","tag-nexus-oktober-2025-de","tag-nexus-vom-abtprimas-de"],"cc_featured_image_caption":{"caption_text":false,"source_text":false,"source_url":false},"_links":{"self":[{"href":"https:\/\/osb.org\/de\/wp-json\/wp\/v2\/posts\/15462","targetHints":{"allow":["GET"]}}],"collection":[{"href":"https:\/\/osb.org\/de\/wp-json\/wp\/v2\/posts"}],"about":[{"href":"https:\/\/osb.org\/de\/wp-json\/wp\/v2\/types\/post"}],"author":[{"embeddable":true,"href":"https:\/\/osb.org\/de\/wp-json\/wp\/v2\/users\/1"}],"replies":[{"embeddable":true,"href":"https:\/\/osb.org\/de\/wp-json\/wp\/v2\/comments?post=15462"}],"version-history":[{"count":0,"href":"https:\/\/osb.org\/de\/wp-json\/wp\/v2\/posts\/15462\/revisions"}],"wp:featuredmedia":[{"embeddable":true,"href":"https:\/\/osb.org\/de\/wp-json\/wp\/v2\/media\/15461"}],"wp:attachment":[{"href":"https:\/\/osb.org\/de\/wp-json\/wp\/v2\/media?parent=15462"}],"wp:term":[{"taxonomy":"category","embeddable":true,"href":"https:\/\/osb.org\/de\/wp-json\/wp\/v2\/categories?post=15462"},{"taxonomy":"post_tag","embeddable":true,"href":"https:\/\/osb.org\/de\/wp-json\/wp\/v2\/tags?post=15462"}],"curies":[{"name":"wp","href":"https:\/\/api.w.org\/{rel}","templated":true}]}}