{"id":15111,"date":"2025-03-09T17:14:57","date_gmt":"2025-03-09T16:14:57","guid":{"rendered":"https:\/\/osb.org\/2025\/03\/09\/wahlen-ernennungen-und-andere-nachrichten\/"},"modified":"2025-09-25T10:17:16","modified_gmt":"2025-09-25T08:17:16","slug":"wahlen-ernennungen-und-andere-nachrichten","status":"publish","type":"post","link":"https:\/\/osb.org\/de\/2025\/03\/09\/wahlen-ernennungen-und-andere-nachrichten\/","title":{"rendered":"Wahlen, Ernennungen und andere Nachrichten"},"content":{"rendered":"<p><div class=\"fusion-fullwidth fullwidth-box fusion-builder-row-1 fusion-flex-container has-pattern-background has-mask-background hundred-percent-fullwidth non-hundred-percent-height-scrolling\" style=\"--awb-border-sizes-bottom:1px;--awb-border-color:var(--awb-custom11);--awb-border-radius-top-left:0px;--awb-border-radius-top-right:0px;--awb-border-radius-bottom-right:0px;--awb-border-radius-bottom-left:0px;--awb-padding-right:60px;--awb-padding-bottom:20px;--awb-padding-left:60px;--awb-padding-right-small:30px;--awb-padding-left-small:30px;--awb-margin-top-medium:1px;--awb-margin-top-small:0px;--awb-flex-wrap:wrap;\" ><div class=\"fusion-builder-row fusion-row fusion-flex-align-items-center fusion-flex-justify-content-flex-end fusion-flex-content-wrap\" style=\"width:calc( 100% + 60px ) !important;max-width:calc( 100% + 60px ) !important;margin-left: calc(-60px \/ 2 );margin-right: calc(-60px \/ 2 );\"><div class=\"fusion-layout-column fusion_builder_column fusion-builder-column-0 fusion_builder_column_1_2 1_2 fusion-flex-column\" style=\"--awb-padding-right:60px;--awb-padding-left:60px;--awb-padding-right-small:0px;--awb-padding-left-small:0px;--awb-bg-size:cover;--awb-width-large:50%;--awb-margin-top-large:0px;--awb-spacing-right-large:30px;--awb-margin-bottom-large:20px;--awb-spacing-left-large:30px;--awb-width-medium:100%;--awb-order-medium:0;--awb-margin-top-medium:20px;--awb-spacing-right-medium:30px;--awb-margin-bottom-medium:0px;--awb-spacing-left-medium:30px;--awb-width-small:100%;--awb-order-small:0;--awb-spacing-right-small:30px;--awb-spacing-left-small:30px;\"><div class=\"fusion-column-wrapper fusion-column-has-shadow fusion-flex-justify-content-flex-start fusion-content-layout-column\"><div class=\"fusion-title title fusion-title-1 fusion-sep-none fusion-title-text fusion-title-size-one\" style=\"--awb-text-color:var(--awb-custom13);--awb-margin-top-small:0px;--awb-margin-right-small:0px;--awb-margin-bottom-small:20px;--awb-margin-left-small:0px;--awb-font-size:50px;\"><h1 class=\"fusion-title-heading title-heading-left md-text-align-center fusion-responsive-typography-calculated\" style=\"font-family:var(--awb-typography1-font-family);font-weight:var(--awb-typography1-font-weight);font-style:var(--awb-typography1-font-style);margin:0;letter-spacing:var(--awb-typography1-letter-spacing);text-transform:var(--awb-typography1-text-transform);font-size:1em;--fontSize:50;line-height:var(--awb-typography1-line-height);\">Wahlen, Ernennungen und andere Nachrichten<\/h1><\/div><div class=\"fusion-text fusion-text-1 fusion-no-small-visibility fusion-no-medium-visibility\" style=\"--awb-font-size:var(--awb-typography5-font-size);--awb-line-height:var(--awb-typography5-line-height);--awb-letter-spacing:var(--awb-typography5-letter-spacing);--awb-text-transform:var(--awb-typography5-text-transform);--awb-text-font-family:var(--awb-typography5-font-family);--awb-text-font-weight:var(--awb-typography5-font-weight);--awb-text-font-style:var(--awb-typography5-font-style);\"><p>In diesem Artikel f\u00fchrt uns Abt Jeremias durch sechs Wochen bemerkenswerter Klosterereignisse, von F\u00fchrungswechseln bis hin zu Gemeinschafts\u00fcberg\u00e4ngen. Dieser \u00dcberblick beleuchtet sowohl die Geschichten dieser NEXUS-Ausgabe als auch andere wichtige Entwicklungen, die die benediktinische Welt zu Beginn des Jahres 2025 pr\u00e4gen. <\/p>\n<\/div><\/div><\/div><div class=\"fusion-layout-column fusion_builder_column fusion-builder-column-1 fusion_builder_column_1_2 1_2 fusion-flex-column\" style=\"--awb-bg-size:cover;--awb-width-large:50%;--awb-margin-top-large:0px;--awb-spacing-right-large:30px;--awb-margin-bottom-large:0px;--awb-spacing-left-large:30px;--awb-width-medium:100%;--awb-order-medium:0;--awb-spacing-right-medium:30px;--awb-spacing-left-medium:30px;--awb-width-small:100%;--awb-order-small:0;--awb-spacing-right-small:30px;--awb-spacing-left-small:30px;\"><div class=\"fusion-column-wrapper fusion-column-has-shadow fusion-flex-justify-content-flex-start fusion-content-layout-column\"><div class=\"fusion-image-element \" style=\"--awb-caption-title-font-family:var(--h2_typography-font-family);--awb-caption-title-font-weight:var(--h2_typography-font-weight);--awb-caption-title-font-style:var(--h2_typography-font-style);--awb-caption-title-size:var(--h2_typography-font-size);--awb-caption-title-transform:var(--h2_typography-text-transform);--awb-caption-title-line-height:var(--h2_typography-line-height);--awb-caption-title-letter-spacing:var(--h2_typography-letter-spacing);\"><span class=\" fusion-imageframe imageframe-none imageframe-1 hover-type-none\" style=\"border:1px solid #b14821;\"><img decoding=\"async\" width=\"1920\" height=\"1080\" title=\"DSC_2149_1\" src=\"https:\/\/osb.org\/wp-content\/uploads\/2025\/03\/DSC_2149_1.jpg\" data-orig-src=\"https:\/\/osb.org\/wp-content\/uploads\/2025\/03\/DSC_2149_1.jpg\" alt class=\"lazyload img-responsive wp-image-13543\" srcset=\"data:image\/svg+xml,%3Csvg%20xmlns%3D%27http%3A%2F%2Fwww.w3.org%2F2000%2Fsvg%27%20width%3D%271920%27%20height%3D%271080%27%20viewBox%3D%270%200%201920%201080%27%3E%3Crect%20width%3D%271920%27%20height%3D%271080%27%20fill-opacity%3D%220%22%2F%3E%3C%2Fsvg%3E\" data-srcset=\"https:\/\/osb.org\/wp-content\/uploads\/2025\/03\/DSC_2149_1-200x113.jpg 200w, https:\/\/osb.org\/wp-content\/uploads\/2025\/03\/DSC_2149_1-400x225.jpg 400w, https:\/\/osb.org\/wp-content\/uploads\/2025\/03\/DSC_2149_1-600x338.jpg 600w, https:\/\/osb.org\/wp-content\/uploads\/2025\/03\/DSC_2149_1-800x450.jpg 800w, https:\/\/osb.org\/wp-content\/uploads\/2025\/03\/DSC_2149_1-1200x675.jpg 1200w, https:\/\/osb.org\/wp-content\/uploads\/2025\/03\/DSC_2149_1.jpg 1920w\" data-sizes=\"auto\" data-orig-sizes=\"(max-width: 1024px) 100vw, (max-width: 640px) 100vw, 600px\" \/><\/span><\/div><div class=\"fusion-text fusion-text-2 fusion-text-no-margin\" style=\"--awb-font-size:var(--awb-typography5-font-size);--awb-line-height:var(--awb-typography5-line-height);--awb-letter-spacing:var(--awb-typography5-letter-spacing);--awb-text-transform:var(--awb-typography5-text-transform);--awb-text-color:var(--awb-custom11);--awb-margin-top:12px;--awb-margin-bottom:12px;--awb-text-font-family:var(--awb-typography5-font-family);--awb-text-font-weight:var(--awb-typography5-font-weight);--awb-text-font-style:var(--awb-typography5-font-style);\"><\/div><\/div><\/div><div class=\"fusion-layout-column fusion_builder_column fusion-builder-column-2 fusion_builder_column_1_2 1_2 fusion-flex-column\" style=\"--awb-bg-size:cover;--awb-width-large:50%;--awb-margin-top-large:0px;--awb-spacing-right-large:30px;--awb-margin-bottom-large:0px;--awb-spacing-left-large:30px;--awb-width-medium:100%;--awb-order-medium:0;--awb-spacing-right-medium:30px;--awb-spacing-left-medium:30px;--awb-width-small:100%;--awb-order-small:0;--awb-spacing-right-small:30px;--awb-spacing-left-small:30px;\"><div class=\"fusion-column-wrapper fusion-column-has-shadow fusion-flex-justify-content-flex-start fusion-content-layout-column\"><div class=\"fusion-separator fusion-full-width-sep\" style=\"align-self: center;margin-left: auto;margin-right: auto;width:100%;\"><div class=\"fusion-separator-border sep-single sep-solid\" style=\"--awb-height:20px;--awb-amount:20px;--awb-sep-color:var(--awb-color4);border-color:var(--awb-color4);border-top-width:3px;\"><\/div><\/div><\/div><\/div><\/div><\/div><div class=\"fusion-fullwidth fullwidth-box fusion-builder-row-2 fusion-flex-container has-pattern-background has-mask-background hundred-percent-fullwidth non-hundred-percent-height-scrolling\" style=\"--awb-border-radius-top-left:0px;--awb-border-radius-top-right:0px;--awb-border-radius-bottom-right:0px;--awb-border-radius-bottom-left:0px;--awb-padding-right:60px;--awb-padding-left:60px;--awb-padding-right-medium:60px;--awb-padding-left-medium:60px;--awb-padding-right-small:30px;--awb-padding-left-small:30px;--awb-margin-top:30px;--awb-margin-top-small:0px;--awb-flex-wrap:wrap;\" ><div class=\"fusion-builder-row fusion-row fusion-flex-align-items-flex-start fusion-flex-justify-content-center fusion-flex-content-wrap\" style=\"width:calc( 100% + 60px ) !important;max-width:calc( 100% + 60px ) !important;margin-left: calc(-60px \/ 2 );margin-right: calc(-60px \/ 2 );\"><div class=\"fusion-layout-column fusion_builder_column fusion-builder-column-3 fusion_builder_column_2_5 2_5 fusion-flex-column\" style=\"--awb-bg-blend:overlay;--awb-bg-size:cover;--awb-width-large:40%;--awb-margin-top-large:0px;--awb-spacing-right-large:30px;--awb-margin-bottom-large:20px;--awb-spacing-left-large:30px;--awb-width-medium:75%;--awb-order-medium:0;--awb-spacing-right-medium:30px;--awb-spacing-left-medium:30px;--awb-width-small:100%;--awb-order-small:0;--awb-spacing-right-small:30px;--awb-spacing-left-small:30px;\"><div class=\"fusion-column-wrapper fusion-flex-justify-content-flex-start fusion-content-layout-column\"><div class=\"fusion-builder-row fusion-builder-row-inner fusion-row fusion-flex-align-items-flex-start fusion-flex-justify-content-center fusion-flex-content-wrap\" style=\"--awb-flex-grow:0;--awb-flex-grow-medium:0;--awb-flex-grow-small:0;--awb-flex-shrink:0;--awb-flex-shrink-medium:0;--awb-flex-shrink-small:0;width:calc( 100% + 60px ) !important;max-width:calc( 100% + 60px ) !important;margin-left: calc(-60px \/ 2 );margin-right: calc(-60px \/ 2 );\"><div class=\"fusion-layout-column fusion_builder_column_inner fusion-builder-nested-column-0 fusion_builder_column_inner_1_2 1_2 fusion-flex-column fusion-flex-align-self-center\" style=\"--awb-bg-size:cover;--awb-width-large:50%;--awb-margin-top-large:0px;--awb-spacing-right-large:30px;--awb-margin-bottom-large:0px;--awb-spacing-left-large:30px;--awb-width-medium:50%;--awb-order-medium:0;--awb-spacing-right-medium:30px;--awb-spacing-left-medium:30px;--awb-width-small:100%;--awb-order-small:1;--awb-spacing-right-small:30px;--awb-margin-bottom-small:20px;--awb-spacing-left-small:30px;\"><div class=\"fusion-column-wrapper fusion-column-has-shadow fusion-flex-justify-content-center fusion-content-layout-column\"><div class=\"fusion-text fusion-text-3 fusion-text-no-margin\" style=\"--awb-font-size:var(--awb-typography5-font-size);--awb-line-height:var(--awb-typography5-line-height);--awb-letter-spacing:var(--awb-typography5-letter-spacing);--awb-text-transform:var(--awb-typography5-text-transform);--awb-text-color:var(--awb-custom11);--awb-margin-top:0px;--awb-margin-right:0px;--awb-margin-bottom:0px;--awb-margin-left:0px;--awb-text-font-family:var(--awb-typography5-font-family);--awb-text-font-weight:var(--awb-typography5-font-weight);--awb-text-font-style:var(--awb-typography5-font-style);\"><p>9 M\u00e4rz 2025<\/p>\n<\/div><\/div><\/div><div class=\"fusion-layout-column fusion_builder_column_inner fusion-builder-nested-column-1 fusion_builder_column_inner_1_2 1_2 fusion-flex-column fusion-flex-align-self-center\" style=\"--awb-bg-size:cover;--awb-width-large:50%;--awb-margin-top-large:0px;--awb-spacing-right-large:30px;--awb-margin-bottom-large:0px;--awb-spacing-left-large:30px;--awb-width-medium:50%;--awb-order-medium:0;--awb-spacing-right-medium:30px;--awb-spacing-left-medium:30px;--awb-width-small:100%;--awb-order-small:0;--awb-margin-top-small:0px;--awb-spacing-right-small:30px;--awb-spacing-left-small:30px;\"><div class=\"fusion-column-wrapper fusion-column-has-shadow fusion-flex-justify-content-center fusion-content-layout-column\"><div class=\"fusion-sharing-box fusion-sharing-box-1 boxed-icons\" style=\"background-color:var(--awb-color1);border-color:var(--awb-color1);--awb-margin-top:0px;--awb-margin-right:0px;--awb-margin-bottom:0px;--awb-margin-left:0px;--awb-wrapper-padding-top:0px;--awb-wrapper-padding-right:0px;--awb-wrapper-padding-bottom:0px;--awb-wrapper-padding-left:0px;--awb-padding-top:0px;--awb-padding-right:0px;--awb-padding-bottom:0px;--awb-padding-left:0px;--awb-border-top:0px;--awb-border-right:0px;--awb-border-bottom:0px;--awb-border-left:0px;--awb-icon-size:12px;--awb-separator-border-color:#cccccc;--awb-separator-border-sizes:0px;--awb-stacked-align:flex-end;--awb-layout:row;--awb-alignment-small:flex-end;--awb-stacked-align-small:center;\" data-title=\"Wahlen, Ernennungen und andere Nachrichten\" data-description=\"Your Content Goes Here Your Content Goes Here       \r\nAm 1. M\u00e4rz ernannte der Abtpr\u00e4ses der Ottilianer Kongregation P. Theodore Tembo (38) zum neuen Prior von Katibunga in Sambia. Zuletzt wirkte P. Theodore als Praktikant in der Goldschmiedewerkstatt von M\u00fcnsterschwarzach. \r\nAm 26. Februar sandte\" data-link=\"https:\/\/osb.org\/de\/2025\/03\/09\/wahlen-ernennungen-und-andere-nachrichten\/\"><div class=\"fusion-social-networks sharingbox-shortcode-icon-wrapper sharingbox-shortcode-icon-wrapper-1 boxed-icons\"><span><a href=\"https:\/\/www.facebook.com\/sharer.php?u=https%3A%2F%2Fosb.org%2Fde%2F2025%2F03%2F09%2Fwahlen-ernennungen-und-andere-nachrichten%2F&amp;t=Wahlen%2C%20Ernennungen%20und%20andere%20Nachrichten\" target=\"_blank\" rel=\"noreferrer\" title=\"Facebook\" aria-label=\"Facebook\"><i class=\"fusion-social-network-icon fusion-tooltip fusion-facebook awb-icon-facebook\" style=\"color:var(--awb-custom11);background-color:#e8e8e8;border-color:#e8e8e8;border-radius:50%;\" aria-hidden=\"true\"><\/i><\/a><\/span><span><a href=\"https:\/\/x.com\/intent\/post?text=Wahlen%2C%20Ernennungen%20und%20andere%20Nachrichten&amp;url=https%3A%2F%2Fosb.org%2Fde%2F2025%2F03%2F09%2Fwahlen-ernennungen-und-andere-nachrichten%2F\" target=\"_blank\" rel=\"noopener noreferrer\" title=\"X\" aria-label=\"X\"><i class=\"fusion-social-network-icon fusion-tooltip fusion-twitter awb-icon-twitter\" style=\"color:var(--awb-custom11);background-color:#e8e8e8;border-color:#e8e8e8;border-radius:50%;\" aria-hidden=\"true\"><\/i><\/a><\/span><span><a href=\"https:\/\/api.whatsapp.com\/send?text=https%3A%2F%2Fosb.org%2Fde%2F2025%2F03%2F09%2Fwahlen-ernennungen-und-andere-nachrichten%2F\" target=\"_blank\" rel=\"noopener noreferrer\" title=\"WhatsApp\" aria-label=\"WhatsApp\"><i class=\"fusion-social-network-icon fusion-tooltip fusion-whatsapp awb-icon-whatsapp\" style=\"color:var(--awb-custom11);background-color:#e8e8e8;border-color:#e8e8e8;border-radius:50%;\" aria-hidden=\"true\"><\/i><\/a><\/span><span><a href=\"mailto:?subject=Wahlen%2C%20Ernennungen%20und%20andere%20Nachrichten&amp;body=https%3A%2F%2Fosb.org%2Fde%2F2025%2F03%2F09%2Fwahlen-ernennungen-und-andere-nachrichten%2F\" target=\"_self\" title=\"Email\" aria-label=\"Email\"><i class=\"fusion-social-network-icon fusion-tooltip fusion-mail awb-icon-mail\" style=\"color:var(--awb-custom11);background-color:#e8e8e8;border-color:#e8e8e8;border-radius:50%;\" aria-hidden=\"true\"><\/i><\/a><\/span><\/div><\/div><\/div><\/div><\/div><div class=\"fusion-text fusion-text-4\"><p>Am 1. M\u00e4rz ernannte der Abtpr\u00e4ses der Ottilianer Kongregation P. Theodore Tembo (38) zum neuen Prior von Katibunga in Sambia. Zuletzt wirkte P. Theodore als Praktikant in der Goldschmiedewerkstatt von M\u00fcnsterschwarzach. <\/p>\n<p>Am 26. Februar sandte Papst Franziskus aus der Gemelli-Klinik eine Botschaft an den Abtprimas und das P\u00e4pstliche Liturgische Institut anl\u00e4sslich eines Kurses f\u00fcr Zeremoni\u00e4re. <a href=\"https:\/\/osb.org\/de\/2025\/03\/04\/aus-dem-krankenhaus-sendet-der-papst-eine-botschaft-an-die-liturgieklasse-von-santanselmo\/\">Details hier<\/a>. <\/p>\n<p>Am 25. Februar gab die Erzabtei St. Peter in Salzburg, das \u00e4lteste Kloster im deutschen Sprachraum, die Wahl von P. Jakob Auer zum neuen Erzabt der Gemeinschaft bekannt. Erzabt Jakob (33) war zuvor Prior der Gemeinschaft und Sekret\u00e4r der Salzburger \u00c4btekonferenz. Er l\u00f6st Erzabt Korbinian Birnbacher ab, der weiterhin der \u00d6sterreichischen Ordenskonferenz vorsteht. <a href=\"https:\/\/osb.org\/de\/2025\/02\/28\/pater-jakob-auer-zum-erzabt-von-stift-sankt-peter-salzburg-gewaehlt\/\">Geschichte und Fotos hier<\/a>. <\/p>\n<p>Ebenfalls am 25. Februar w\u00e4hlten die M\u00f6nche von Seitenstetten Abt Petrus Pilsinger (60) f\u00fcr eine weitere Amtszeit bis zur Erreichung des 70. Lebensjahres. <a href=\"https:\/\/osb.org\/de\/2025\/02\/27\/abtei-seitenstetten-waehlt-abt-petrus-pilsinger-erneut\/\">Geschichte und Fotos hier<\/a>.<\/p>\n<p>Das \u201cMonastic Formators Program\u201d erhielt am 10. Februar eine neue Leitung. Br. Colm\u00e1n \u00d3 Clabaigh aus Glenstal, Kongregation von der Verk\u00fcndigung, und Sr. M. Johann Heo von den Tutzinger Missionsbenediktinerinnen \u00fcbernehmen die Leitung von Abt Brendan Thomas (Belmont, EBC) und Abtpr\u00e4ses Javier Aparico (Ottilianer Kongregation). Das n\u00e4chste MFP findet 2026 statt. <a href=\"https:\/\/osb.org\/de\/2025\/02\/12\/neue-leitung-fuer-das-programm-fuer-ausbilder-im-monastischen-leben\/\">Links zu Story und Programm hier<\/a>.  <\/p>\n<p>Die Benediktinerinnen von Engelthal in Deutschland (Beuroner Kongregation) haben bekannt gegeben, dass sie ihr bisheriges Kloster verlassen und zu einer Gemeinschaft der Schwestern vom Heiligen Kreuz auf den Rochusberg ziehen werden, einem Wallfahrtsort in der Di\u00f6zese Mainz mit spektakul\u00e4rer Lage \u00fcber dem Rheintal.<\/p>\n<p>Am 2. Februar \u00fcbergab P. Doroteo Toi\u0107 aus dem kroatischen Kloster \u0106okovac (Slawische Kongregation) seine Aufgaben als Rektor der Basilika von Sant\u2019Anselmo und als Oblatenassistent an seine Nachfolger, um sich auf seinen Wechsel ins Priorat Maribor in Slowenien vorzubereiten. Dort wird er die kleine lokale Gemeinschaft st\u00e4rken. P. Doroteo hat Sant\u2019Anselmo in verschiedenen Funktionen \u00fcber mehr als 20 Jahre hinweg gedient.<a href=\"https:\/\/osb.org\/de\/2025\/02\/20\/basilika-santanselmo-begruesst-neuen-rektor\/\">Verkn\u00fcpfen Sie hier<\/a>. <\/p>\n<p>Am 1. Januar wurde P. Luis Javier Garc\u00eda-Lomas Gago, M\u00f6nch von Silos, Kongregation von Solesmes und Philosophieprofessor in Sant\u2019Anselmo, zum Vizepostulator f\u00fcr die Seligsprechung von Dom Prosper Gu\u00e9ranger ernannt.<\/p>\n<p>Am 30. Januar wurde P. Jordi-Agust\u00edn Piqu\u00e9 von Montserrat, Kongregation von Subiaco-Montecassino sowie Professor in Sant\u2019Anselmo und ehemaliger Pr\u00e4ses des P\u00e4pstlichen Liturgischen Instituts, zum Prior von Montecassino ernannt. <a href=\"https:\/\/osb.org\/de\/2025\/01\/31\/pater-jordi-agusti-pique-i-collado-zum-klausurprior-von-montecassino-ernannt\/\">Geschichte und Fotos hier<\/a>.<\/p>\n<p>Ebenfalls am 30. Januar ver\u00f6ffentlichte Papst Franziskus ein Schreiben zum 150. Todestag von Prosper Gu\u00e9ranger. <a href=\"https:\/\/osb.org\/de\/2025\/02\/05\/papst-franziskus-wuerdigt-dom-gueranger\/\">Geschichte und \u00dcbersetzungen hier.<\/a><\/p>\n<p>Am 25. Januar w\u00e4hlten die M\u00f6nche von Kremsm\u00fcnster (\u00d6sterreichische Kongregation) P. Bernhard Eckerstorfer zu ihrem neuen Abt. Bis zu seiner Wahl war P. Bernhard Rektor unserer Universit\u00e4t hier in Sant\u2019Anselmo \u2013 daher ist unsere Freude \u00fcber seine Wahl mit Bedauern gemischt! P. Laurentius Eschlb\u00f6ck vom Schottenstift (\u00d6sterreichische Kongregation) hat nun als Prorektor die Leitung der Universit\u00e4t \u00fcbernommen. <a href=\"https:\/\/osb.org\/de\/2025\/01\/25\/abtprimas-jeremias-gratuliert-p-bernhard-eckerstorfer-zur-wahl-zum-abt-von-kremsmuenster\/\">Geschichte hier<\/a>.   <\/p>\n<p>Am 23. Januar trat Abt Peter von Sury von Mariastein (Schweizer Kongregation) zur\u00fcck. Die Wahl eines Nachfolgers ist f\u00fcr den 4. April geplant. In der Zwischenzeit wird das Kloster von einem Administrator geleitet.  <\/p>\n<\/div><\/div><\/div><\/div><\/div><\/p>\n","protected":false},"excerpt":{"rendered":"<p>In diesem Artikel f\u00fchrt uns Abt Jeremias durch sechs Wochen bemerkenswerter Klosterereignisse, von F\u00fchrungswechseln bis hin zu Gemeinschafts\u00fcberg\u00e4ngen. Dieser \u00dcberblick beleuchtet sowohl die Geschichten dieser NEXUS-Ausgabe als auch andere wichtige Entwicklungen, die die benediktinische Welt zu Beginn des Jahres 2025 pr\u00e4gen. <\/p>\n","protected":false},"author":1,"featured_media":13543,"comment_status":"closed","ping_status":"closed","sticky":false,"template":"","format":"standard","meta":{"footnotes":""},"categories":[184],"tags":[213,205],"class_list":["post-15111","post","type-post","status-publish","format-standard","has-post-thumbnail","hentry","category-nexus-de","tag-nexus-marz-2025-de","tag-nexus-vom-abtprimas-de"],"cc_featured_image_caption":{"caption_text":false,"source_text":false,"source_url":false},"_links":{"self":[{"href":"https:\/\/osb.org\/de\/wp-json\/wp\/v2\/posts\/15111","targetHints":{"allow":["GET"]}}],"collection":[{"href":"https:\/\/osb.org\/de\/wp-json\/wp\/v2\/posts"}],"about":[{"href":"https:\/\/osb.org\/de\/wp-json\/wp\/v2\/types\/post"}],"author":[{"embeddable":true,"href":"https:\/\/osb.org\/de\/wp-json\/wp\/v2\/users\/1"}],"replies":[{"embeddable":true,"href":"https:\/\/osb.org\/de\/wp-json\/wp\/v2\/comments?post=15111"}],"version-history":[{"count":0,"href":"https:\/\/osb.org\/de\/wp-json\/wp\/v2\/posts\/15111\/revisions"}],"wp:featuredmedia":[{"embeddable":true,"href":"https:\/\/osb.org\/de\/wp-json\/wp\/v2\/media\/13543"}],"wp:attachment":[{"href":"https:\/\/osb.org\/de\/wp-json\/wp\/v2\/media?parent=15111"}],"wp:term":[{"taxonomy":"category","embeddable":true,"href":"https:\/\/osb.org\/de\/wp-json\/wp\/v2\/categories?post=15111"},{"taxonomy":"post_tag","embeddable":true,"href":"https:\/\/osb.org\/de\/wp-json\/wp\/v2\/tags?post=15111"}],"curies":[{"name":"wp","href":"https:\/\/api.w.org\/{rel}","templated":true}]}}