{"id":14892,"date":"2024-11-25T12:27:36","date_gmt":"2024-11-25T11:27:36","guid":{"rendered":"https:\/\/osb.org\/2024\/11\/25\/santanselmo-heisst-das-theologisches-studienjahr-willkommen\/"},"modified":"2025-09-24T22:30:16","modified_gmt":"2025-09-24T20:30:16","slug":"santanselmo-heisst-das-theologisches-studienjahr-willkommen","status":"publish","type":"post","link":"https:\/\/osb.org\/de\/2024\/11\/25\/santanselmo-heisst-das-theologisches-studienjahr-willkommen\/","title":{"rendered":"Sant\u2019Anselmo hei\u00dft das Theologisches Studienjahr willkommen"},"content":{"rendered":"<p><div class=\"fusion-fullwidth fullwidth-box fusion-builder-row-1 fusion-flex-container has-pattern-background has-mask-background hundred-percent-fullwidth non-hundred-percent-height-scrolling\" style=\"--awb-border-sizes-bottom:1px;--awb-border-color:var(--awb-custom11);--awb-border-radius-top-left:0px;--awb-border-radius-top-right:0px;--awb-border-radius-bottom-right:0px;--awb-border-radius-bottom-left:0px;--awb-padding-right:60px;--awb-padding-bottom:20px;--awb-padding-left:60px;--awb-padding-right-small:30px;--awb-padding-left-small:30px;--awb-margin-top-medium:1px;--awb-margin-top-small:0px;--awb-flex-wrap:wrap;\" ><div class=\"fusion-builder-row fusion-row fusion-flex-align-items-center fusion-flex-justify-content-flex-end fusion-flex-content-wrap\" style=\"width:calc( 100% + 60px ) !important;max-width:calc( 100% + 60px ) !important;margin-left: calc(-60px \/ 2 );margin-right: calc(-60px \/ 2 );\"><div class=\"fusion-layout-column fusion_builder_column fusion-builder-column-0 fusion_builder_column_1_2 1_2 fusion-flex-column\" style=\"--awb-padding-right:60px;--awb-padding-left:60px;--awb-padding-right-small:0px;--awb-padding-left-small:0px;--awb-bg-size:cover;--awb-width-large:50%;--awb-margin-top-large:0px;--awb-spacing-right-large:30px;--awb-margin-bottom-large:20px;--awb-spacing-left-large:30px;--awb-width-medium:100%;--awb-order-medium:0;--awb-margin-top-medium:20px;--awb-spacing-right-medium:30px;--awb-margin-bottom-medium:0px;--awb-spacing-left-medium:30px;--awb-width-small:100%;--awb-order-small:0;--awb-spacing-right-small:30px;--awb-spacing-left-small:30px;\"><div class=\"fusion-column-wrapper fusion-column-has-shadow fusion-flex-justify-content-flex-start fusion-content-layout-column\"><div class=\"fusion-title title fusion-title-1 fusion-sep-none fusion-title-text fusion-title-size-one\" style=\"--awb-text-color:var(--awb-custom13);--awb-margin-top-small:0px;--awb-margin-right-small:0px;--awb-margin-bottom-small:20px;--awb-margin-left-small:0px;--awb-font-size:40px;\"><h1 class=\"fusion-title-heading title-heading-left md-text-align-center fusion-responsive-typography-calculated\" style=\"font-family:var(--awb-typography1-font-family);font-weight:var(--awb-typography1-font-weight);font-style:var(--awb-typography1-font-style);margin:0;letter-spacing:var(--awb-typography1-letter-spacing);text-transform:var(--awb-typography1-text-transform);font-size:1em;--fontSize:40;line-height:var(--awb-typography1-line-height);\">Sant\u2019Anselmo hei\u00dft das Theologisches Studienjahr willkommen<\/h1><\/div><div class=\"fusion-text fusion-text-1 fusion-no-small-visibility fusion-no-medium-visibility\" style=\"--awb-font-size:var(--awb-typography5-font-size);--awb-line-height:var(--awb-typography5-line-height);--awb-letter-spacing:var(--awb-typography5-letter-spacing);--awb-text-transform:var(--awb-typography5-text-transform);--awb-text-color:var(--awb-custom12);--awb-text-font-family:var(--awb-typography5-font-family);--awb-text-font-weight:var(--awb-typography5-font-weight);--awb-text-font-style:var(--awb-typography5-font-style);\"><p>Aufgrund politischer Instabilit\u00e4t wurde das Theologische Studienjahr in Jerusalem vor\u00fcbergehend nach Rom verlegt, wo es sein Programm f\u00fcr Bibelstudien, \u00d6kumene und interreligi\u00f6sen Dialog fortsetzt. Dank der Unterst\u00fctzung von Sant\u2019Anselmo hat sich das Programm an einen neuen Kontext angepasst und gleichzeitig Roms reiche historische Verbindungen zum Heiligen Land erkundet. <\/p>\n<\/div><\/div><\/div><div class=\"fusion-layout-column fusion_builder_column fusion-builder-column-1 fusion_builder_column_1_2 1_2 fusion-flex-column\" style=\"--awb-bg-size:cover;--awb-width-large:50%;--awb-margin-top-large:0px;--awb-spacing-right-large:30px;--awb-margin-bottom-large:0px;--awb-spacing-left-large:30px;--awb-width-medium:100%;--awb-order-medium:0;--awb-spacing-right-medium:30px;--awb-spacing-left-medium:30px;--awb-width-small:100%;--awb-order-small:0;--awb-spacing-right-small:30px;--awb-spacing-left-small:30px;\"><div class=\"fusion-column-wrapper fusion-column-has-shadow fusion-flex-justify-content-flex-start fusion-content-layout-column\"><div class=\"fusion-image-element \" style=\"--awb-caption-title-font-family:var(--h2_typography-font-family);--awb-caption-title-font-weight:var(--h2_typography-font-weight);--awb-caption-title-font-style:var(--h2_typography-font-style);--awb-caption-title-size:var(--h2_typography-font-size);--awb-caption-title-transform:var(--h2_typography-text-transform);--awb-caption-title-line-height:var(--h2_typography-line-height);--awb-caption-title-letter-spacing:var(--h2_typography-letter-spacing);\"><span class=\" fusion-imageframe imageframe-none imageframe-1 hover-type-none\" style=\"border:1px solid var(--awb-custom10);\"><img decoding=\"async\" width=\"1920\" height=\"1080\" title=\"DSC_0654\" src=\"https:\/\/osb.org\/wp-content\/uploads\/2024\/11\/DSC_0654.jpeg\" data-orig-src=\"https:\/\/osb.org\/wp-content\/uploads\/2024\/11\/DSC_0654.jpeg\" alt class=\"lazyload img-responsive wp-image-14893\" srcset=\"data:image\/svg+xml,%3Csvg%20xmlns%3D%27http%3A%2F%2Fwww.w3.org%2F2000%2Fsvg%27%20width%3D%271920%27%20height%3D%271080%27%20viewBox%3D%270%200%201920%201080%27%3E%3Crect%20width%3D%271920%27%20height%3D%271080%27%20fill-opacity%3D%220%22%2F%3E%3C%2Fsvg%3E\" data-srcset=\"https:\/\/osb.org\/wp-content\/uploads\/2024\/11\/DSC_0654-200x113.jpeg 200w, https:\/\/osb.org\/wp-content\/uploads\/2024\/11\/DSC_0654-400x225.jpeg 400w, https:\/\/osb.org\/wp-content\/uploads\/2024\/11\/DSC_0654-600x338.jpeg 600w, https:\/\/osb.org\/wp-content\/uploads\/2024\/11\/DSC_0654-800x450.jpeg 800w, https:\/\/osb.org\/wp-content\/uploads\/2024\/11\/DSC_0654-1200x675.jpeg 1200w, https:\/\/osb.org\/wp-content\/uploads\/2024\/11\/DSC_0654.jpeg 1920w\" data-sizes=\"auto\" data-orig-sizes=\"(max-width: 1024px) 100vw, (max-width: 640px) 100vw, 600px\" \/><\/span><\/div><div class=\"fusion-text fusion-text-2 fusion-text-no-margin\" style=\"--awb-font-size:var(--awb-typography5-font-size);--awb-line-height:var(--awb-typography5-line-height);--awb-letter-spacing:var(--awb-typography5-letter-spacing);--awb-text-transform:var(--awb-typography5-text-transform);--awb-text-color:var(--awb-custom11);--awb-margin-top:12px;--awb-margin-bottom:12px;--awb-text-font-family:var(--awb-typography5-font-family);--awb-text-font-weight:var(--awb-typography5-font-weight);--awb-text-font-style:var(--awb-typography5-font-style);\"><\/div><\/div><\/div><div class=\"fusion-layout-column fusion_builder_column fusion-builder-column-2 fusion_builder_column_1_2 1_2 fusion-flex-column\" style=\"--awb-bg-size:cover;--awb-width-large:50%;--awb-margin-top-large:0px;--awb-spacing-right-large:30px;--awb-margin-bottom-large:0px;--awb-spacing-left-large:30px;--awb-width-medium:100%;--awb-order-medium:0;--awb-spacing-right-medium:30px;--awb-spacing-left-medium:30px;--awb-width-small:100%;--awb-order-small:0;--awb-spacing-right-small:30px;--awb-spacing-left-small:30px;\"><div class=\"fusion-column-wrapper fusion-column-has-shadow fusion-flex-justify-content-flex-start fusion-content-layout-column\"><div class=\"fusion-separator fusion-full-width-sep\" style=\"align-self: center;margin-left: auto;margin-right: auto;width:100%;\"><div class=\"fusion-separator-border sep-single sep-solid\" style=\"--awb-height:20px;--awb-amount:20px;--awb-sep-color:var(--awb-color4);border-color:var(--awb-color4);border-top-width:3px;\"><\/div><\/div><\/div><\/div><\/div><\/div><div class=\"fusion-fullwidth fullwidth-box fusion-builder-row-2 fusion-flex-container has-pattern-background has-mask-background hundred-percent-fullwidth non-hundred-percent-height-scrolling\" style=\"--awb-border-radius-top-left:0px;--awb-border-radius-top-right:0px;--awb-border-radius-bottom-right:0px;--awb-border-radius-bottom-left:0px;--awb-padding-right:60px;--awb-padding-left:60px;--awb-padding-right-medium:60px;--awb-padding-left-medium:60px;--awb-padding-right-small:30px;--awb-padding-left-small:30px;--awb-margin-top:30px;--awb-margin-top-small:0px;--awb-flex-wrap:wrap;\" ><div class=\"fusion-builder-row fusion-row fusion-flex-align-items-flex-start fusion-flex-justify-content-center fusion-flex-content-wrap\" style=\"width:calc( 100% + 60px ) !important;max-width:calc( 100% + 60px ) !important;margin-left: calc(-60px \/ 2 );margin-right: calc(-60px \/ 2 );\"><div class=\"fusion-layout-column fusion_builder_column fusion-builder-column-3 fusion_builder_column_2_5 2_5 fusion-flex-column\" style=\"--awb-bg-blend:overlay;--awb-bg-size:cover;--awb-width-large:40%;--awb-margin-top-large:0px;--awb-spacing-right-large:30px;--awb-margin-bottom-large:20px;--awb-spacing-left-large:30px;--awb-width-medium:75%;--awb-order-medium:0;--awb-spacing-right-medium:30px;--awb-spacing-left-medium:30px;--awb-width-small:100%;--awb-order-small:0;--awb-spacing-right-small:30px;--awb-spacing-left-small:30px;\"><div class=\"fusion-column-wrapper fusion-flex-justify-content-flex-start fusion-content-layout-column\"><div class=\"fusion-builder-row fusion-builder-row-inner fusion-row fusion-flex-align-items-flex-start fusion-flex-justify-content-center fusion-flex-content-wrap\" style=\"--awb-flex-grow:0;--awb-flex-grow-medium:0;--awb-flex-grow-small:0;--awb-flex-shrink:0;--awb-flex-shrink-medium:0;--awb-flex-shrink-small:0;width:calc( 100% + 60px ) !important;max-width:calc( 100% + 60px ) !important;margin-left: calc(-60px \/ 2 );margin-right: calc(-60px \/ 2 );\"><div class=\"fusion-layout-column fusion_builder_column_inner fusion-builder-nested-column-0 fusion_builder_column_inner_1_2 1_2 fusion-flex-column fusion-flex-align-self-center\" style=\"--awb-bg-size:cover;--awb-width-large:50%;--awb-margin-top-large:0px;--awb-spacing-right-large:30px;--awb-margin-bottom-large:0px;--awb-spacing-left-large:30px;--awb-width-medium:50%;--awb-order-medium:0;--awb-spacing-right-medium:30px;--awb-spacing-left-medium:30px;--awb-width-small:100%;--awb-order-small:1;--awb-spacing-right-small:30px;--awb-margin-bottom-small:20px;--awb-spacing-left-small:30px;\"><div class=\"fusion-column-wrapper fusion-column-has-shadow fusion-flex-justify-content-center fusion-content-layout-column\"><div class=\"fusion-text fusion-text-3 fusion-text-no-margin\" style=\"--awb-font-size:var(--awb-typography5-font-size);--awb-line-height:var(--awb-typography5-line-height);--awb-letter-spacing:var(--awb-typography5-letter-spacing);--awb-text-transform:var(--awb-typography5-text-transform);--awb-text-color:var(--awb-custom11);--awb-margin-top:0px;--awb-margin-right:0px;--awb-margin-bottom:0px;--awb-margin-left:0px;--awb-text-font-family:var(--awb-typography5-font-family);--awb-text-font-weight:var(--awb-typography5-font-weight);--awb-text-font-style:var(--awb-typography5-font-style);\"><p>25 November 2024<\/p>\n<\/div><\/div><\/div><div class=\"fusion-layout-column fusion_builder_column_inner fusion-builder-nested-column-1 fusion_builder_column_inner_1_2 1_2 fusion-flex-column fusion-flex-align-self-center\" style=\"--awb-bg-size:cover;--awb-width-large:50%;--awb-margin-top-large:0px;--awb-spacing-right-large:30px;--awb-margin-bottom-large:0px;--awb-spacing-left-large:30px;--awb-width-medium:50%;--awb-order-medium:0;--awb-spacing-right-medium:30px;--awb-spacing-left-medium:30px;--awb-width-small:100%;--awb-order-small:0;--awb-margin-top-small:0px;--awb-spacing-right-small:30px;--awb-spacing-left-small:30px;\"><div class=\"fusion-column-wrapper fusion-column-has-shadow fusion-flex-justify-content-center fusion-content-layout-column\"><div class=\"fusion-sharing-box fusion-sharing-box-1 boxed-icons\" style=\"background-color:var(--awb-color1);border-color:var(--awb-color1);--awb-margin-top:0px;--awb-margin-right:0px;--awb-margin-bottom:0px;--awb-margin-left:0px;--awb-wrapper-padding-top:0px;--awb-wrapper-padding-right:0px;--awb-wrapper-padding-bottom:0px;--awb-wrapper-padding-left:0px;--awb-padding-top:0px;--awb-padding-right:0px;--awb-padding-bottom:0px;--awb-padding-left:0px;--awb-border-top:0px;--awb-border-right:0px;--awb-border-bottom:0px;--awb-border-left:0px;--awb-icon-size:12px;--awb-separator-border-color:#cccccc;--awb-separator-border-sizes:0px;--awb-stacked-align:flex-end;--awb-layout:row;--awb-alignment-small:flex-end;--awb-stacked-align-small:center;\" data-title=\"Sant\u2019Anselmo hei\u00dft das Theologisches Studienjahr willkommen\" data-description=\"Your Content Goes Here       \r\nDas Theologische Studienjahr ist ein Stipendienprogramm, das von der Bundesregierung finanziert und von der Dormitio-Abtei in Jerusalem veranstaltet wird. Die Teilnehmer sind katholische und evangelische Theologiestudierende, die tief in das Bibelstudium, die Arch\u00e4ologie und die Kirchengeschichte des Nahen\" data-link=\"https:\/\/osb.org\/de\/2024\/11\/25\/santanselmo-heisst-das-theologisches-studienjahr-willkommen\/\"><div class=\"fusion-social-networks sharingbox-shortcode-icon-wrapper sharingbox-shortcode-icon-wrapper-1 boxed-icons\"><span><a href=\"https:\/\/www.facebook.com\/sharer.php?u=https%3A%2F%2Fosb.org%2Fde%2F2024%2F11%2F25%2Fsantanselmo-heisst-das-theologisches-studienjahr-willkommen%2F&amp;t=Sant%E2%80%99Anselmo%20hei%C3%9Ft%20das%20Theologisches%20Studienjahr%20willkommen\" target=\"_blank\" rel=\"noreferrer\" title=\"Facebook\" aria-label=\"Facebook\"><i class=\"fusion-social-network-icon fusion-tooltip fusion-facebook awb-icon-facebook\" style=\"color:var(--awb-custom11);background-color:#e8e8e8;border-color:#e8e8e8;border-radius:50%;\" aria-hidden=\"true\"><\/i><\/a><\/span><span><a href=\"https:\/\/x.com\/intent\/post?text=Sant%E2%80%99Anselmo%20hei%C3%9Ft%20das%20Theologisches%20Studienjahr%20willkommen&amp;url=https%3A%2F%2Fosb.org%2Fde%2F2024%2F11%2F25%2Fsantanselmo-heisst-das-theologisches-studienjahr-willkommen%2F\" target=\"_blank\" rel=\"noopener noreferrer\" title=\"X\" aria-label=\"X\"><i class=\"fusion-social-network-icon fusion-tooltip fusion-twitter awb-icon-twitter\" style=\"color:var(--awb-custom11);background-color:#e8e8e8;border-color:#e8e8e8;border-radius:50%;\" aria-hidden=\"true\"><\/i><\/a><\/span><span><a href=\"https:\/\/api.whatsapp.com\/send?text=https%3A%2F%2Fosb.org%2Fde%2F2024%2F11%2F25%2Fsantanselmo-heisst-das-theologisches-studienjahr-willkommen%2F\" target=\"_blank\" rel=\"noopener noreferrer\" title=\"WhatsApp\" aria-label=\"WhatsApp\"><i class=\"fusion-social-network-icon fusion-tooltip fusion-whatsapp awb-icon-whatsapp\" style=\"color:var(--awb-custom11);background-color:#e8e8e8;border-color:#e8e8e8;border-radius:50%;\" aria-hidden=\"true\"><\/i><\/a><\/span><span><a href=\"mailto:?subject=Sant%E2%80%99Anselmo%20hei%C3%9Ft%20das%20Theologisches%20Studienjahr%20willkommen&amp;body=https%3A%2F%2Fosb.org%2Fde%2F2024%2F11%2F25%2Fsantanselmo-heisst-das-theologisches-studienjahr-willkommen%2F\" target=\"_self\" title=\"Email\" aria-label=\"Email\"><i class=\"fusion-social-network-icon fusion-tooltip fusion-mail awb-icon-mail\" style=\"color:var(--awb-custom11);background-color:#e8e8e8;border-color:#e8e8e8;border-radius:50%;\" aria-hidden=\"true\"><\/i><\/a><\/span><\/div><\/div><\/div><\/div><\/div><div class=\"fusion-text fusion-text-4\"><p>Das Theologische Studienjahr ist ein Stipendienprogramm, das von der Bundesregierung finanziert und von der Dormitio-Abtei in Jerusalem veranstaltet wird. Die Teilnehmer sind katholische und evangelische Theologiestudierende, die tief in das Bibelstudium, die Arch\u00e4ologie und die Kirchengeschichte des Nahen Ostens eintauchen werden. <\/p>\n<p><em>Von Johanna Erzberger<br \/><\/em><em>Direktorin, Theologisches Studienjahr<\/em><\/p>\n<p>Vor weniger als zwei Monaten riet der Deutsche Akademische Austauschdienst, der Stipendien f\u00fcr die meisten unserer Studierenden finanziert, aufgrund der unsicheren politischen Lage dem <a href=\"http:\/\/studienjahr.de\/\">Theologischen Studienjahr<\/a> in Jerusalem nach R\u00fccksprache mit dem Ausw\u00e4rtigen Amt, Israel bis auf Weiteres zu verlassen. Infolgedessen verlegten wir unsere aktuelle Kohorte von Jerusalem \u2013 wo das Semester bereits Mitte August begonnen hatte \u2013 nach Rom. Nun ist unsere Zeit an beiden Standorten fast gleich. In Jerusalem befindet sich das Theologische Studienjahr im Beit Joseph auf dem Gel\u00e4nde der <a href=\"http:\/\/www.dormitio.net\/\">Dormitio-Abtei<\/a>.   <\/p>\n<p>In Rom profitieren wir, wie bereits vor vier Jahren w\u00e4hrend der Covid-19-Pandemie, von der gro\u00dfz\u00fcgigen Gastfreundschaft unserer Mutteruniversit\u00e4t, dem Ateneo Sant\u2019Anselmo, und greifen auf viele Verbindungen zur\u00fcck, die wir w\u00e4hrend unseres vorherigen Aufenthalts innerhalb und au\u00dferhalb von Sant\u2019Anselmo gekn\u00fcpft haben.<\/p>\n<p>Wir hoffen zwar, bald nach Jerusalem zur\u00fcckkehren zu k\u00f6nnen, aber Rom und Sant\u2019Anselmo sind viel mehr als nur ein vor\u00fcbergehender Zufluchtsort geworden. Wir lehren und studieren weiterhin Bibelstudien und Arch\u00e4ologie, christliche \u00d6kumene und interreligi\u00f6sen Dialog \u2013 so wie wir es in Jerusalem getan haben, aber jetzt in einem neuen Kontext. <\/p>\n<p>Die Durchf\u00fchrung eines \u00f6kumenischen Programms in Rom bringt eigene Herausforderungen mit sich. Da unsere Mutteruniversit\u00e4t jedoch ebenso international wie \u201er\u00f6misch\u201c-katholisch ist, erweitert sich auch unsere Perspektive auf die \u00d6kumene. Die Interaktionen zwischen unseren Studierenden und dem Abtprimas, dem Prior, dem Rektor, der Fakult\u00e4t und den Studierenden von Sant\u2019Anselmo waren h\u00e4ufig und inspirierend.  <\/p>\n<p>W\u00e4hrend wir unsere \u00fcblichen Exkursionen ersetzen mussten, bietet Rom seine eigenen einzigartigen M\u00f6glichkeiten. Schon vor der christlichen Zeit waren Rom und die Levante wirtschaftlich, kulturell und politisch eng miteinander verbunden, und wir erforschen diese historischen Verbindungen. So wie Spuren griechischen und r\u00f6mischen Einflusses im Heiligen Land unverkennbar sind, ist auch die Pr\u00e4senz Jerusalems in Rom sp\u00fcrbar \u2013 in der Darstellung der Menora auf dem Titusbogen und in der fr\u00fchen Geschichte des Christentums.  <\/p>\n<p>Wenn wir schlie\u00dflich nach Jerusalem zur\u00fcckkehren, werden wir etwas von Rom mit uns tragen. Die Verbindung zwischen dem Theologischen Studienjahr und Sant\u2019Anselmo ist in dieser Zeit nur noch st\u00e4rker geworden. <\/p>\n<\/div><\/div><\/div><\/div><\/div><\/p>\n","protected":false},"excerpt":{"rendered":"<p>Aufgrund politischer Instabilit\u00e4t wurde das Theologische Studienjahr in Jerusalem vor\u00fcbergehend nach Rom verlegt, wo es sein Programm f\u00fcr Bibelstudien, \u00d6kumene und interreligi\u00f6sen Dialog fortsetzt. Dank der Unterst\u00fctzung von Sant\u2019Anselmo hat sich das Programm an einen neuen Kontext angepasst und gleichzeitig Roms reiche historische Verbindungen zum Heiligen Land erkundet. <\/p>\n","protected":false},"author":1,"featured_media":14893,"comment_status":"closed","ping_status":"closed","sticky":false,"template":"","format":"standard","meta":{"footnotes":""},"categories":[188,184],"tags":[209,207],"class_list":["post-14892","post","type-post","status-publish","format-standard","has-post-thumbnail","hentry","category-nachrichten-de","category-nexus-de","tag-nexus-dezember-2024-de","tag-nexus-santanselmo-de"],"cc_featured_image_caption":{"caption_text":false,"source_text":false,"source_url":false},"_links":{"self":[{"href":"https:\/\/osb.org\/de\/wp-json\/wp\/v2\/posts\/14892","targetHints":{"allow":["GET"]}}],"collection":[{"href":"https:\/\/osb.org\/de\/wp-json\/wp\/v2\/posts"}],"about":[{"href":"https:\/\/osb.org\/de\/wp-json\/wp\/v2\/types\/post"}],"author":[{"embeddable":true,"href":"https:\/\/osb.org\/de\/wp-json\/wp\/v2\/users\/1"}],"replies":[{"embeddable":true,"href":"https:\/\/osb.org\/de\/wp-json\/wp\/v2\/comments?post=14892"}],"version-history":[{"count":0,"href":"https:\/\/osb.org\/de\/wp-json\/wp\/v2\/posts\/14892\/revisions"}],"wp:featuredmedia":[{"embeddable":true,"href":"https:\/\/osb.org\/de\/wp-json\/wp\/v2\/media\/14893"}],"wp:attachment":[{"href":"https:\/\/osb.org\/de\/wp-json\/wp\/v2\/media?parent=14892"}],"wp:term":[{"taxonomy":"category","embeddable":true,"href":"https:\/\/osb.org\/de\/wp-json\/wp\/v2\/categories?post=14892"},{"taxonomy":"post_tag","embeddable":true,"href":"https:\/\/osb.org\/de\/wp-json\/wp\/v2\/tags?post=14892"}],"curies":[{"name":"wp","href":"https:\/\/api.w.org\/{rel}","templated":true}]}}