{"id":14729,"date":"2025-01-20T18:07:42","date_gmt":"2025-01-20T17:07:42","guid":{"rendered":"https:\/\/osb.org\/2025\/01\/20\/benediktinische-nachrichten-und-wahlen\/"},"modified":"2025-09-24T22:23:45","modified_gmt":"2025-09-24T20:23:45","slug":"benediktinische-nachrichten-und-wahlen","status":"publish","type":"post","link":"https:\/\/osb.org\/de\/2025\/01\/20\/benediktinische-nachrichten-und-wahlen\/","title":{"rendered":"Benediktinische Nachrichten und Wahlen"},"content":{"rendered":"<p><div class=\"fusion-fullwidth fullwidth-box fusion-builder-row-1 fusion-flex-container has-pattern-background has-mask-background hundred-percent-fullwidth non-hundred-percent-height-scrolling\" style=\"--awb-border-radius-top-left:0px;--awb-border-radius-top-right:0px;--awb-border-radius-bottom-right:0px;--awb-border-radius-bottom-left:0px;--awb-padding-right:60px;--awb-padding-bottom:0px;--awb-padding-left:60px;--awb-padding-right-small:30px;--awb-padding-left-small:30px;--awb-flex-wrap:wrap;\" ><div class=\"fusion-builder-row fusion-row fusion-flex-align-items-center fusion-flex-justify-content-flex-end fusion-flex-content-wrap\" style=\"width:calc( 100% + 60px ) !important;max-width:calc( 100% + 60px ) !important;margin-left: calc(-60px \/ 2 );margin-right: calc(-60px \/ 2 );\"><div class=\"fusion-layout-column fusion_builder_column fusion-builder-column-0 fusion_builder_column_1_2 1_2 fusion-flex-column\" style=\"--awb-padding-right-small:0px;--awb-padding-left-small:0px;--awb-bg-size:cover;--awb-width-large:50%;--awb-margin-top-large:0px;--awb-spacing-right-large:30px;--awb-margin-bottom-large:20px;--awb-spacing-left-large:30px;--awb-width-medium:100%;--awb-order-medium:0;--awb-margin-top-medium:20px;--awb-spacing-right-medium:30px;--awb-margin-bottom-medium:0px;--awb-spacing-left-medium:30px;--awb-width-small:100%;--awb-order-small:0;--awb-spacing-right-small:30px;--awb-spacing-left-small:30px;\"><div class=\"fusion-column-wrapper fusion-column-has-shadow fusion-flex-justify-content-flex-start fusion-content-layout-column\"><div class=\"fusion-title title fusion-title-1 fusion-sep-none fusion-title-text fusion-title-size-one\" style=\"--awb-text-color:var(--awb-custom13);--awb-margin-top-small:0px;--awb-margin-right-small:0px;--awb-margin-bottom-small:20px;--awb-margin-left-small:0px;--awb-font-size:40px;\"><h1 class=\"fusion-title-heading title-heading-left md-text-align-center fusion-responsive-typography-calculated\" style=\"font-family:var(--awb-typography1-font-family);font-weight:var(--awb-typography1-font-weight);font-style:var(--awb-typography1-font-style);margin:0;letter-spacing:var(--awb-typography1-letter-spacing);text-transform:var(--awb-typography1-text-transform);font-size:1em;--fontSize:40;line-height:var(--awb-typography1-line-height);\">Benediktinische Nachrichten und Wahlen<\/h1><\/div><\/div><\/div><\/div><\/div><div class=\"fusion-fullwidth fullwidth-box fusion-builder-row-2 fusion-flex-container hundred-percent-fullwidth non-hundred-percent-height-scrolling\" style=\"--awb-border-radius-top-left:0px;--awb-border-radius-top-right:0px;--awb-border-radius-bottom-right:0px;--awb-border-radius-bottom-left:0px;--awb-padding-right:60px;--awb-padding-left:60px;--awb-padding-right-medium:60px;--awb-padding-left-medium:60px;--awb-padding-right-small:30px;--awb-padding-left-small:30px;--awb-margin-top-small:0px;--awb-flex-wrap:wrap;\" ><div class=\"fusion-builder-row fusion-row fusion-flex-align-items-flex-start fusion-flex-justify-content-center fusion-flex-content-wrap\" style=\"width:calc( 100% + 60px ) !important;max-width:calc( 100% + 60px ) !important;margin-left: calc(-60px \/ 2 );margin-right: calc(-60px \/ 2 );\"><div class=\"fusion-layout-column fusion_builder_column fusion-builder-column-1 fusion_builder_column_1_2 1_2 fusion-flex-column\" style=\"--awb-bg-size:cover;--awb-width-large:50%;--awb-margin-top-large:0px;--awb-spacing-right-large:30px;--awb-margin-bottom-large:20px;--awb-spacing-left-large:30px;--awb-width-medium:100%;--awb-order-medium:0;--awb-spacing-right-medium:30px;--awb-spacing-left-medium:30px;--awb-width-small:100%;--awb-order-small:0;--awb-spacing-right-small:30px;--awb-spacing-left-small:30px;\"><div class=\"fusion-column-wrapper fusion-column-has-shadow fusion-flex-justify-content-flex-start fusion-content-layout-column\"><div class=\"fusion-image-element \" style=\"--awb-caption-title-font-family:var(--h2_typography-font-family);--awb-caption-title-font-weight:var(--h2_typography-font-weight);--awb-caption-title-font-style:var(--h2_typography-font-style);--awb-caption-title-size:var(--h2_typography-font-size);--awb-caption-title-transform:var(--h2_typography-text-transform);--awb-caption-title-line-height:var(--h2_typography-line-height);--awb-caption-title-letter-spacing:var(--h2_typography-letter-spacing);\"><span class=\" fusion-imageframe imageframe-none imageframe-1 hover-type-none\" style=\"border:1px solid #b14821;\"><img decoding=\"async\" width=\"1440\" height=\"1920\" title=\"Javier_Aparicio_Suarez_0338\" src=\"https:\/\/osb.org\/wp-content\/uploads\/2025\/01\/Javier_Aparicio_Suarez_0338.jpg\" data-orig-src=\"https:\/\/osb.org\/wp-content\/uploads\/2025\/01\/Javier_Aparicio_Suarez_0338.jpg\" alt class=\"lazyload img-responsive wp-image-14731\" srcset=\"data:image\/svg+xml,%3Csvg%20xmlns%3D%27http%3A%2F%2Fwww.w3.org%2F2000%2Fsvg%27%20width%3D%271440%27%20height%3D%271920%27%20viewBox%3D%270%200%201440%201920%27%3E%3Crect%20width%3D%271440%27%20height%3D%271920%27%20fill-opacity%3D%220%22%2F%3E%3C%2Fsvg%3E\" data-srcset=\"https:\/\/osb.org\/wp-content\/uploads\/2025\/01\/Javier_Aparicio_Suarez_0338-200x267.jpg 200w, https:\/\/osb.org\/wp-content\/uploads\/2025\/01\/Javier_Aparicio_Suarez_0338-400x533.jpg 400w, https:\/\/osb.org\/wp-content\/uploads\/2025\/01\/Javier_Aparicio_Suarez_0338-600x800.jpg 600w, https:\/\/osb.org\/wp-content\/uploads\/2025\/01\/Javier_Aparicio_Suarez_0338-800x1067.jpg 800w, https:\/\/osb.org\/wp-content\/uploads\/2025\/01\/Javier_Aparicio_Suarez_0338-1200x1600.jpg 1200w, https:\/\/osb.org\/wp-content\/uploads\/2025\/01\/Javier_Aparicio_Suarez_0338.jpg 1440w\" data-sizes=\"auto\" data-orig-sizes=\"(max-width: 1024px) 100vw, (max-width: 640px) 100vw, 600px\" \/><\/span><\/div><div class=\"fusion-text fusion-text-1\" style=\"--awb-font-size:12px;--awb-text-color:#330022;--awb-text-font-family:&quot;Open Sans&quot;;--awb-text-font-style:normal;--awb-text-font-weight:400;\"><p style=\"text-align: left;\">Neuer Abtpr\u00e4ses der Ottilianer Kongregation Javier Aparicio Suarez | Foto von P. Patrick Carter OSB <\/p>\n<\/div><\/div><\/div><div class=\"fusion-layout-column fusion_builder_column fusion-builder-column-2 fusion_builder_column_1_2 1_2 fusion-flex-column\" style=\"--awb-bg-blend:overlay;--awb-bg-size:cover;--awb-width-large:50%;--awb-margin-top-large:0px;--awb-spacing-right-large:30px;--awb-margin-bottom-large:20px;--awb-spacing-left-large:30px;--awb-width-medium:75%;--awb-order-medium:1;--awb-spacing-right-medium:30px;--awb-spacing-left-medium:30px;--awb-width-small:100%;--awb-order-small:1;--awb-spacing-right-small:30px;--awb-spacing-left-small:30px;\"><div class=\"fusion-column-wrapper fusion-flex-justify-content-flex-start fusion-content-layout-column\"><div class=\"fusion-builder-row fusion-builder-row-inner fusion-row fusion-flex-align-items-flex-start fusion-flex-justify-content-center fusion-flex-content-wrap\" style=\"--awb-flex-grow:0;--awb-flex-grow-medium:0;--awb-flex-grow-small:0;--awb-flex-shrink:0;--awb-flex-shrink-medium:0;--awb-flex-shrink-small:0;width:calc( 100% + 60px ) !important;max-width:calc( 100% + 60px ) !important;margin-left: calc(-60px \/ 2 );margin-right: calc(-60px \/ 2 );\"><div class=\"fusion-layout-column fusion_builder_column_inner fusion-builder-nested-column-0 fusion_builder_column_inner_1_2 1_2 fusion-flex-column fusion-flex-align-self-center\" style=\"--awb-bg-size:cover;--awb-width-large:50%;--awb-margin-top-large:0px;--awb-spacing-right-large:30px;--awb-margin-bottom-large:0px;--awb-spacing-left-large:30px;--awb-width-medium:50%;--awb-order-medium:0;--awb-spacing-right-medium:30px;--awb-spacing-left-medium:30px;--awb-width-small:100%;--awb-order-small:1;--awb-spacing-right-small:30px;--awb-margin-bottom-small:20px;--awb-spacing-left-small:30px;\"><div class=\"fusion-column-wrapper fusion-column-has-shadow fusion-flex-justify-content-center fusion-content-layout-column\"><div class=\"fusion-text fusion-text-2 fusion-text-no-margin\" style=\"--awb-font-size:var(--awb-typography5-font-size);--awb-line-height:var(--awb-typography5-line-height);--awb-letter-spacing:var(--awb-typography5-letter-spacing);--awb-text-transform:var(--awb-typography5-text-transform);--awb-text-color:var(--awb-custom11);--awb-margin-top:0px;--awb-margin-right:0px;--awb-margin-bottom:0px;--awb-margin-left:0px;--awb-text-font-family:var(--awb-typography5-font-family);--awb-text-font-weight:var(--awb-typography5-font-weight);--awb-text-font-style:var(--awb-typography5-font-style);\"><p>20 Januar 2025<\/p>\n<\/div><\/div><\/div><div class=\"fusion-layout-column fusion_builder_column_inner fusion-builder-nested-column-1 fusion_builder_column_inner_1_2 1_2 fusion-flex-column fusion-flex-align-self-center\" style=\"--awb-bg-size:cover;--awb-width-large:50%;--awb-margin-top-large:0px;--awb-spacing-right-large:30px;--awb-margin-bottom-large:0px;--awb-spacing-left-large:30px;--awb-width-medium:50%;--awb-order-medium:0;--awb-spacing-right-medium:30px;--awb-spacing-left-medium:30px;--awb-width-small:100%;--awb-order-small:0;--awb-margin-top-small:0px;--awb-spacing-right-small:30px;--awb-spacing-left-small:30px;\"><div class=\"fusion-column-wrapper fusion-column-has-shadow fusion-flex-justify-content-center fusion-content-layout-column\"><div class=\"fusion-sharing-box fusion-sharing-box-1 boxed-icons\" style=\"background-color:var(--awb-color1);border-color:var(--awb-color1);--awb-margin-top:0px;--awb-margin-right:0px;--awb-margin-bottom:0px;--awb-margin-left:0px;--awb-wrapper-padding-top:0px;--awb-wrapper-padding-right:0px;--awb-wrapper-padding-bottom:0px;--awb-wrapper-padding-left:0px;--awb-padding-top:0px;--awb-padding-right:0px;--awb-padding-bottom:0px;--awb-padding-left:0px;--awb-border-top:0px;--awb-border-right:0px;--awb-border-bottom:0px;--awb-border-left:0px;--awb-icon-size:12px;--awb-separator-border-color:#cccccc;--awb-separator-border-sizes:0px;--awb-stacked-align:flex-end;--awb-layout:row;--awb-alignment-small:flex-end;--awb-stacked-align-small:center;\" data-title=\"Benediktinische Nachrichten und Wahlen\" data-description=\"Your Content Goes Here  \r\nNeuer Abtpr\u00e4ses der Ottilianer Kongregation Javier Aparicio Suarez | Foto von P. Patrick Carter OSB    \r\n\r\nW\u00e4hrend eines au\u00dferordentlichen Generalkapitels in Waegwan, Korea, w\u00e4hlte die Kongregation von St. Ottilien einen neuen Abtpr\u00e4ses am 18. Januar. Abtpr\u00e4ses Javier Aparicio Suarez\" data-link=\"https:\/\/osb.org\/de\/2025\/01\/20\/benediktinische-nachrichten-und-wahlen\/\"><div class=\"fusion-social-networks sharingbox-shortcode-icon-wrapper sharingbox-shortcode-icon-wrapper-1 boxed-icons\"><span><a href=\"https:\/\/www.facebook.com\/sharer.php?u=https%3A%2F%2Fosb.org%2Fde%2F2025%2F01%2F20%2Fbenediktinische-nachrichten-und-wahlen%2F&amp;t=Benediktinische%20Nachrichten%20und%20Wahlen\" target=\"_blank\" rel=\"noreferrer\" title=\"Facebook\" aria-label=\"Facebook\"><i class=\"fusion-social-network-icon fusion-tooltip fusion-facebook awb-icon-facebook\" style=\"color:var(--awb-custom11);background-color:#e8e8e8;border-color:#e8e8e8;border-radius:50%;\" aria-hidden=\"true\"><\/i><\/a><\/span><span><a href=\"https:\/\/x.com\/intent\/post?text=Benediktinische%20Nachrichten%20und%20Wahlen&amp;url=https%3A%2F%2Fosb.org%2Fde%2F2025%2F01%2F20%2Fbenediktinische-nachrichten-und-wahlen%2F\" target=\"_blank\" rel=\"noopener noreferrer\" title=\"X\" aria-label=\"X\"><i class=\"fusion-social-network-icon fusion-tooltip fusion-twitter awb-icon-twitter\" style=\"color:var(--awb-custom11);background-color:#e8e8e8;border-color:#e8e8e8;border-radius:50%;\" aria-hidden=\"true\"><\/i><\/a><\/span><span><a href=\"https:\/\/api.whatsapp.com\/send?text=https%3A%2F%2Fosb.org%2Fde%2F2025%2F01%2F20%2Fbenediktinische-nachrichten-und-wahlen%2F\" target=\"_blank\" rel=\"noopener noreferrer\" title=\"WhatsApp\" aria-label=\"WhatsApp\"><i class=\"fusion-social-network-icon fusion-tooltip fusion-whatsapp awb-icon-whatsapp\" style=\"color:var(--awb-custom11);background-color:#e8e8e8;border-color:#e8e8e8;border-radius:50%;\" aria-hidden=\"true\"><\/i><\/a><\/span><span><a href=\"mailto:?subject=Benediktinische%20Nachrichten%20und%20Wahlen&amp;body=https%3A%2F%2Fosb.org%2Fde%2F2025%2F01%2F20%2Fbenediktinische-nachrichten-und-wahlen%2F\" target=\"_self\" title=\"Email\" aria-label=\"Email\"><i class=\"fusion-social-network-icon fusion-tooltip fusion-mail awb-icon-mail\" style=\"color:var(--awb-custom11);background-color:#e8e8e8;border-color:#e8e8e8;border-radius:50%;\" aria-hidden=\"true\"><\/i><\/a><\/span><\/div><\/div><\/div><\/div><\/div><div class=\"fusion-text fusion-text-3\"><ul>\n<li>W\u00e4hrend eines au\u00dferordentlichen Generalkapitels in Waegwan, Korea, w\u00e4hlte die <a href=\"https:\/\/osb.org\/de\/2025\/01\/21\/ottilienkongregation-waehlt-javier-aparicio-suarez-zum-abtpraeses\/\">Kongregation von St. Ottilien einen neuen Abtpr\u00e4ses<\/a> am 18. Januar. Abtpr\u00e4ses Javier Aparicio Suarez ist M\u00f6nch der Erzabtei Sankt Ottilien. Bis zu seiner Wahl war er Missionsprokurator der Kongregation.  <\/li>\n<li>Am 11. Januar ernannte Papst Franziskus Abt Jeremy Driscoll von Mount Angel Abbey, von der Schweizerisch-Amerikanischen Kongregation, zum Mitglied des Dikasteriums f\u00fcr den Gottesdienst und die Sakramentenordnung.<\/li>\n<li>Die Gemeinschaft des Stiftes G\u00f6ttweig, von der \u00d6sterreichischen Kongregation, <a href=\"https:\/\/osb.org\/2025\/01\/09\/fr-patrick-schoder-elected-66th-abbot-of-gottweig-abbey\/\">w\u00e4hlte P. Patrick Sch\u00f6der <\/a> am 8. Januar 2025 zu ihrem 66. Abt. Er folgt Abt Columban Luser nach, der seit 2009 Abt war. <\/li>\n<li>In Sant\u2018Anselmo trat der neue Prior P. Brendan Coffey, M\u00f6nch und emeritierter Abt von Glenstal, von der Kongregation von der Verk\u00fcndigung, sein Amt am 7. Januar 2025 an. Sein Vorg\u00e4nger P. Mauritius Wilde, Prior seit 2016, wird ein Sabbatjahr nehmen und dann weiterhin in Sant\u2018Anselmo in verschiedenen Funktionen t\u00e4tig sein.   <\/li>\n<li>Maredsous Abbey, von der Kongregation von der Verk\u00fcndigung <a href=\"https:\/\/osb.org\/2025\/01\/07\/pere-francois-lear-elected-as-ninth-abbot-of-maredsous\/\">w\u00e4hlte am 19. Dezember einen neuen Abt: P. Fran\u00e7ois Lear <\/a>. Sein Vorg\u00e4nger, Abt Bernard Lorent, \u00fcbernahm am 1. Januar das Amt des Pr\u00e4sidenten der AIM.<\/li>\n<li>In Kellenried, einem Kloster von Nonnen der Beuroner Kongregation, ernannte der Abtpr\u00e4ses Sr. Veronika Kiechle am 17. Dezember zur Priorin-Administratorin. Sie folgt \u00c4btissin M. Regina Kuhn.  <\/li>\n<li>Am 13. Dezember errichtete das Dikasterium f\u00fcr das Geweihte Leben eine neue Kongregation von Benediktinerinnen in den Vereinigten Staaten unter dem Titel \u201eMutter der Menschwerdung\u201c. Sie umfasst die Kl\u00f6ster Petersham, Blanco und Virginia Dale. <\/li>\n<li>Am 19. November setzte Abtprimas Jeremias eine Juristische Kommission ein. Ihre Mitglieder sind Abtpr\u00e4ses Franziskus Berzdorf von der Beuroner Kongregation, Prior Brendan Coffey von Sant\u2019Anselmo\/Glenstal und Prof. P. Laurentius Eschlb\u00f6ck von Sant\u2019Anselmo\/Wien.  <\/li>\n<\/ul>\n<\/div><\/div><\/div><\/div><\/div><\/p>\n","protected":false},"excerpt":{"rendered":"<p>\u2022 Neuer Abtpr\u00e4ses der Ottilianer Kongregation<br \/> \u2022 Neue \u00c4bte der Stifte G\u00f6ttweig und Maredsous<br \/> \u2022 Neue p\u00e4pstliche Ernennungen, Kongregationen und Kommissionen.<br \/>Lesen Sie hier die Zusammenfassungen.<\/p>\n","protected":false},"author":1,"featured_media":14730,"comment_status":"closed","ping_status":"closed","sticky":false,"template":"","format":"standard","meta":{"footnotes":""},"categories":[188,184],"tags":[210,368,206,205],"class_list":["post-14729","post","type-post","status-publish","format-standard","has-post-thumbnail","hentry","category-nachrichten-de","category-nexus-de","tag-nexus-januar-2025-de","tag-nexus-benediktinischer-weltbericht-de","tag-nexus-fuhrungswechsel-de","tag-nexus-vom-abtprimas-de"],"cc_featured_image_caption":{"caption_text":false,"source_text":false,"source_url":false},"_links":{"self":[{"href":"https:\/\/osb.org\/de\/wp-json\/wp\/v2\/posts\/14729","targetHints":{"allow":["GET"]}}],"collection":[{"href":"https:\/\/osb.org\/de\/wp-json\/wp\/v2\/posts"}],"about":[{"href":"https:\/\/osb.org\/de\/wp-json\/wp\/v2\/types\/post"}],"author":[{"embeddable":true,"href":"https:\/\/osb.org\/de\/wp-json\/wp\/v2\/users\/1"}],"replies":[{"embeddable":true,"href":"https:\/\/osb.org\/de\/wp-json\/wp\/v2\/comments?post=14729"}],"version-history":[{"count":0,"href":"https:\/\/osb.org\/de\/wp-json\/wp\/v2\/posts\/14729\/revisions"}],"wp:featuredmedia":[{"embeddable":true,"href":"https:\/\/osb.org\/de\/wp-json\/wp\/v2\/media\/14730"}],"wp:attachment":[{"href":"https:\/\/osb.org\/de\/wp-json\/wp\/v2\/media?parent=14729"}],"wp:term":[{"taxonomy":"category","embeddable":true,"href":"https:\/\/osb.org\/de\/wp-json\/wp\/v2\/categories?post=14729"},{"taxonomy":"post_tag","embeddable":true,"href":"https:\/\/osb.org\/de\/wp-json\/wp\/v2\/tags?post=14729"}],"curies":[{"name":"wp","href":"https:\/\/api.w.org\/{rel}","templated":true}]}}