{"id":14644,"date":"2025-02-04T09:20:16","date_gmt":"2025-02-04T08:20:16","guid":{"rendered":"https:\/\/osb.org\/2025\/02\/04\/santanselmo-empfaengt-pilger-im-heiligen-jahr-2025\/"},"modified":"2025-09-24T22:20:05","modified_gmt":"2025-09-24T20:20:05","slug":"santanselmo-empfaengt-pilger-im-heiligen-jahr-2025","status":"publish","type":"post","link":"https:\/\/osb.org\/de\/2025\/02\/04\/santanselmo-empfaengt-pilger-im-heiligen-jahr-2025\/","title":{"rendered":"Sant\u2019Anselmo empf\u00e4ngt Pilger im Heiligen Jahr 2025"},"content":{"rendered":"<p><div class=\"fusion-fullwidth fullwidth-box fusion-builder-row-1 fusion-flex-container has-pattern-background has-mask-background hundred-percent-fullwidth non-hundred-percent-height-scrolling\" style=\"--awb-border-sizes-bottom:1px;--awb-border-color:var(--awb-custom11);--awb-border-radius-top-left:0px;--awb-border-radius-top-right:0px;--awb-border-radius-bottom-right:0px;--awb-border-radius-bottom-left:0px;--awb-padding-right:60px;--awb-padding-bottom:20px;--awb-padding-left:60px;--awb-padding-right-small:30px;--awb-padding-left-small:30px;--awb-margin-top-medium:1px;--awb-margin-top-small:0px;--awb-flex-wrap:wrap;\" ><div class=\"fusion-builder-row fusion-row fusion-flex-align-items-center fusion-flex-justify-content-flex-end fusion-flex-content-wrap\" style=\"width:calc( 100% + 60px ) !important;max-width:calc( 100% + 60px ) !important;margin-left: calc(-60px \/ 2 );margin-right: calc(-60px \/ 2 );\"><div class=\"fusion-layout-column fusion_builder_column fusion-builder-column-0 fusion_builder_column_1_2 1_2 fusion-flex-column\" style=\"--awb-padding-right:60px;--awb-padding-left:60px;--awb-padding-right-small:0px;--awb-padding-left-small:0px;--awb-bg-size:cover;--awb-width-large:50%;--awb-margin-top-large:0px;--awb-spacing-right-large:30px;--awb-margin-bottom-large:20px;--awb-spacing-left-large:30px;--awb-width-medium:100%;--awb-order-medium:0;--awb-margin-top-medium:20px;--awb-spacing-right-medium:30px;--awb-margin-bottom-medium:0px;--awb-spacing-left-medium:30px;--awb-width-small:100%;--awb-order-small:0;--awb-spacing-right-small:30px;--awb-spacing-left-small:30px;\"><div class=\"fusion-column-wrapper fusion-column-has-shadow fusion-flex-justify-content-flex-start fusion-content-layout-column\"><div class=\"fusion-title title fusion-title-1 fusion-sep-none fusion-title-text fusion-title-size-one\" style=\"--awb-text-color:var(--awb-custom13);--awb-margin-top-small:0px;--awb-margin-right-small:0px;--awb-margin-bottom-small:20px;--awb-margin-left-small:0px;--awb-font-size:40px;\"><h1 class=\"fusion-title-heading title-heading-left md-text-align-center fusion-responsive-typography-calculated\" style=\"font-family:var(--awb-typography1-font-family);font-weight:var(--awb-typography1-font-weight);font-style:var(--awb-typography1-font-style);margin:0;letter-spacing:var(--awb-typography1-letter-spacing);text-transform:var(--awb-typography1-text-transform);font-size:1em;--fontSize:40;line-height:var(--awb-typography1-line-height);\">Sant\u2019Anselmo empf\u00e4ngt Pilger im Heiligen Jahr 2025<\/h1><\/div><div class=\"fusion-text fusion-text-1 fusion-no-small-visibility fusion-no-medium-visibility\" style=\"--awb-font-size:var(--awb-typography5-font-size);--awb-line-height:var(--awb-typography5-line-height);--awb-letter-spacing:var(--awb-typography5-letter-spacing);--awb-text-transform:var(--awb-typography5-text-transform);--awb-text-color:var(--awb-custom12);--awb-text-font-family:var(--awb-typography5-font-family);--awb-text-font-weight:var(--awb-typography5-font-weight);--awb-text-font-style:var(--awb-typography5-font-style);\"><p>Sant\u2019Anselmo freut sich darauf, Pilger im Heiligen Jahr 2025 begr\u00fc\u00dfen zu d\u00fcrfen. Wir bieten F\u00fchrungen durch unsere historische Kirche, den Kreuzgang und andere wichtige Bereiche in sieben Sprachen an. Kontaktinformationen finden Sie unter dem untenstehenden Link.  <\/p>\n<\/div><\/div><\/div><div class=\"fusion-layout-column fusion_builder_column fusion-builder-column-1 fusion_builder_column_1_2 1_2 fusion-flex-column\" style=\"--awb-bg-size:cover;--awb-width-large:50%;--awb-margin-top-large:0px;--awb-spacing-right-large:30px;--awb-margin-bottom-large:0px;--awb-spacing-left-large:30px;--awb-width-medium:100%;--awb-order-medium:0;--awb-spacing-right-medium:30px;--awb-spacing-left-medium:30px;--awb-width-small:100%;--awb-order-small:0;--awb-spacing-right-small:30px;--awb-spacing-left-small:30px;\"><div class=\"fusion-column-wrapper fusion-column-has-shadow fusion-flex-justify-content-flex-start fusion-content-layout-column\"><div class=\"fusion-image-element \" style=\"--awb-caption-title-font-family:var(--h2_typography-font-family);--awb-caption-title-font-weight:var(--h2_typography-font-weight);--awb-caption-title-font-style:var(--h2_typography-font-style);--awb-caption-title-size:var(--h2_typography-font-size);--awb-caption-title-transform:var(--h2_typography-text-transform);--awb-caption-title-line-height:var(--h2_typography-line-height);--awb-caption-title-letter-spacing:var(--h2_typography-letter-spacing);\"><span class=\" fusion-imageframe imageframe-none imageframe-1 hover-type-none\" style=\"border:1px solid #b14821;\"><img decoding=\"async\" width=\"1920\" height=\"1080\" title=\"DSC_1280\" src=\"https:\/\/osb.org\/wp-content\/uploads\/2025\/02\/DSC_1280.jpg\" data-orig-src=\"https:\/\/osb.org\/wp-content\/uploads\/2025\/02\/DSC_1280.jpg\" alt class=\"lazyload img-responsive wp-image-14645\" srcset=\"data:image\/svg+xml,%3Csvg%20xmlns%3D%27http%3A%2F%2Fwww.w3.org%2F2000%2Fsvg%27%20width%3D%271920%27%20height%3D%271080%27%20viewBox%3D%270%200%201920%201080%27%3E%3Crect%20width%3D%271920%27%20height%3D%271080%27%20fill-opacity%3D%220%22%2F%3E%3C%2Fsvg%3E\" data-srcset=\"https:\/\/osb.org\/wp-content\/uploads\/2025\/02\/DSC_1280-200x113.jpg 200w, https:\/\/osb.org\/wp-content\/uploads\/2025\/02\/DSC_1280-400x225.jpg 400w, https:\/\/osb.org\/wp-content\/uploads\/2025\/02\/DSC_1280-600x338.jpg 600w, https:\/\/osb.org\/wp-content\/uploads\/2025\/02\/DSC_1280-800x450.jpg 800w, https:\/\/osb.org\/wp-content\/uploads\/2025\/02\/DSC_1280-1200x675.jpg 1200w, https:\/\/osb.org\/wp-content\/uploads\/2025\/02\/DSC_1280.jpg 1920w\" data-sizes=\"auto\" data-orig-sizes=\"(max-width: 1024px) 100vw, (max-width: 640px) 100vw, 600px\" \/><\/span><\/div><div class=\"fusion-text fusion-text-2 fusion-text-no-margin\" style=\"--awb-font-size:var(--awb-typography5-font-size);--awb-line-height:var(--awb-typography5-line-height);--awb-letter-spacing:var(--awb-typography5-letter-spacing);--awb-text-transform:var(--awb-typography5-text-transform);--awb-text-color:var(--awb-custom11);--awb-margin-top:12px;--awb-margin-bottom:12px;--awb-text-font-family:var(--awb-typography5-font-family);--awb-text-font-weight:var(--awb-typography5-font-weight);--awb-text-font-style:var(--awb-typography5-font-style);\"><\/div><\/div><\/div><div class=\"fusion-layout-column fusion_builder_column fusion-builder-column-2 fusion_builder_column_1_2 1_2 fusion-flex-column\" style=\"--awb-bg-size:cover;--awb-width-large:50%;--awb-margin-top-large:0px;--awb-spacing-right-large:30px;--awb-margin-bottom-large:0px;--awb-spacing-left-large:30px;--awb-width-medium:100%;--awb-order-medium:0;--awb-spacing-right-medium:30px;--awb-spacing-left-medium:30px;--awb-width-small:100%;--awb-order-small:0;--awb-spacing-right-small:30px;--awb-spacing-left-small:30px;\"><div class=\"fusion-column-wrapper fusion-column-has-shadow fusion-flex-justify-content-flex-start fusion-content-layout-column\"><div class=\"fusion-separator fusion-full-width-sep\" style=\"align-self: center;margin-left: auto;margin-right: auto;width:100%;\"><div class=\"fusion-separator-border sep-single sep-solid\" style=\"--awb-height:20px;--awb-amount:20px;--awb-sep-color:var(--awb-color4);border-color:var(--awb-color4);border-top-width:3px;\"><\/div><\/div><\/div><\/div><\/div><\/div><div class=\"fusion-fullwidth fullwidth-box fusion-builder-row-2 fusion-flex-container has-pattern-background has-mask-background hundred-percent-fullwidth non-hundred-percent-height-scrolling\" style=\"--awb-border-radius-top-left:0px;--awb-border-radius-top-right:0px;--awb-border-radius-bottom-right:0px;--awb-border-radius-bottom-left:0px;--awb-padding-right:60px;--awb-padding-left:60px;--awb-padding-right-medium:60px;--awb-padding-left-medium:60px;--awb-padding-right-small:30px;--awb-padding-left-small:30px;--awb-margin-top:30px;--awb-margin-top-small:0px;--awb-flex-wrap:wrap;\" ><div class=\"fusion-builder-row fusion-row fusion-flex-align-items-flex-start fusion-flex-justify-content-center fusion-flex-content-wrap\" style=\"width:calc( 100% + 60px ) !important;max-width:calc( 100% + 60px ) !important;margin-left: calc(-60px \/ 2 );margin-right: calc(-60px \/ 2 );\"><div class=\"fusion-layout-column fusion_builder_column fusion-builder-column-3 fusion_builder_column_2_5 2_5 fusion-flex-column\" style=\"--awb-bg-blend:overlay;--awb-bg-size:cover;--awb-width-large:40%;--awb-margin-top-large:0px;--awb-spacing-right-large:30px;--awb-margin-bottom-large:20px;--awb-spacing-left-large:30px;--awb-width-medium:75%;--awb-order-medium:0;--awb-spacing-right-medium:30px;--awb-spacing-left-medium:30px;--awb-width-small:100%;--awb-order-small:0;--awb-spacing-right-small:30px;--awb-spacing-left-small:30px;\"><div class=\"fusion-column-wrapper fusion-flex-justify-content-flex-start fusion-content-layout-column\"><div class=\"fusion-builder-row fusion-builder-row-inner fusion-row fusion-flex-align-items-flex-start fusion-flex-justify-content-center fusion-flex-content-wrap\" style=\"--awb-flex-grow:0;--awb-flex-grow-medium:0;--awb-flex-grow-small:0;--awb-flex-shrink:0;--awb-flex-shrink-medium:0;--awb-flex-shrink-small:0;width:calc( 100% + 60px ) !important;max-width:calc( 100% + 60px ) !important;margin-left: calc(-60px \/ 2 );margin-right: calc(-60px \/ 2 );\"><div class=\"fusion-layout-column fusion_builder_column_inner fusion-builder-nested-column-0 fusion_builder_column_inner_1_2 1_2 fusion-flex-column fusion-flex-align-self-center\" style=\"--awb-bg-size:cover;--awb-width-large:50%;--awb-margin-top-large:0px;--awb-spacing-right-large:30px;--awb-margin-bottom-large:0px;--awb-spacing-left-large:30px;--awb-width-medium:50%;--awb-order-medium:0;--awb-spacing-right-medium:30px;--awb-spacing-left-medium:30px;--awb-width-small:100%;--awb-order-small:1;--awb-spacing-right-small:30px;--awb-margin-bottom-small:20px;--awb-spacing-left-small:30px;\"><div class=\"fusion-column-wrapper fusion-column-has-shadow fusion-flex-justify-content-center fusion-content-layout-column\"><div class=\"fusion-text fusion-text-3 fusion-text-no-margin\" style=\"--awb-font-size:var(--awb-typography5-font-size);--awb-line-height:var(--awb-typography5-line-height);--awb-letter-spacing:var(--awb-typography5-letter-spacing);--awb-text-transform:var(--awb-typography5-text-transform);--awb-text-color:var(--awb-custom11);--awb-margin-top:0px;--awb-margin-right:0px;--awb-margin-bottom:0px;--awb-margin-left:0px;--awb-text-font-family:var(--awb-typography5-font-family);--awb-text-font-weight:var(--awb-typography5-font-weight);--awb-text-font-style:var(--awb-typography5-font-style);\"><p>4 Februar 2025<\/p>\n<\/div><\/div><\/div><div class=\"fusion-layout-column fusion_builder_column_inner fusion-builder-nested-column-1 fusion_builder_column_inner_1_2 1_2 fusion-flex-column fusion-flex-align-self-center\" style=\"--awb-bg-size:cover;--awb-width-large:50%;--awb-margin-top-large:0px;--awb-spacing-right-large:30px;--awb-margin-bottom-large:0px;--awb-spacing-left-large:30px;--awb-width-medium:50%;--awb-order-medium:0;--awb-spacing-right-medium:30px;--awb-spacing-left-medium:30px;--awb-width-small:100%;--awb-order-small:0;--awb-margin-top-small:0px;--awb-spacing-right-small:30px;--awb-spacing-left-small:30px;\"><div class=\"fusion-column-wrapper fusion-column-has-shadow fusion-flex-justify-content-center fusion-content-layout-column\"><div class=\"fusion-sharing-box fusion-sharing-box-1 boxed-icons\" style=\"background-color:var(--awb-color1);border-color:var(--awb-color1);--awb-margin-top:0px;--awb-margin-right:0px;--awb-margin-bottom:0px;--awb-margin-left:0px;--awb-wrapper-padding-top:0px;--awb-wrapper-padding-right:0px;--awb-wrapper-padding-bottom:0px;--awb-wrapper-padding-left:0px;--awb-padding-top:0px;--awb-padding-right:0px;--awb-padding-bottom:0px;--awb-padding-left:0px;--awb-border-top:0px;--awb-border-right:0px;--awb-border-bottom:0px;--awb-border-left:0px;--awb-icon-size:12px;--awb-separator-border-color:#cccccc;--awb-separator-border-sizes:0px;--awb-stacked-align:flex-end;--awb-layout:row;--awb-alignment-small:flex-end;--awb-stacked-align-small:center;\" data-title=\"Sant\u2019Anselmo empf\u00e4ngt Pilger im Heiligen Jahr 2025\" data-description=\"Your Content Goes Here Sant\u2019Anselmo freut sich darauf, Pilger im Heiligen Jahr 2025 begr\u00fc\u00dfen zu d\u00fcrfen. Wir bieten F\u00fchrungen durch unsere historische Kirche, den Kreuzgang und andere wichtige Bereiche in sieben Sprachen an. Kontaktinformationen finden Sie unter dem untenstehenden Link.        \r\nSant\u2019Anselmo\" data-link=\"https:\/\/osb.org\/de\/2025\/02\/04\/santanselmo-empfaengt-pilger-im-heiligen-jahr-2025\/\"><div class=\"fusion-social-networks sharingbox-shortcode-icon-wrapper sharingbox-shortcode-icon-wrapper-1 boxed-icons\"><span><a href=\"https:\/\/www.facebook.com\/sharer.php?u=https%3A%2F%2Fosb.org%2Fde%2F2025%2F02%2F04%2Fsantanselmo-empfaengt-pilger-im-heiligen-jahr-2025%2F&amp;t=Sant%E2%80%99Anselmo%20empf%C3%A4ngt%20Pilger%20im%20Heiligen%20Jahr%202025\" target=\"_blank\" rel=\"noreferrer\" title=\"Facebook\" aria-label=\"Facebook\"><i class=\"fusion-social-network-icon fusion-tooltip fusion-facebook awb-icon-facebook\" style=\"color:var(--awb-custom11);background-color:#e8e8e8;border-color:#e8e8e8;border-radius:50%;\" aria-hidden=\"true\"><\/i><\/a><\/span><span><a href=\"https:\/\/x.com\/intent\/post?text=Sant%E2%80%99Anselmo%20empf%C3%A4ngt%20Pilger%20im%20Heiligen%20Jahr%202025&amp;url=https%3A%2F%2Fosb.org%2Fde%2F2025%2F02%2F04%2Fsantanselmo-empfaengt-pilger-im-heiligen-jahr-2025%2F\" target=\"_blank\" rel=\"noopener noreferrer\" title=\"X\" aria-label=\"X\"><i class=\"fusion-social-network-icon fusion-tooltip fusion-twitter awb-icon-twitter\" style=\"color:var(--awb-custom11);background-color:#e8e8e8;border-color:#e8e8e8;border-radius:50%;\" aria-hidden=\"true\"><\/i><\/a><\/span><span><a href=\"https:\/\/api.whatsapp.com\/send?text=https%3A%2F%2Fosb.org%2Fde%2F2025%2F02%2F04%2Fsantanselmo-empfaengt-pilger-im-heiligen-jahr-2025%2F\" target=\"_blank\" rel=\"noopener noreferrer\" title=\"WhatsApp\" aria-label=\"WhatsApp\"><i class=\"fusion-social-network-icon fusion-tooltip fusion-whatsapp awb-icon-whatsapp\" style=\"color:var(--awb-custom11);background-color:#e8e8e8;border-color:#e8e8e8;border-radius:50%;\" aria-hidden=\"true\"><\/i><\/a><\/span><span><a href=\"mailto:?subject=Sant%E2%80%99Anselmo%20empf%C3%A4ngt%20Pilger%20im%20Heiligen%20Jahr%202025&amp;body=https%3A%2F%2Fosb.org%2Fde%2F2025%2F02%2F04%2Fsantanselmo-empfaengt-pilger-im-heiligen-jahr-2025%2F\" target=\"_self\" title=\"Email\" aria-label=\"Email\"><i class=\"fusion-social-network-icon fusion-tooltip fusion-mail awb-icon-mail\" style=\"color:var(--awb-custom11);background-color:#e8e8e8;border-color:#e8e8e8;border-radius:50%;\" aria-hidden=\"true\"><\/i><\/a><\/span><\/div><\/div><\/div><\/div><\/div><div class=\"fusion-text fusion-text-4\"><p>Sant\u2019Anselmo freut sich darauf, Pilger im Heiligen Jahr 2025 begr\u00fc\u00dfen zu d\u00fcrfen. Wir bieten F\u00fchrungen durch unsere historische Kirche, den Kreuzgang und andere wichtige Bereiche in sieben Sprachen an: Italienisch, Englisch, Spanisch, Portugiesisch, Franz\u00f6sisch, Polnisch und Deutsch. <\/p>\n<h3>Was beinhaltet ein Besuch in Sant\u2019Anselmo<\/h3>\n<ul>\n<li>Empfang im Kirchenatrium<\/li>\n<li>Kirchenf\u00fchrung (diskret durchgef\u00fchrt, um eine and\u00e4chtige Atmosph\u00e4re zu bewahren)<\/li>\n<li>Besuch des Kreuzgangs: Innehalten an der Statue von Abt Hildebrand, um mehr \u00fcber das Leben von Sant\u2019Anselmo und die Benediktinerkonf\u00f6deration zu erfahren<\/li>\n<li>Besuch des Refektoriums (falls verf\u00fcgbar)<\/li>\n<li>F\u00fcr Gruppen unter 25 Personen: Wir schlie\u00dfen im Salon des Abtprimas ab, wo im Voraus eine kleine Erfrischung arrangiert werden kann.<\/li>\n<li>F\u00fcr Gruppen \u00fcber 25 Personen: Wir schlie\u00dfen im Versammlungssaal ab, wobei die gleiche Option f\u00fcr Erfrischungen verf\u00fcgbar ist.<\/li>\n<\/ul>\n<h3>Teilnahme am Gebet der Gemeinschaft<\/h3>\n<p>Wenn Ihre Gruppe am Mittagsgebet oder an der Vesper teilnehmen m\u00f6chte, wird Ihr F\u00fchrer Sie begleiten und w\u00e4hrend des Gebets bei Ihrer Gruppe bleiben.<\/p>\n<h3>Speisem\u00f6glichkeiten<\/h3>\n<p><span style=\"font-family: var(--awb-text-font-family); font-size: var(--awb-font-size); font-style: var(--awb-text-font-style); letter-spacing: var(--awb-letter-spacing); text-align: var(--awb-content-alignment); text-transform: var(--awb-text-transform);\">Wir k\u00f6nnen m\u00f6glicherweise kleinere Gruppen zum Mittag- oder Abendessen unterbringen. Wenn Ihre Gruppe zum Mittag- oder Abendessen bleibt, wird Ihr F\u00fchrer bei der Sitzordnung behilflich sein und die benediktinischen Traditionen erl\u00e4utern, einschlie\u00dflich der Gebete vor und nach den Mahlzeiten und der Wahrung einer respektvollen Stille. <\/span><\/p>\n<p>Wir freuen uns darauf, Sie in Sant\u2019Anselmo w\u00e4hrend dieses heiligen Jubil\u00e4umsjahres begr\u00fc\u00dfen zu d\u00fcrfen!<\/p>\n<h3>Kontakt<\/h3>\n<p>Wenn Ihre Gruppe Sant\u2019Anselmo w\u00e4hrend des Jubil\u00e4ums besuchen m\u00f6chte, kontaktieren Sie bitte:<\/p>\n<p>P. Beno\u00eet Alloggia OSB, Gastmeister<br \/>guestmaster@anselmianum.com <\/p>\n<p>Bitte geben Sie bei Ihrer Anfrage die folgenden Details an:<\/p>\n<ul>\n<li>Ihr bevorzugtes Datum und Ihre bevorzugte Uhrzeit f\u00fcr den Besuch<\/li>\n<li>Die Anzahl der Teilnehmer in Ihrer Gruppe<\/li>\n<li>Ob Ihre Gruppe am Gebet der Gemeinschaft teilnehmen m\u00f6chte:<\/li>\n<li>Mittagsgebet (Ora Media) um 12:50 Uhr<\/li>\n<li>Abendgebet (Vesper) um 19:15 Uhr<\/li>\n<\/ul>\n<\/div><div class=\"fusion-separator fusion-full-width-sep\" style=\"align-self: center;margin-left: auto;margin-right: auto;margin-top:1%;width:100%;\"><\/div><div ><a class=\"fusion-button button-flat fusion-button-default-size button-custom fusion-button-default button-1 fusion-button-span-yes fusion-button-default-type\" style=\"--button_accent_color:#ffffff;--button_accent_hover_color:#ffffff;--button_border_hover_color:#ffffff;--button_gradient_top_color:#1f7aa7;--button_gradient_bottom_color:#1f7aa7;--button_gradient_top_color_hover:#72cee0;--button_gradient_bottom_color_hover:#72cee0;\" target=\"_self\" href=\"https:\/\/www.collegiosantanselmo.com\/en\/\"><span class=\"fusion-button-text awb-button__text awb-button__text--default\">Website des Collegio Sant'Anselmo<\/span><\/a><\/div><div class=\"fusion-separator fusion-full-width-sep\" style=\"align-self: center;margin-left: auto;margin-right: auto;margin-top:1%;width:100%;\"><\/div><div ><a class=\"fusion-button button-flat fusion-button-default-size button-custom fusion-button-default button-2 fusion-button-span-yes fusion-button-default-type\" style=\"--button_accent_color:#ffffff;--button_accent_hover_color:#ffffff;--button_border_hover_color:#ffffff;--button_gradient_top_color:#1f7aa7;--button_gradient_bottom_color:#1f7aa7;--button_gradient_top_color_hover:#72cee0;--button_gradient_bottom_color_hover:#72cee0;\" target=\"_self\" href=\"https:\/\/maps.app.goo.gl\/isWAKNhcK2RGqQpw6\"><span class=\"fusion-button-text awb-button__text awb-button__text--default\">Google Maps zum Collegio Sant'Anselmo<\/span><\/a><\/div><\/div><\/div><\/div><\/div><\/p>\n","protected":false},"excerpt":{"rendered":"<p>Sant\u2019Anselmo freut sich darauf, Pilger im Heiligen Jahr 2025 begr\u00fc\u00dfen zu d\u00fcrfen. Wir bieten F\u00fchrungen durch unsere historische Kirche, den Kreuzgang und andere wichtige Bereiche in sieben Sprachen an. Geschichte und Kontaktinformationen finden Sie hier.  <\/p>\n","protected":false},"author":1,"featured_media":14645,"comment_status":"closed","ping_status":"closed","sticky":false,"template":"","format":"standard","meta":{"footnotes":""},"categories":[184],"tags":[213,207],"class_list":["post-14644","post","type-post","status-publish","format-standard","has-post-thumbnail","hentry","category-nexus-de","tag-nexus-marz-2025-de","tag-nexus-santanselmo-de"],"cc_featured_image_caption":{"caption_text":false,"source_text":false,"source_url":false},"_links":{"self":[{"href":"https:\/\/osb.org\/de\/wp-json\/wp\/v2\/posts\/14644","targetHints":{"allow":["GET"]}}],"collection":[{"href":"https:\/\/osb.org\/de\/wp-json\/wp\/v2\/posts"}],"about":[{"href":"https:\/\/osb.org\/de\/wp-json\/wp\/v2\/types\/post"}],"author":[{"embeddable":true,"href":"https:\/\/osb.org\/de\/wp-json\/wp\/v2\/users\/1"}],"replies":[{"embeddable":true,"href":"https:\/\/osb.org\/de\/wp-json\/wp\/v2\/comments?post=14644"}],"version-history":[{"count":0,"href":"https:\/\/osb.org\/de\/wp-json\/wp\/v2\/posts\/14644\/revisions"}],"wp:featuredmedia":[{"embeddable":true,"href":"https:\/\/osb.org\/de\/wp-json\/wp\/v2\/media\/14645"}],"wp:attachment":[{"href":"https:\/\/osb.org\/de\/wp-json\/wp\/v2\/media?parent=14644"}],"wp:term":[{"taxonomy":"category","embeddable":true,"href":"https:\/\/osb.org\/de\/wp-json\/wp\/v2\/categories?post=14644"},{"taxonomy":"post_tag","embeddable":true,"href":"https:\/\/osb.org\/de\/wp-json\/wp\/v2\/tags?post=14644"}],"curies":[{"name":"wp","href":"https:\/\/api.w.org\/{rel}","templated":true}]}}