{"id":14371,"date":"2025-04-07T12:34:59","date_gmt":"2025-04-07T10:34:59","guid":{"rendered":"https:\/\/osb.org\/2025\/04\/07\/das-kloster-fortaleza-tritt-der-benediktinerkongregation-von-brasilien-bei\/"},"modified":"2025-09-24T22:06:53","modified_gmt":"2025-09-24T20:06:53","slug":"das-kloster-fortaleza-tritt-der-benediktinerkongregation-von-brasilien-bei","status":"publish","type":"post","link":"https:\/\/osb.org\/de\/2025\/04\/07\/das-kloster-fortaleza-tritt-der-benediktinerkongregation-von-brasilien-bei\/","title":{"rendered":"Das Kloster Fortaleza tritt der Benediktinerkongregation von Brasilien bei"},"content":{"rendered":"<p><div class=\"fusion-fullwidth fullwidth-box fusion-builder-row-1 fusion-flex-container has-pattern-background has-mask-background hundred-percent-fullwidth non-hundred-percent-height-scrolling\" style=\"--awb-border-sizes-bottom:1px;--awb-border-color:var(--awb-custom11);--awb-border-radius-top-left:0px;--awb-border-radius-top-right:0px;--awb-border-radius-bottom-right:0px;--awb-border-radius-bottom-left:0px;--awb-padding-right:60px;--awb-padding-bottom:20px;--awb-padding-left:60px;--awb-padding-right-small:30px;--awb-padding-left-small:30px;--awb-margin-top-medium:1px;--awb-margin-top-small:0px;--awb-flex-wrap:wrap;\" ><div class=\"fusion-builder-row fusion-row fusion-flex-align-items-center fusion-flex-justify-content-flex-end fusion-flex-content-wrap\" style=\"width:calc( 100% + 60px ) !important;max-width:calc( 100% + 60px ) !important;margin-left: calc(-60px \/ 2 );margin-right: calc(-60px \/ 2 );\"><div class=\"fusion-layout-column fusion_builder_column fusion-builder-column-0 fusion_builder_column_1_2 1_2 fusion-flex-column\" style=\"--awb-padding-right:60px;--awb-padding-left:60px;--awb-padding-right-small:0px;--awb-padding-left-small:0px;--awb-bg-size:cover;--awb-width-large:50%;--awb-margin-top-large:0px;--awb-spacing-right-large:30px;--awb-margin-bottom-large:20px;--awb-spacing-left-large:30px;--awb-width-medium:100%;--awb-order-medium:0;--awb-margin-top-medium:20px;--awb-spacing-right-medium:30px;--awb-margin-bottom-medium:0px;--awb-spacing-left-medium:30px;--awb-width-small:100%;--awb-order-small:0;--awb-spacing-right-small:30px;--awb-spacing-left-small:30px;\"><div class=\"fusion-column-wrapper fusion-column-has-shadow fusion-flex-justify-content-flex-start fusion-content-layout-column\"><div class=\"fusion-title title fusion-title-1 fusion-sep-none fusion-title-text fusion-title-size-one\" style=\"--awb-text-color:var(--awb-custom13);--awb-margin-top-small:0px;--awb-margin-right-small:0px;--awb-margin-bottom-small:20px;--awb-margin-left-small:0px;--awb-font-size:40px;\"><h1 class=\"fusion-title-heading title-heading-left md-text-align-center fusion-responsive-typography-calculated\" style=\"font-family:var(--awb-typography1-font-family);font-weight:var(--awb-typography1-font-weight);font-style:var(--awb-typography1-font-style);margin:0;letter-spacing:var(--awb-typography1-letter-spacing);text-transform:var(--awb-typography1-text-transform);font-size:1em;--fontSize:40;line-height:var(--awb-typography1-line-height);\">Das Kloster Fortaleza tritt der Benediktinerkongregation von Brasilien bei<\/h1><\/div><div class=\"fusion-text fusion-text-1 fusion-no-small-visibility fusion-no-medium-visibility\" style=\"--awb-font-size:18px;--awb-line-height:var(--awb-typography5-line-height);--awb-letter-spacing:var(--awb-typography5-letter-spacing);--awb-text-transform:var(--awb-typography5-text-transform);--awb-text-color:var(--awb-custom12);--awb-text-font-family:var(--awb-typography5-font-family);--awb-text-font-weight:var(--awb-typography5-font-weight);--awb-text-font-style:var(--awb-typography5-font-style);\"><p>Das Kloster S\u00e3o Bento in Fortaleza ist nun offiziell Teil der Benediktinerkongregation von Brasilien. Es wurde 1993 von Dom Beda Pereira de Holanda gegr\u00fcndet und geh\u00f6rte zuvor zur Di\u00f6zese Fortaleza. <\/p>\n<\/div><\/div><\/div><div class=\"fusion-layout-column fusion_builder_column fusion-builder-column-1 fusion_builder_column_1_2 1_2 fusion-flex-column\" style=\"--awb-bg-size:cover;--awb-width-large:50%;--awb-margin-top-large:0px;--awb-spacing-right-large:30px;--awb-margin-bottom-large:0px;--awb-spacing-left-large:30px;--awb-width-medium:100%;--awb-order-medium:0;--awb-spacing-right-medium:30px;--awb-spacing-left-medium:30px;--awb-width-small:100%;--awb-order-small:0;--awb-spacing-right-small:30px;--awb-spacing-left-small:30px;\"><div class=\"fusion-column-wrapper fusion-column-has-shadow fusion-flex-justify-content-flex-start fusion-content-layout-column\"><div class=\"fusion-image-element \" style=\"--awb-caption-title-font-family:var(--h2_typography-font-family);--awb-caption-title-font-weight:var(--h2_typography-font-weight);--awb-caption-title-font-style:var(--h2_typography-font-style);--awb-caption-title-size:var(--h2_typography-font-size);--awb-caption-title-transform:var(--h2_typography-text-transform);--awb-caption-title-line-height:var(--h2_typography-line-height);--awb-caption-title-letter-spacing:var(--h2_typography-letter-spacing);\"><span class=\" fusion-imageframe imageframe-none imageframe-1 hover-type-none\" style=\"border:1px solid var(--awb-custom10);\"><a href=\"https:\/\/osb.org\/wp-content\/uploads\/2025\/04\/Sao_Bento_Fortaleza_-_CE_Brazil_-_panoramio.jpg\" class=\"fusion-lightbox\" data-rel=\"iLightbox[bda612b87245e256388]\" data-caption=\"KJKJ\" data-title=\"KJKJ\" title=\"KJKJ\"><img decoding=\"async\" width=\"1920\" height=\"1080\" src=\"https:\/\/osb.org\/wp-content\/uploads\/2025\/04\/Sao_Bento_Fortaleza_-_CE_Brazil_-_panoramio.jpg\" alt class=\"img-responsive wp-image-14372 disable-lazyload\" srcset=\"https:\/\/osb.org\/wp-content\/uploads\/2025\/04\/Sao_Bento_Fortaleza_-_CE_Brazil_-_panoramio-200x113.jpg 200w, https:\/\/osb.org\/wp-content\/uploads\/2025\/04\/Sao_Bento_Fortaleza_-_CE_Brazil_-_panoramio-400x225.jpg 400w, https:\/\/osb.org\/wp-content\/uploads\/2025\/04\/Sao_Bento_Fortaleza_-_CE_Brazil_-_panoramio-600x338.jpg 600w, https:\/\/osb.org\/wp-content\/uploads\/2025\/04\/Sao_Bento_Fortaleza_-_CE_Brazil_-_panoramio-800x450.jpg 800w, https:\/\/osb.org\/wp-content\/uploads\/2025\/04\/Sao_Bento_Fortaleza_-_CE_Brazil_-_panoramio-1200x675.jpg 1200w, https:\/\/osb.org\/wp-content\/uploads\/2025\/04\/Sao_Bento_Fortaleza_-_CE_Brazil_-_panoramio.jpg 1920w\" sizes=\"(max-width: 1024px) 100vw, (max-width: 640px) 100vw, 600px\" \/><\/a><\/span><\/div><div class=\"fusion-text fusion-text-2 fusion-text-no-margin\" style=\"--awb-font-size:var(--awb-typography5-font-size);--awb-line-height:var(--awb-typography5-line-height);--awb-letter-spacing:var(--awb-typography5-letter-spacing);--awb-text-transform:var(--awb-typography5-text-transform);--awb-text-color:var(--awb-custom11);--awb-margin-top:12px;--awb-margin-bottom:12px;--awb-text-font-family:var(--awb-typography5-font-family);--awb-text-font-weight:var(--awb-typography5-font-weight);--awb-text-font-style:var(--awb-typography5-font-style);\"><\/div><\/div><\/div><div class=\"fusion-layout-column fusion_builder_column fusion-builder-column-2 fusion_builder_column_1_2 1_2 fusion-flex-column\" style=\"--awb-bg-size:cover;--awb-width-large:50%;--awb-margin-top-large:0px;--awb-spacing-right-large:30px;--awb-margin-bottom-large:0px;--awb-spacing-left-large:30px;--awb-width-medium:100%;--awb-order-medium:0;--awb-spacing-right-medium:30px;--awb-spacing-left-medium:30px;--awb-width-small:100%;--awb-order-small:0;--awb-spacing-right-small:30px;--awb-spacing-left-small:30px;\"><div class=\"fusion-column-wrapper fusion-column-has-shadow fusion-flex-justify-content-flex-start fusion-content-layout-column\"><div class=\"fusion-separator fusion-full-width-sep\" style=\"align-self: center;margin-left: auto;margin-right: auto;width:100%;\"><div class=\"fusion-separator-border sep-single sep-solid\" style=\"--awb-height:20px;--awb-amount:20px;--awb-sep-color:var(--awb-color4);border-color:var(--awb-color4);border-top-width:3px;\"><\/div><\/div><\/div><\/div><\/div><\/div><div class=\"fusion-fullwidth fullwidth-box fusion-builder-row-2 fusion-flex-container has-pattern-background has-mask-background hundred-percent-fullwidth non-hundred-percent-height-scrolling\" style=\"--awb-border-radius-top-left:0px;--awb-border-radius-top-right:0px;--awb-border-radius-bottom-right:0px;--awb-border-radius-bottom-left:0px;--awb-padding-right:60px;--awb-padding-left:60px;--awb-padding-right-medium:60px;--awb-padding-left-medium:60px;--awb-padding-right-small:30px;--awb-padding-left-small:30px;--awb-margin-top:30px;--awb-margin-top-small:0px;--awb-flex-wrap:wrap;\" ><div class=\"fusion-builder-row fusion-row fusion-flex-align-items-flex-start fusion-flex-justify-content-center fusion-flex-content-wrap\" style=\"width:calc( 100% + 60px ) !important;max-width:calc( 100% + 60px ) !important;margin-left: calc(-60px \/ 2 );margin-right: calc(-60px \/ 2 );\"><div class=\"fusion-layout-column fusion_builder_column fusion-builder-column-3 fusion_builder_column_2_5 2_5 fusion-flex-column\" style=\"--awb-bg-blend:overlay;--awb-bg-size:cover;--awb-width-large:40%;--awb-margin-top-large:0px;--awb-spacing-right-large:30px;--awb-margin-bottom-large:20px;--awb-spacing-left-large:30px;--awb-width-medium:75%;--awb-order-medium:0;--awb-spacing-right-medium:30px;--awb-spacing-left-medium:30px;--awb-width-small:100%;--awb-order-small:0;--awb-spacing-right-small:30px;--awb-spacing-left-small:30px;\"><div class=\"fusion-column-wrapper fusion-flex-justify-content-flex-start fusion-content-layout-column\"><div class=\"fusion-builder-row fusion-builder-row-inner fusion-row fusion-flex-align-items-flex-start fusion-flex-justify-content-center fusion-flex-content-wrap\" style=\"--awb-flex-grow:0;--awb-flex-grow-medium:0;--awb-flex-grow-small:0;--awb-flex-shrink:0;--awb-flex-shrink-medium:0;--awb-flex-shrink-small:0;width:calc( 100% + 60px ) !important;max-width:calc( 100% + 60px ) !important;margin-left: calc(-60px \/ 2 );margin-right: calc(-60px \/ 2 );\"><div class=\"fusion-layout-column fusion_builder_column_inner fusion-builder-nested-column-0 fusion_builder_column_inner_1_2 1_2 fusion-flex-column fusion-flex-align-self-center\" style=\"--awb-bg-size:cover;--awb-width-large:50%;--awb-margin-top-large:0px;--awb-spacing-right-large:30px;--awb-margin-bottom-large:0px;--awb-spacing-left-large:30px;--awb-width-medium:50%;--awb-order-medium:0;--awb-spacing-right-medium:30px;--awb-spacing-left-medium:30px;--awb-width-small:100%;--awb-order-small:1;--awb-spacing-right-small:30px;--awb-margin-bottom-small:20px;--awb-spacing-left-small:30px;\"><div class=\"fusion-column-wrapper fusion-column-has-shadow fusion-flex-justify-content-center fusion-content-layout-column\"><div class=\"fusion-text fusion-text-3 fusion-text-no-margin\" style=\"--awb-font-size:var(--awb-typography5-font-size);--awb-line-height:var(--awb-typography5-line-height);--awb-letter-spacing:var(--awb-typography5-letter-spacing);--awb-text-transform:var(--awb-typography5-text-transform);--awb-text-color:var(--awb-custom11);--awb-margin-top:0px;--awb-margin-right:0px;--awb-margin-bottom:0px;--awb-margin-left:0px;--awb-text-font-family:var(--awb-typography5-font-family);--awb-text-font-weight:var(--awb-typography5-font-weight);--awb-text-font-style:var(--awb-typography5-font-style);\"><p>7 April 2025<\/p>\n<\/div><\/div><\/div><div class=\"fusion-layout-column fusion_builder_column_inner fusion-builder-nested-column-1 fusion_builder_column_inner_1_2 1_2 fusion-flex-column fusion-flex-align-self-center\" style=\"--awb-bg-size:cover;--awb-width-large:50%;--awb-margin-top-large:0px;--awb-spacing-right-large:30px;--awb-margin-bottom-large:0px;--awb-spacing-left-large:30px;--awb-width-medium:50%;--awb-order-medium:0;--awb-spacing-right-medium:30px;--awb-spacing-left-medium:30px;--awb-width-small:100%;--awb-order-small:0;--awb-margin-top-small:0px;--awb-spacing-right-small:30px;--awb-spacing-left-small:30px;\"><div class=\"fusion-column-wrapper fusion-column-has-shadow fusion-flex-justify-content-center fusion-content-layout-column\"><div class=\"fusion-sharing-box fusion-sharing-box-1 boxed-icons\" style=\"background-color:var(--awb-color1);border-color:var(--awb-color1);--awb-margin-top:0px;--awb-margin-right:0px;--awb-margin-bottom:0px;--awb-margin-left:0px;--awb-wrapper-padding-top:0px;--awb-wrapper-padding-right:0px;--awb-wrapper-padding-bottom:0px;--awb-wrapper-padding-left:0px;--awb-padding-top:0px;--awb-padding-right:0px;--awb-padding-bottom:0px;--awb-padding-left:0px;--awb-border-top:0px;--awb-border-right:0px;--awb-border-bottom:0px;--awb-border-left:0px;--awb-icon-size:12px;--awb-separator-border-color:#cccccc;--awb-separator-border-sizes:0px;--awb-stacked-align:flex-end;--awb-layout:row;--awb-alignment-small:flex-end;--awb-stacked-align-small:center;\" data-title=\"Das Kloster Fortaleza tritt der Benediktinerkongregation von Brasilien bei\" data-description=\"Your Content Goes Here       \r\n\r\nDas Kloster S\u00e3o Bento in Fortaleza ist offiziell Teil der Benediktinerkongregation von Brasilien geworden. Diese Entscheidung wurde vom Dikasterium f\u00fcr Institute des geweihten Lebens und Gesellschaften des apostolischen Lebens genehmigt. \r\n\r\nDas zuvor di\u00f6zesane Kloster wurde 1993 durch die\" data-link=\"https:\/\/osb.org\/de\/2025\/04\/07\/das-kloster-fortaleza-tritt-der-benediktinerkongregation-von-brasilien-bei\/\"><div class=\"fusion-social-networks sharingbox-shortcode-icon-wrapper sharingbox-shortcode-icon-wrapper-1 boxed-icons\"><span><a href=\"https:\/\/www.facebook.com\/sharer.php?u=https%3A%2F%2Fosb.org%2Fde%2F2025%2F04%2F07%2Fdas-kloster-fortaleza-tritt-der-benediktinerkongregation-von-brasilien-bei%2F&amp;t=Das%20Kloster%20Fortaleza%20tritt%20der%20Benediktinerkongregation%20von%20Brasilien%20bei\" target=\"_blank\" rel=\"noreferrer\" title=\"Facebook\" aria-label=\"Facebook\"><i class=\"fusion-social-network-icon fusion-tooltip fusion-facebook awb-icon-facebook\" style=\"color:var(--awb-custom11);background-color:#e8e8e8;border-color:#e8e8e8;border-radius:50%;\" aria-hidden=\"true\"><\/i><\/a><\/span><span><a href=\"https:\/\/x.com\/intent\/post?text=Das%20Kloster%20Fortaleza%20tritt%20der%20Benediktinerkongregation%20von%20Brasilien%20bei&amp;url=https%3A%2F%2Fosb.org%2Fde%2F2025%2F04%2F07%2Fdas-kloster-fortaleza-tritt-der-benediktinerkongregation-von-brasilien-bei%2F\" target=\"_blank\" rel=\"noopener noreferrer\" title=\"X\" aria-label=\"X\"><i class=\"fusion-social-network-icon fusion-tooltip fusion-twitter awb-icon-twitter\" style=\"color:var(--awb-custom11);background-color:#e8e8e8;border-color:#e8e8e8;border-radius:50%;\" aria-hidden=\"true\"><\/i><\/a><\/span><span><a href=\"https:\/\/api.whatsapp.com\/send?text=https%3A%2F%2Fosb.org%2Fde%2F2025%2F04%2F07%2Fdas-kloster-fortaleza-tritt-der-benediktinerkongregation-von-brasilien-bei%2F\" target=\"_blank\" rel=\"noopener noreferrer\" title=\"WhatsApp\" aria-label=\"WhatsApp\"><i class=\"fusion-social-network-icon fusion-tooltip fusion-whatsapp awb-icon-whatsapp\" style=\"color:var(--awb-custom11);background-color:#e8e8e8;border-color:#e8e8e8;border-radius:50%;\" aria-hidden=\"true\"><\/i><\/a><\/span><span><a href=\"mailto:?subject=Das%20Kloster%20Fortaleza%20tritt%20der%20Benediktinerkongregation%20von%20Brasilien%20bei&amp;body=https%3A%2F%2Fosb.org%2Fde%2F2025%2F04%2F07%2Fdas-kloster-fortaleza-tritt-der-benediktinerkongregation-von-brasilien-bei%2F\" target=\"_self\" title=\"Email\" aria-label=\"Email\"><i class=\"fusion-social-network-icon fusion-tooltip fusion-mail awb-icon-mail\" style=\"color:var(--awb-custom11);background-color:#e8e8e8;border-color:#e8e8e8;border-radius:50%;\" aria-hidden=\"true\"><\/i><\/a><\/span><\/div><\/div><\/div><\/div><\/div><div class=\"fusion-text fusion-text-4\"><p>Das Kloster S\u00e3o Bento in Fortaleza ist offiziell Teil der Benediktinerkongregation von Brasilien geworden. Diese Entscheidung wurde vom Dikasterium f\u00fcr Institute des geweihten Lebens und Gesellschaften des apostolischen Lebens genehmigt. <\/p>\n<p>Das zuvor di\u00f6zesane Kloster wurde 1993 durch die pers\u00f6nliche Initiative von Dom Beda Pereira de Holanda (+2014) gegr\u00fcndet, der damals Abt des Klosters Olinda war. Dom Beda, der 2014 verstarb, war auch Pfarrer von Nossa Senhora da Imaculada Concei\u00e7\u00e3o de Messejana und identifizierte Paupina als geeigneten Standort f\u00fcr das Kloster. Die Gr\u00fcndung erfolgte am 25. M\u00e4rz 1993 mit der Genehmigung von Kardinal Alo\u00edsio Lorscheider.  <\/p>\n<p>Das Kloster S\u00e3o Bento in Fortaleza wird nun ein einfaches Priorat sein, das direkt vom Abtpr\u00e4ses der brasilianischen Kongregation abh\u00e4ngig ist. Derzeit umfasst die monastische Gemeinschaft sieben feierlich professen Mitglieder, ein zeitlich professes Mitglied, drei Novizen und zwei Postulanten. <\/p>\n<p>Die offizielle Bekanntgabe dieses freudigen Ereignisses erfolgte am Fest des Transitus von S\u00e3o Bento, dem 21. M\u00e4rz, als Prior D. Marcos Martins Gomes, der bereits in dieser Funktion im di\u00f6zesanen Kloster t\u00e4tig war, ernannt wurde. Zur Feier des Ereignisses wurde eine feierliche Dankesmesse zelebriert. Die Messe wurde vom emeritierten Erzbischof von Fortaleza, D. Jos\u00e9 Ant\u00f4nio Aparecido Tosi Marques, geleitet, der das Kloster bei seiner Gr\u00fcndung betreute. Konzelebranten waren der derzeitige Erzbischof von Fortaleza, D. Greg\u00f3rio Ben L\u00e2med Paix\u00e3o, OSB; der Pr\u00e4sident der Benediktinerkongregation von Brasilien und Erzabt des Klosters Salvador, D. Emanuel D'Able do Amaral; und der Abt des Klosters Olinda, D. Luiz Pedro Soares.   <\/p>\n<p>Diese Inkorporation ist ein freudiges Ereignis f\u00fcr die Benediktinerkongregation von Brasilien, die nun acht M\u00e4nnerkl\u00f6ster und 16 Frauenkl\u00f6ster mit insgesamt 137 M\u00f6nchen und 247 Nonnen umfasst. Der Einsatz und die Vision von Dom Beda Pereira de Holanda bei der Gr\u00fcndung dieser Stiftung sind wirklich lobenswert.<\/p>\n<\/div><\/div><\/div><\/div><\/div><\/p>\n","protected":false},"excerpt":{"rendered":"<p>Das Kloster S\u00e3o Bento in Fortaleza ist nun offiziell Teil der Benediktinerkongregation von Brasilien. Es wurde 1993 von Dom Beda Pereira de Holanda gegr\u00fcndet und geh\u00f6rte zuvor zur Di\u00f6zese Fortaleza. <\/p>\n","protected":false},"author":1,"featured_media":14372,"comment_status":"closed","ping_status":"closed","sticky":false,"template":"","format":"standard","meta":{"footnotes":""},"categories":[188,184],"tags":[208,368],"class_list":["post-14371","post","type-post","status-publish","format-standard","has-post-thumbnail","hentry","category-nachrichten-de","category-nexus-de","tag-nexus-april-2025-de","tag-nexus-benediktinischer-weltbericht-de"],"cc_featured_image_caption":{"caption_text":false,"source_text":false,"source_url":false},"_links":{"self":[{"href":"https:\/\/osb.org\/de\/wp-json\/wp\/v2\/posts\/14371","targetHints":{"allow":["GET"]}}],"collection":[{"href":"https:\/\/osb.org\/de\/wp-json\/wp\/v2\/posts"}],"about":[{"href":"https:\/\/osb.org\/de\/wp-json\/wp\/v2\/types\/post"}],"author":[{"embeddable":true,"href":"https:\/\/osb.org\/de\/wp-json\/wp\/v2\/users\/1"}],"replies":[{"embeddable":true,"href":"https:\/\/osb.org\/de\/wp-json\/wp\/v2\/comments?post=14371"}],"version-history":[{"count":0,"href":"https:\/\/osb.org\/de\/wp-json\/wp\/v2\/posts\/14371\/revisions"}],"wp:featuredmedia":[{"embeddable":true,"href":"https:\/\/osb.org\/de\/wp-json\/wp\/v2\/media\/14372"}],"wp:attachment":[{"href":"https:\/\/osb.org\/de\/wp-json\/wp\/v2\/media?parent=14371"}],"wp:term":[{"taxonomy":"category","embeddable":true,"href":"https:\/\/osb.org\/de\/wp-json\/wp\/v2\/categories?post=14371"},{"taxonomy":"post_tag","embeddable":true,"href":"https:\/\/osb.org\/de\/wp-json\/wp\/v2\/tags?post=14371"}],"curies":[{"name":"wp","href":"https:\/\/api.w.org\/{rel}","templated":true}]}}