{"id":13999,"date":"2025-03-24T17:09:37","date_gmt":"2025-03-24T16:09:37","guid":{"rendered":"https:\/\/osb.org\/2025\/03\/24\/aufruf-zur-crowdsourcing-recherche-dom-gregory-de-wit-osb\/"},"modified":"2025-09-22T17:27:22","modified_gmt":"2025-09-22T15:27:22","slug":"aufruf-zur-crowdsourcing-recherche-dom-gregory-de-wit-osb","status":"publish","type":"post","link":"https:\/\/osb.org\/de\/2025\/03\/24\/aufruf-zur-crowdsourcing-recherche-dom-gregory-de-wit-osb\/","title":{"rendered":"Aufruf zur Crowdsourcing-Recherche: Dom Gregory de Wit OSB"},"content":{"rendered":"<p><div class=\"fusion-fullwidth fullwidth-box fusion-builder-row-1 fusion-flex-container has-pattern-background has-mask-background hundred-percent-fullwidth non-hundred-percent-height-scrolling\" style=\"--awb-border-radius-top-left:0px;--awb-border-radius-top-right:0px;--awb-border-radius-bottom-right:0px;--awb-border-radius-bottom-left:0px;--awb-padding-right:60px;--awb-padding-bottom:0px;--awb-padding-left:60px;--awb-padding-right-small:30px;--awb-padding-left-small:30px;--awb-flex-wrap:wrap;\" ><div class=\"fusion-builder-row fusion-row fusion-flex-align-items-center fusion-flex-justify-content-flex-end fusion-flex-content-wrap\" style=\"width:calc( 100% + 60px ) !important;max-width:calc( 100% + 60px ) !important;margin-left: calc(-60px \/ 2 );margin-right: calc(-60px \/ 2 );\"><div class=\"fusion-layout-column fusion_builder_column fusion-builder-column-0 fusion_builder_column_1_2 1_2 fusion-flex-column\" style=\"--awb-padding-right:70px;--awb-padding-left:70px;--awb-padding-right-medium:150px;--awb-padding-left-medium:150px;--awb-padding-right-small:0px;--awb-padding-left-small:0px;--awb-bg-size:cover;--awb-width-large:50%;--awb-margin-top-large:0px;--awb-spacing-right-large:30px;--awb-margin-bottom-large:20px;--awb-spacing-left-large:30px;--awb-width-medium:100%;--awb-order-medium:0;--awb-spacing-right-medium:30px;--awb-spacing-left-medium:30px;--awb-width-small:100%;--awb-order-small:0;--awb-spacing-right-small:30px;--awb-spacing-left-small:30px;\"><div class=\"fusion-column-wrapper fusion-column-has-shadow fusion-flex-justify-content-flex-start fusion-content-layout-column\"><div class=\"fusion-title title fusion-title-1 fusion-sep-none fusion-title-text fusion-title-size-one\" style=\"--awb-text-color:var(--awb-custom13);--awb-margin-top-small:0px;--awb-margin-right-small:0px;--awb-margin-bottom-small:20px;--awb-margin-left-small:0px;--awb-font-size:40px;\"><h1 class=\"fusion-title-heading title-heading-left fusion-responsive-typography-calculated\" style=\"font-family:var(--awb-typography1-font-family);font-weight:var(--awb-typography1-font-weight);font-style:var(--awb-typography1-font-style);margin:0;letter-spacing:var(--awb-typography1-letter-spacing);text-transform:var(--awb-typography1-text-transform);font-size:1em;--fontSize:40;line-height:var(--awb-typography1-line-height);\">Aufruf zur Crowdsourcing-Recherche: Dom Gregory de Wit OSB<\/h1><\/div><div class=\"fusion-text fusion-text-1\" style=\"--awb-font-size:var(--awb-typography4-font-size);--awb-line-height:var(--awb-typography4-line-height);--awb-letter-spacing:var(--awb-typography4-letter-spacing);--awb-text-transform:var(--awb-typography4-text-transform);--awb-text-color:var(--awb-custom12);--awb-text-font-family:var(--awb-typography4-font-family);--awb-text-font-weight:var(--awb-typography4-font-weight);--awb-text-font-style:var(--awb-typography4-font-style);\"><p>Dom Gregory de Wit, ein Benediktinerk\u00fcnstler, hinterlie\u00df ein tiefgreifendes, doch oft \u00fcbersehenes Erbe durch seine monumentalen Wandgem\u00e4lde und religi\u00f6sen Kunstwerke in ganz Europa und den USA. Eine Retrospektive im Jahr 2025 in Deutschland zielt darauf ab, seine Beitr\u00e4ge zu dokumentieren, wobei die Organisatoren zus\u00e4tzliche Informationen zu seinen weniger bekannten Werken suchen.<\/p>\n<\/div><\/div><\/div><div class=\"fusion-layout-column fusion_builder_column fusion-builder-column-1 fusion_builder_column_1_2 1_2 fusion-flex-column\" style=\"--awb-bg-size:cover;--awb-width-large:50%;--awb-margin-top-large:0px;--awb-spacing-right-large:30px;--awb-margin-bottom-large:0px;--awb-spacing-left-large:30px;--awb-width-medium:100%;--awb-order-medium:0;--awb-spacing-right-medium:30px;--awb-spacing-left-medium:30px;--awb-width-small:100%;--awb-order-small:0;--awb-spacing-right-small:30px;--awb-spacing-left-small:30px;\"><div class=\"fusion-column-wrapper fusion-column-has-shadow fusion-flex-justify-content-flex-start fusion-content-layout-column\"><div class=\"fusion-image-element \" style=\"--awb-caption-title-font-family:var(--h2_typography-font-family);--awb-caption-title-font-weight:var(--h2_typography-font-weight);--awb-caption-title-font-style:var(--h2_typography-font-style);--awb-caption-title-size:var(--h2_typography-font-size);--awb-caption-title-transform:var(--h2_typography-text-transform);--awb-caption-title-line-height:var(--h2_typography-line-height);--awb-caption-title-letter-spacing:var(--h2_typography-letter-spacing);\"><span class=\" fusion-imageframe imageframe-none imageframe-1 hover-type-none\" style=\"border:1px solid var(--awb-custom10);\"><a href=\"https:\/\/osb.org\/wp-content\/uploads\/2025\/03\/hero_deWit_SMAa-X-enthroned-1.jpg\" class=\"fusion-lightbox\" data-rel=\"iLightbox[95c62a0d2ea4763897b]\" data-title=\"hero_deWit_SMAa x enthroned-1\" title=\"hero_deWit_SMAa x enthroned-1\"><img decoding=\"async\" width=\"1920\" height=\"1080\" src=\"https:\/\/osb.org\/wp-content\/uploads\/2025\/03\/hero_deWit_SMAa-X-enthroned-1.jpg\" data-orig-src=\"https:\/\/osb.org\/wp-content\/uploads\/2025\/03\/hero_deWit_SMAa-X-enthroned-1.jpg\" alt class=\"lazyload img-responsive wp-image-14000\" srcset=\"data:image\/svg+xml,%3Csvg%20xmlns%3D%27http%3A%2F%2Fwww.w3.org%2F2000%2Fsvg%27%20width%3D%271920%27%20height%3D%271080%27%20viewBox%3D%270%200%201920%201080%27%3E%3Crect%20width%3D%271920%27%20height%3D%271080%27%20fill-opacity%3D%220%22%2F%3E%3C%2Fsvg%3E\" data-srcset=\"https:\/\/osb.org\/wp-content\/uploads\/2025\/03\/hero_deWit_SMAa-X-enthroned-1-200x113.jpg 200w, https:\/\/osb.org\/wp-content\/uploads\/2025\/03\/hero_deWit_SMAa-X-enthroned-1-400x225.jpg 400w, https:\/\/osb.org\/wp-content\/uploads\/2025\/03\/hero_deWit_SMAa-X-enthroned-1-600x338.jpg 600w, https:\/\/osb.org\/wp-content\/uploads\/2025\/03\/hero_deWit_SMAa-X-enthroned-1-800x450.jpg 800w, https:\/\/osb.org\/wp-content\/uploads\/2025\/03\/hero_deWit_SMAa-X-enthroned-1-1200x675.jpg 1200w, https:\/\/osb.org\/wp-content\/uploads\/2025\/03\/hero_deWit_SMAa-X-enthroned-1.jpg 1920w\" data-sizes=\"auto\" data-orig-sizes=\"(max-width: 1024px) 100vw, (max-width: 640px) 100vw, 600px\" \/><\/a><\/span><\/div><div class=\"fusion-text fusion-text-2 fusion-text-no-margin\" style=\"--awb-font-size:var(--awb-typography5-font-size);--awb-line-height:var(--awb-typography5-line-height);--awb-letter-spacing:var(--awb-typography5-letter-spacing);--awb-text-transform:var(--awb-typography5-text-transform);--awb-text-color:var(--awb-custom11);--awb-margin-top:12px;--awb-margin-bottom:12px;--awb-text-font-family:var(--awb-typography5-font-family);--awb-text-font-weight:var(--awb-typography5-font-weight);--awb-text-font-style:var(--awb-typography5-font-style);\"><p>Your Content Goes Here<\/p>\n<\/div><\/div><\/div><div class=\"fusion-layout-column fusion_builder_column fusion-builder-column-2 fusion_builder_column_1_2 1_2 fusion-flex-column\" style=\"--awb-bg-size:cover;--awb-width-large:50%;--awb-margin-top-large:0px;--awb-spacing-right-large:30px;--awb-margin-bottom-large:0px;--awb-spacing-left-large:30px;--awb-width-medium:100%;--awb-order-medium:0;--awb-spacing-right-medium:30px;--awb-spacing-left-medium:30px;--awb-width-small:100%;--awb-order-small:0;--awb-spacing-right-small:30px;--awb-spacing-left-small:30px;\"><div class=\"fusion-column-wrapper fusion-column-has-shadow fusion-flex-justify-content-flex-start fusion-content-layout-column\"><div class=\"fusion-separator fusion-full-width-sep\" style=\"align-self: center;margin-left: auto;margin-right: auto;width:100%;\"><div class=\"fusion-separator-border sep-single sep-solid\" style=\"--awb-height:20px;--awb-amount:20px;--awb-sep-color:var(--awb-color4);border-color:var(--awb-color4);border-top-width:3px;\"><\/div><\/div><\/div><\/div><\/div><\/div><div class=\"fusion-fullwidth fullwidth-box fusion-builder-row-2 fusion-flex-container hundred-percent-fullwidth non-hundred-percent-height-scrolling\" style=\"--awb-border-radius-top-left:0px;--awb-border-radius-top-right:0px;--awb-border-radius-bottom-right:0px;--awb-border-radius-bottom-left:0px;--awb-padding-right:60px;--awb-padding-left:60px;--awb-padding-right-medium:60px;--awb-padding-left-medium:60px;--awb-padding-right-small:30px;--awb-padding-left-small:30px;--awb-margin-top-small:0px;--awb-flex-wrap:wrap;\" ><div class=\"fusion-builder-row fusion-row fusion-flex-align-items-flex-start fusion-flex-justify-content-center fusion-flex-content-wrap\" style=\"width:calc( 100% + 60px ) !important;max-width:calc( 100% + 60px ) !important;margin-left: calc(-60px \/ 2 );margin-right: calc(-60px \/ 2 );\"><div class=\"fusion-layout-column fusion_builder_column fusion-builder-column-3 fusion_builder_column_1_2 1_2 fusion-flex-column\" style=\"--awb-padding-left:;--awb-bg-color:var(--awb-color2);--awb-bg-color-hover:var(--awb-color2);--awb-bg-size:cover;--awb-border-color:var(--awb-color5);--awb-border-top:1px;--awb-border-right:1px;--awb-border-bottom:1px;--awb-border-left:1px;--awb-border-style:solid;--awb-width-large:50%;--awb-margin-top-large:0px;--awb-spacing-right-large:30px;--awb-margin-bottom-large:20px;--awb-spacing-left-large:30px;--awb-width-medium:100%;--awb-order-medium:1;--awb-spacing-right-medium:30px;--awb-spacing-left-medium:30px;--awb-width-small:100%;--awb-order-small:1;--awb-spacing-right-small:30px;--awb-spacing-left-small:30px;\"><div class=\"fusion-column-wrapper fusion-column-has-shadow fusion-flex-justify-content-flex-start fusion-content-layout-column\"><div class=\"awb-gallery-wrapper awb-gallery-wrapper-1 button-span-no\" style=\"--more-btn-alignment:center;margin-top:10px;margin-right:10px;margin-bottom:10px;margin-left:10px;\"><div style=\"margin:-15px;--awb-bordersize:0px;--awb-bordercolor:var(--awb-color6);--awb-caption-title-size:var(--awb-typography5-font-size);--awb-caption-title-transform:var(--awb-typography5-text-transform);--awb-caption-title-line-height:var(--awb-typography5-line-height);--awb-caption-title-letter-spacing:var(--awb-typography5-letter-spacing);--awb-caption-text-size:var(--awb-typography5-font-size);--awb-caption-text-transform:var(--awb-typography5-text-transform);--awb-caption-text-line-height:var(--awb-typography5-line-height);--awb-caption-text-letter-spacing:var(--awb-typography5-letter-spacing);--awb-caption-margin-top:10px;--awb-caption-title-font-family:&quot;open-sans&quot;;--awb-caption-title-font-style:normal;--awb-caption-title-font-weight:600;--awb-caption-text-font-family:var(--awb-typography5-font-family);--awb-caption-text-font-weight:var(--awb-typography5-font-weight);--awb-caption-text-font-style:var(--awb-typography5-font-style);\" class=\"fusion-gallery fusion-gallery-container fusion-grid-2 fusion-columns-total-12 fusion-gallery-layout-grid fusion-gallery-1\"><div style=\"padding:15px;\" class=\"fusion-grid-column fusion-gallery-column fusion-gallery-column-2 hover-type-none awb-imageframe-style awb-imageframe-style-below awb-imageframe-style-1\"><div class=\"fusion-gallery-image\"><a href=\"https:\/\/osb.org\/wp-content\/uploads\/2025\/03\/Adam.jpeg\" rel=\"noreferrer\" data-rel=\"iLightbox[gallery_image_1]\" class=\"fusion-lightbox\" target=\"_self\"><img decoding=\"async\" src=\"https:\/\/osb.org\/wp-content\/uploads\/2025\/03\/Adam.jpeg\" data-orig-src=\"https:\/\/osb.org\/wp-content\/uploads\/2025\/03\/Adam.jpeg\" width=\"1409\" height=\"1859\" alt=\"\" title=\"Ohne Titel (Adam)\" aria-label=\"Ohne Titel (Adam)\" class=\"lazyload img-responsive wp-image-14001\" srcset=\"data:image\/svg+xml,%3Csvg%20xmlns%3D%27http%3A%2F%2Fwww.w3.org%2F2000%2Fsvg%27%20width%3D%271409%27%20height%3D%271859%27%20viewBox%3D%270%200%201409%201859%27%3E%3Crect%20width%3D%271409%27%20height%3D%271859%27%20fill-opacity%3D%220%22%2F%3E%3C%2Fsvg%3E\" data-srcset=\"https:\/\/osb.org\/wp-content\/uploads\/2025\/03\/Adam-200x264.jpeg 200w, https:\/\/osb.org\/wp-content\/uploads\/2025\/03\/Adam-400x528.jpeg 400w, https:\/\/osb.org\/wp-content\/uploads\/2025\/03\/Adam-600x792.jpeg 600w, https:\/\/osb.org\/wp-content\/uploads\/2025\/03\/Adam-800x1056.jpeg 800w, https:\/\/osb.org\/wp-content\/uploads\/2025\/03\/Adam-1200x1583.jpeg 1200w, https:\/\/osb.org\/wp-content\/uploads\/2025\/03\/Adam.jpeg 1409w\" data-sizes=\"auto\" data-orig-sizes=\"(min-width: 2200px) 100vw, (min-width: 712px) 543px, (min-width: 640px) 712px, \" \/><\/a><\/div><div class=\"awb-imageframe-caption-container\"><div class=\"awb-imageframe-caption\"><h2 class=\"awb-imageframe-caption-title\">Ohne Titel (Adam)<\/h2><p class=\"awb-imageframe-caption-text\">Abtei Mont C\u00e9sar (Keizersberg-Abtei), L\u00f6wen, Belgien<\/p><\/div><\/div><\/div><div style=\"padding:15px;\" class=\"fusion-grid-column fusion-gallery-column fusion-gallery-column-2 hover-type-none awb-imageframe-style awb-imageframe-style-below awb-imageframe-style-1\"><div class=\"fusion-gallery-image\"><a href=\"https:\/\/osb.org\/wp-content\/uploads\/2025\/03\/Chicago.jpg\" rel=\"noreferrer\" data-rel=\"iLightbox[gallery_image_1]\" class=\"fusion-lightbox\" target=\"_self\"><img decoding=\"async\" src=\"https:\/\/osb.org\/wp-content\/uploads\/2025\/03\/Chicago.jpg\" data-orig-src=\"https:\/\/osb.org\/wp-content\/uploads\/2025\/03\/Chicago.jpg\" width=\"1093\" height=\"1798\" alt=\"\" title=\"Madonna mit Kind von Chicago bei Nacht\" aria-label=\"Madonna mit Kind von Chicago bei Nacht\" class=\"lazyload img-responsive wp-image-14002\" srcset=\"data:image\/svg+xml,%3Csvg%20xmlns%3D%27http%3A%2F%2Fwww.w3.org%2F2000%2Fsvg%27%20width%3D%271093%27%20height%3D%271798%27%20viewBox%3D%270%200%201093%201798%27%3E%3Crect%20width%3D%271093%27%20height%3D%271798%27%20fill-opacity%3D%220%22%2F%3E%3C%2Fsvg%3E\" data-srcset=\"https:\/\/osb.org\/wp-content\/uploads\/2025\/03\/Chicago-200x329.jpg 200w, https:\/\/osb.org\/wp-content\/uploads\/2025\/03\/Chicago-400x658.jpg 400w, https:\/\/osb.org\/wp-content\/uploads\/2025\/03\/Chicago-600x987.jpg 600w, https:\/\/osb.org\/wp-content\/uploads\/2025\/03\/Chicago-800x1316.jpg 800w, https:\/\/osb.org\/wp-content\/uploads\/2025\/03\/Chicago.jpg 1093w\" data-sizes=\"auto\" data-orig-sizes=\"(min-width: 2200px) 100vw, (min-width: 712px) 543px, (min-width: 640px) 712px, \" \/><\/a><\/div><div class=\"awb-imageframe-caption-container\"><div class=\"awb-imageframe-caption\"><h2 class=\"awb-imageframe-caption-title\">Madonna mit Kind von Chicago bei Nacht<\/h2><p class=\"awb-imageframe-caption-text\">Privatsammlung, USA<\/p><\/div><\/div><\/div><div class=\"clearfix\"><\/div><div style=\"padding:15px;\" class=\"fusion-grid-column fusion-gallery-column fusion-gallery-column-2 hover-type-none awb-imageframe-style awb-imageframe-style-below awb-imageframe-style-1\"><div class=\"fusion-gallery-image\"><a href=\"https:\/\/osb.org\/wp-content\/uploads\/2025\/03\/Long-Pieta.jpg\" rel=\"noreferrer\" data-rel=\"iLightbox[gallery_image_1]\" class=\"fusion-lightbox\" target=\"_self\"><img decoding=\"async\" src=\"https:\/\/osb.org\/wp-content\/uploads\/2025\/03\/Long-Pieta.jpg\" data-orig-src=\"https:\/\/osb.org\/wp-content\/uploads\/2025\/03\/Long-Pieta.jpg\" width=\"735\" height=\"544\" alt=\"\" title=\"Piet\u00e0 (Exvoto)\" aria-label=\"Piet\u00e0 (Exvoto)\" class=\"lazyload img-responsive wp-image-14003\" srcset=\"data:image\/svg+xml,%3Csvg%20xmlns%3D%27http%3A%2F%2Fwww.w3.org%2F2000%2Fsvg%27%20width%3D%27735%27%20height%3D%27544%27%20viewBox%3D%270%200%20735%20544%27%3E%3Crect%20width%3D%27735%27%20height%3D%27544%27%20fill-opacity%3D%220%22%2F%3E%3C%2Fsvg%3E\" data-srcset=\"https:\/\/osb.org\/wp-content\/uploads\/2025\/03\/Long-Pieta-200x148.jpg 200w, https:\/\/osb.org\/wp-content\/uploads\/2025\/03\/Long-Pieta-400x296.jpg 400w, https:\/\/osb.org\/wp-content\/uploads\/2025\/03\/Long-Pieta-600x444.jpg 600w, https:\/\/osb.org\/wp-content\/uploads\/2025\/03\/Long-Pieta.jpg 735w\" data-sizes=\"auto\" data-orig-sizes=\"(min-width: 2200px) 100vw, (min-width: 712px) 543px, (min-width: 640px) 712px, \" \/><\/a><\/div><div class=\"awb-imageframe-caption-container\"><div class=\"awb-imageframe-caption\"><h2 class=\"awb-imageframe-caption-title\">Piet\u00e0 (Exvoto)<\/h2><p class=\"awb-imageframe-caption-text\">Einsiedelei Notre-Dame de Longeborgne, Sion, Schweiz<\/p><\/div><\/div><\/div><div style=\"padding:15px;\" class=\"fusion-grid-column fusion-gallery-column fusion-gallery-column-2 hover-type-none awb-imageframe-style awb-imageframe-style-below awb-imageframe-style-1\"><div class=\"fusion-gallery-image\"><a href=\"https:\/\/osb.org\/wp-content\/uploads\/2025\/03\/Mauritius-Lafy-Carmel.jpg\" rel=\"noreferrer\" data-rel=\"iLightbox[gallery_image_1]\" class=\"fusion-lightbox\" target=\"_self\"><img decoding=\"async\" src=\"https:\/\/osb.org\/wp-content\/uploads\/2025\/03\/Mauritius-Lafy-Carmel.jpg\" data-orig-src=\"https:\/\/osb.org\/wp-content\/uploads\/2025\/03\/Mauritius-Lafy-Carmel.jpg\" width=\"592\" height=\"924\" alt=\"\" title=\"Heiliger Mauritius\" aria-label=\"Heiliger Mauritius\" class=\"lazyload img-responsive wp-image-14004\" srcset=\"data:image\/svg+xml,%3Csvg%20xmlns%3D%27http%3A%2F%2Fwww.w3.org%2F2000%2Fsvg%27%20width%3D%27592%27%20height%3D%27924%27%20viewBox%3D%270%200%20592%20924%27%3E%3Crect%20width%3D%27592%27%20height%3D%27924%27%20fill-opacity%3D%220%22%2F%3E%3C%2Fsvg%3E\" data-srcset=\"https:\/\/osb.org\/wp-content\/uploads\/2025\/03\/Mauritius-Lafy-Carmel-200x312.jpg 200w, https:\/\/osb.org\/wp-content\/uploads\/2025\/03\/Mauritius-Lafy-Carmel-400x624.jpg 400w, https:\/\/osb.org\/wp-content\/uploads\/2025\/03\/Mauritius-Lafy-Carmel.jpg 592w\" data-sizes=\"auto\" data-orig-sizes=\"(min-width: 2200px) 100vw, (min-width: 712px) 543px, (min-width: 640px) 712px, \" \/><\/a><\/div><div class=\"awb-imageframe-caption-container\"><div class=\"awb-imageframe-caption\"><h2 class=\"awb-imageframe-caption-title\">Heiliger Mauritius<\/h2><p class=\"awb-imageframe-caption-text\">Privatsammlung, USA<\/p><\/div><\/div><\/div><div class=\"clearfix\"><\/div><div style=\"padding:15px;\" class=\"fusion-grid-column fusion-gallery-column fusion-gallery-column-2 hover-type-none awb-imageframe-style awb-imageframe-style-below awb-imageframe-style-1\"><div class=\"fusion-gallery-image\"><a href=\"https:\/\/osb.org\/wp-content\/uploads\/2025\/03\/Metten-Ben-and-Schol.jpg\" rel=\"noreferrer\" data-rel=\"iLightbox[gallery_image_1]\" class=\"fusion-lightbox\" target=\"_self\"><img decoding=\"async\" src=\"https:\/\/osb.org\/wp-content\/uploads\/2025\/03\/Metten-Ben-and-Schol.jpg\" data-orig-src=\"https:\/\/osb.org\/wp-content\/uploads\/2025\/03\/Metten-Ben-and-Schol.jpg\" width=\"736\" height=\"781\" alt=\"\" title=\"Das heilige Gespr\u00e4ch der Heiligen Benedikt und Scholastika\" aria-label=\"Das heilige Gespr\u00e4ch der Heiligen Benedikt und Scholastika\" class=\"lazyload img-responsive wp-image-14005\" srcset=\"data:image\/svg+xml,%3Csvg%20xmlns%3D%27http%3A%2F%2Fwww.w3.org%2F2000%2Fsvg%27%20width%3D%27736%27%20height%3D%27781%27%20viewBox%3D%270%200%20736%20781%27%3E%3Crect%20width%3D%27736%27%20height%3D%27781%27%20fill-opacity%3D%220%22%2F%3E%3C%2Fsvg%3E\" data-srcset=\"https:\/\/osb.org\/wp-content\/uploads\/2025\/03\/Metten-Ben-and-Schol-200x212.jpg 200w, https:\/\/osb.org\/wp-content\/uploads\/2025\/03\/Metten-Ben-and-Schol-400x424.jpg 400w, https:\/\/osb.org\/wp-content\/uploads\/2025\/03\/Metten-Ben-and-Schol-600x637.jpg 600w, https:\/\/osb.org\/wp-content\/uploads\/2025\/03\/Metten-Ben-and-Schol.jpg 736w\" data-sizes=\"auto\" data-orig-sizes=\"(min-width: 2200px) 100vw, (min-width: 712px) 543px, (min-width: 640px) 712px, \" \/><\/a><\/div><div class=\"awb-imageframe-caption-container\"><div class=\"awb-imageframe-caption\"><h2 class=\"awb-imageframe-caption-title\">Das heilige Gespr\u00e4ch der Heiligen Benedikt und Scholastika<\/h2><p class=\"awb-imageframe-caption-text\">Erzabtei Sankt Michael, Metten, Deutschland<\/p><\/div><\/div><\/div><div style=\"padding:15px;\" class=\"fusion-grid-column fusion-gallery-column fusion-gallery-column-2 hover-type-none awb-imageframe-style awb-imageframe-style-below awb-imageframe-style-1\"><div class=\"fusion-gallery-image\"><a href=\"https:\/\/osb.org\/wp-content\/uploads\/2025\/03\/Saint-Anselm-Eph-5.25.jpg\" rel=\"noreferrer\" data-rel=\"iLightbox[gallery_image_1]\" class=\"fusion-lightbox\" target=\"_self\"><img decoding=\"async\" src=\"https:\/\/osb.org\/wp-content\/uploads\/2025\/03\/Saint-Anselm-Eph-5.25.jpg\" data-orig-src=\"https:\/\/osb.org\/wp-content\/uploads\/2025\/03\/Saint-Anselm-Eph-5.25.jpg\" width=\"533\" height=\"716\" alt=\"\" title=\"Christus liebte die Kirche und gab sich f\u00fcr sie hin (Eph 5,25)\" aria-label=\"Christus liebte die Kirche und gab sich f\u00fcr sie hin (Eph 5,25)\" class=\"lazyload img-responsive wp-image-14006\" srcset=\"data:image\/svg+xml,%3Csvg%20xmlns%3D%27http%3A%2F%2Fwww.w3.org%2F2000%2Fsvg%27%20width%3D%27533%27%20height%3D%27716%27%20viewBox%3D%270%200%20533%20716%27%3E%3Crect%20width%3D%27533%27%20height%3D%27716%27%20fill-opacity%3D%220%22%2F%3E%3C%2Fsvg%3E\" data-srcset=\"https:\/\/osb.org\/wp-content\/uploads\/2025\/03\/Saint-Anselm-Eph-5.25-200x269.jpg 200w, https:\/\/osb.org\/wp-content\/uploads\/2025\/03\/Saint-Anselm-Eph-5.25-400x537.jpg 400w, https:\/\/osb.org\/wp-content\/uploads\/2025\/03\/Saint-Anselm-Eph-5.25.jpg 533w\" data-sizes=\"auto\" data-orig-sizes=\"(min-width: 2200px) 100vw, (min-width: 712px) 543px, (min-width: 640px) 712px, \" \/><\/a><\/div><div class=\"awb-imageframe-caption-container\"><div class=\"awb-imageframe-caption\"><h2 class=\"awb-imageframe-caption-title\">Christus liebte die Kirche und gab sich f\u00fcr sie hin (Eph 5,25)<\/h2><p class=\"awb-imageframe-caption-text\">Kirche St. Anselm, Madisonville, Louisiana, USA<\/p><\/div><\/div><\/div><div class=\"clearfix\"><\/div><div style=\"padding:15px;\" class=\"fusion-grid-column fusion-gallery-column fusion-gallery-column-2 hover-type-none awb-imageframe-style awb-imageframe-style-below awb-imageframe-style-1\"><div class=\"fusion-gallery-image\"><a href=\"https:\/\/osb.org\/wp-content\/uploads\/2025\/03\/SO-Eternal-Spring.jpg\" rel=\"noreferrer\" data-rel=\"iLightbox[gallery_image_1]\" class=\"fusion-lightbox\" target=\"_self\"><img decoding=\"async\" src=\"https:\/\/osb.org\/wp-content\/uploads\/2025\/03\/SO-Eternal-Spring.jpg\" data-orig-src=\"https:\/\/osb.org\/wp-content\/uploads\/2025\/03\/SO-Eternal-Spring.jpg\" width=\"735\" height=\"558\" alt=\"\" title=\"Ewiger Fr\u00fchling (Detail von \u201eQuasi modo geniti infantes\u201c)\" aria-label=\"Ewiger Fr\u00fchling (Detail von \u201eQuasi modo geniti infantes\u201c)\" class=\"lazyload img-responsive wp-image-14007\" srcset=\"data:image\/svg+xml,%3Csvg%20xmlns%3D%27http%3A%2F%2Fwww.w3.org%2F2000%2Fsvg%27%20width%3D%27735%27%20height%3D%27558%27%20viewBox%3D%270%200%20735%20558%27%3E%3Crect%20width%3D%27735%27%20height%3D%27558%27%20fill-opacity%3D%220%22%2F%3E%3C%2Fsvg%3E\" data-srcset=\"https:\/\/osb.org\/wp-content\/uploads\/2025\/03\/SO-Eternal-Spring-200x152.jpg 200w, https:\/\/osb.org\/wp-content\/uploads\/2025\/03\/SO-Eternal-Spring-400x304.jpg 400w, https:\/\/osb.org\/wp-content\/uploads\/2025\/03\/SO-Eternal-Spring-600x456.jpg 600w, https:\/\/osb.org\/wp-content\/uploads\/2025\/03\/SO-Eternal-Spring.jpg 735w\" data-sizes=\"auto\" data-orig-sizes=\"(min-width: 2200px) 100vw, (min-width: 712px) 543px, (min-width: 640px) 712px, \" \/><\/a><\/div><div class=\"awb-imageframe-caption-container\"><div class=\"awb-imageframe-caption\"><h2 class=\"awb-imageframe-caption-title\">Ewiger Fr\u00fchling (Detail von \u201eQuasi modo geniti infantes\u201c)<\/h2><p class=\"awb-imageframe-caption-text\">Erzabtei Sankt Ottilien, Deutschland<\/p><\/div><\/div><\/div><div style=\"padding:15px;\" class=\"fusion-grid-column fusion-gallery-column fusion-gallery-column-2 hover-type-none awb-imageframe-style awb-imageframe-style-below awb-imageframe-style-1\"><div class=\"fusion-gallery-image\"><a href=\"https:\/\/osb.org\/wp-content\/uploads\/2025\/03\/VIII-Hilversum.jpg\" rel=\"noreferrer\" data-rel=\"iLightbox[gallery_image_1]\" class=\"fusion-lightbox\" target=\"_self\"><img decoding=\"async\" src=\"https:\/\/osb.org\/wp-content\/uploads\/2025\/03\/VIII-Hilversum.jpg\" data-orig-src=\"https:\/\/osb.org\/wp-content\/uploads\/2025\/03\/VIII-Hilversum.jpg\" width=\"735\" height=\"740\" alt=\"\" title=\"Jesus begegnet den Frauen von Jerusalem (Station VIII)\" aria-label=\"Jesus begegnet den Frauen von Jerusalem (Station VIII)\" class=\"lazyload img-responsive wp-image-14008\" srcset=\"data:image\/svg+xml,%3Csvg%20xmlns%3D%27http%3A%2F%2Fwww.w3.org%2F2000%2Fsvg%27%20width%3D%27735%27%20height%3D%27740%27%20viewBox%3D%270%200%20735%20740%27%3E%3Crect%20width%3D%27735%27%20height%3D%27740%27%20fill-opacity%3D%220%22%2F%3E%3C%2Fsvg%3E\" data-srcset=\"https:\/\/osb.org\/wp-content\/uploads\/2025\/03\/VIII-Hilversum-200x201.jpg 200w, https:\/\/osb.org\/wp-content\/uploads\/2025\/03\/VIII-Hilversum-400x403.jpg 400w, https:\/\/osb.org\/wp-content\/uploads\/2025\/03\/VIII-Hilversum-600x604.jpg 600w, https:\/\/osb.org\/wp-content\/uploads\/2025\/03\/VIII-Hilversum.jpg 735w\" data-sizes=\"auto\" data-orig-sizes=\"(min-width: 2200px) 100vw, (min-width: 712px) 543px, (min-width: 640px) 712px, \" \/><\/a><\/div><div class=\"awb-imageframe-caption-container\"><div class=\"awb-imageframe-caption\"><h2 class=\"awb-imageframe-caption-title\">Jesus begegnet den Frauen von Jerusalem (Station VIII)<\/h2><p class=\"awb-imageframe-caption-text\">Kirche St. Josef, Hilversum, Niederlande | Von Rijksdienst voor het Cultureel Erfgoed, CC BY-SA 4.0, <a href=\"https:\/\/commons.wikimedia.org\/w\/index.php?curid=24012847\" target=\"_blank\">Link<\/a><\/p><\/div><\/div><\/div><div class=\"clearfix\"><\/div><div style=\"padding:15px;\" class=\"fusion-grid-column fusion-gallery-column fusion-gallery-column-2 hover-type-none awb-imageframe-style awb-imageframe-style-below awb-imageframe-style-1\"><div class=\"fusion-gallery-image\"><a href=\"https:\/\/osb.org\/wp-content\/uploads\/2025\/03\/XI-Pontisse-NDBS-scaled.jpeg\" rel=\"noreferrer\" data-rel=\"iLightbox[gallery_image_1]\" class=\"fusion-lightbox\" target=\"_self\"><img decoding=\"async\" src=\"https:\/\/osb.org\/wp-content\/uploads\/2025\/03\/XI-Pontisse-NDBS-scaled.jpeg\" data-orig-src=\"https:\/\/osb.org\/wp-content\/uploads\/2025\/03\/XI-Pontisse-NDBS-scaled.jpeg\" width=\"2560\" height=\"2048\" alt=\"\" title=\"Jesus wird ans Kreuz genagelt (Station XI)\" aria-label=\"Jesus wird ans Kreuz genagelt (Station XI)\" class=\"lazyload img-responsive wp-image-14009\" srcset=\"data:image\/svg+xml,%3Csvg%20xmlns%3D%27http%3A%2F%2Fwww.w3.org%2F2000%2Fsvg%27%20width%3D%272560%27%20height%3D%272048%27%20viewBox%3D%270%200%202560%202048%27%3E%3Crect%20width%3D%272560%27%20height%3D%272048%27%20fill-opacity%3D%220%22%2F%3E%3C%2Fsvg%3E\" data-srcset=\"https:\/\/osb.org\/wp-content\/uploads\/2025\/03\/XI-Pontisse-NDBS-200x160.jpeg 200w, https:\/\/osb.org\/wp-content\/uploads\/2025\/03\/XI-Pontisse-NDBS-400x320.jpeg 400w, https:\/\/osb.org\/wp-content\/uploads\/2025\/03\/XI-Pontisse-NDBS-600x480.jpeg 600w, https:\/\/osb.org\/wp-content\/uploads\/2025\/03\/XI-Pontisse-NDBS-800x640.jpeg 800w, https:\/\/osb.org\/wp-content\/uploads\/2025\/03\/XI-Pontisse-NDBS-1200x960.jpeg 1200w, https:\/\/osb.org\/wp-content\/uploads\/2025\/03\/XI-Pontisse-NDBS-scaled.jpeg 2560w\" data-sizes=\"auto\" data-orig-sizes=\"(min-width: 2200px) 100vw, (min-width: 712px) 543px, (min-width: 640px) 712px, \" \/><\/a><\/div><div class=\"awb-imageframe-caption-container\"><div class=\"awb-imageframe-caption\"><h2 class=\"awb-imageframe-caption-title\">Jesus wird ans Kreuz genagelt (Station XI)<\/h2><p class=\"awb-imageframe-caption-text\">Notre-Dame de Bon-Secours, Pontisse, Belgien<\/p><\/div><\/div><\/div><div style=\"padding:15px;\" class=\"fusion-grid-column fusion-gallery-column fusion-gallery-column-2 hover-type-none awb-imageframe-style awb-imageframe-style-below awb-imageframe-style-1\"><div class=\"fusion-gallery-image\"><a href=\"https:\/\/osb.org\/wp-content\/uploads\/2025\/03\/XIV-SR-NOLA-scaled.jpg\" rel=\"noreferrer\" data-rel=\"iLightbox[gallery_image_1]\" class=\"fusion-lightbox\" target=\"_self\"><img decoding=\"async\" src=\"https:\/\/osb.org\/wp-content\/uploads\/2025\/03\/XIV-SR-NOLA-scaled.jpg\" data-orig-src=\"https:\/\/osb.org\/wp-content\/uploads\/2025\/03\/XIV-SR-NOLA-scaled.jpg\" width=\"2560\" height=\"1512\" alt=\"\" title=\"Jesus wird ins Grab gelegt (Station XIV)\" aria-label=\"Jesus wird ins Grab gelegt (Station XIV)\" class=\"lazyload img-responsive wp-image-14010\" srcset=\"data:image\/svg+xml,%3Csvg%20xmlns%3D%27http%3A%2F%2Fwww.w3.org%2F2000%2Fsvg%27%20width%3D%272560%27%20height%3D%271512%27%20viewBox%3D%270%200%202560%201512%27%3E%3Crect%20width%3D%272560%27%20height%3D%271512%27%20fill-opacity%3D%220%22%2F%3E%3C%2Fsvg%3E\" data-srcset=\"https:\/\/osb.org\/wp-content\/uploads\/2025\/03\/XIV-SR-NOLA-200x118.jpg 200w, https:\/\/osb.org\/wp-content\/uploads\/2025\/03\/XIV-SR-NOLA-400x236.jpg 400w, https:\/\/osb.org\/wp-content\/uploads\/2025\/03\/XIV-SR-NOLA-600x354.jpg 600w, https:\/\/osb.org\/wp-content\/uploads\/2025\/03\/XIV-SR-NOLA-800x473.jpg 800w, https:\/\/osb.org\/wp-content\/uploads\/2025\/03\/XIV-SR-NOLA-1200x709.jpg 1200w, https:\/\/osb.org\/wp-content\/uploads\/2025\/03\/XIV-SR-NOLA-scaled.jpg 2560w\" data-sizes=\"auto\" data-orig-sizes=\"(min-width: 2200px) 100vw, (min-width: 712px) 543px, (min-width: 640px) 712px, \" \/><\/a><\/div><div class=\"awb-imageframe-caption-container\"><div class=\"awb-imageframe-caption\"><h2 class=\"awb-imageframe-caption-title\">Jesus wird ins Grab gelegt (Station XIV)<\/h2><p class=\"awb-imageframe-caption-text\">Kirche St. Raphael (jetzt umbenannt in St. Martin de Porres), New Orleans, Louisiana, USA: Pfarrarchiv<\/p><\/div><\/div><\/div><div class=\"clearfix\"><\/div><div style=\"padding:15px;\" class=\"fusion-grid-column fusion-gallery-column fusion-gallery-column-2 hover-type-none awb-imageframe-style awb-imageframe-style-below awb-imageframe-style-1\"><div class=\"fusion-gallery-image\"><a href=\"https:\/\/osb.org\/wp-content\/uploads\/2025\/03\/XIV-Straubing.jpg\" rel=\"noreferrer\" data-rel=\"iLightbox[gallery_image_1]\" class=\"fusion-lightbox\" target=\"_self\"><img decoding=\"async\" src=\"https:\/\/osb.org\/wp-content\/uploads\/2025\/03\/XIV-Straubing.jpg\" data-orig-src=\"https:\/\/osb.org\/wp-content\/uploads\/2025\/03\/XIV-Straubing.jpg\" width=\"1572\" height=\"708\" alt=\"\" title=\"Jesus wird ins Grab gelegt (Station XIV)\" aria-label=\"Jesus wird ins Grab gelegt (Station XIV)\" class=\"lazyload img-responsive wp-image-14011\" srcset=\"data:image\/svg+xml,%3Csvg%20xmlns%3D%27http%3A%2F%2Fwww.w3.org%2F2000%2Fsvg%27%20width%3D%271572%27%20height%3D%27708%27%20viewBox%3D%270%200%201572%20708%27%3E%3Crect%20width%3D%271572%27%20height%3D%27708%27%20fill-opacity%3D%220%22%2F%3E%3C%2Fsvg%3E\" data-srcset=\"https:\/\/osb.org\/wp-content\/uploads\/2025\/03\/XIV-Straubing-200x90.jpg 200w, https:\/\/osb.org\/wp-content\/uploads\/2025\/03\/XIV-Straubing-400x180.jpg 400w, https:\/\/osb.org\/wp-content\/uploads\/2025\/03\/XIV-Straubing-600x270.jpg 600w, https:\/\/osb.org\/wp-content\/uploads\/2025\/03\/XIV-Straubing-800x360.jpg 800w, https:\/\/osb.org\/wp-content\/uploads\/2025\/03\/XIV-Straubing-1200x540.jpg 1200w, https:\/\/osb.org\/wp-content\/uploads\/2025\/03\/XIV-Straubing.jpg 1572w\" data-sizes=\"auto\" data-orig-sizes=\"(min-width: 2200px) 100vw, (min-width: 712px) 543px, (min-width: 640px) 712px, \" \/><\/a><\/div><div class=\"awb-imageframe-caption-container\"><div class=\"awb-imageframe-caption\"><h2 class=\"awb-imageframe-caption-title\">Jesus wird ins Grab gelegt (Station XIV)<\/h2><p class=\"awb-imageframe-caption-text\">Verbleib unbekannt. Urspr\u00fcnglicher Standort: Kirche St. Josef, Straubing, Deutschland | Archiv der Erzabtei Sankt Michael <\/p><\/div><\/div><\/div><div style=\"padding:15px;\" class=\"fusion-grid-column fusion-gallery-column fusion-gallery-column-2 hover-type-none awb-imageframe-style awb-imageframe-style-below awb-imageframe-style-1\"><div class=\"fusion-gallery-image\"><a href=\"https:\/\/osb.org\/wp-content\/uploads\/2025\/03\/GdW-Lawrence-ICON_lg.jpeg\" rel=\"noreferrer\" data-rel=\"iLightbox[gallery_image_1]\" class=\"fusion-lightbox\" target=\"_self\"><img decoding=\"async\" src=\"https:\/\/osb.org\/wp-content\/uploads\/2025\/03\/GdW-Lawrence-ICON_lg.jpeg\" data-orig-src=\"https:\/\/osb.org\/wp-content\/uploads\/2025\/03\/GdW-Lawrence-ICON_lg.jpeg\" width=\"989\" height=\"1280\" alt=\"\" title=\"Heiliger Laurentius\" aria-label=\"Heiliger Laurentius\" class=\"lazyload img-responsive wp-image-14012\" srcset=\"data:image\/svg+xml,%3Csvg%20xmlns%3D%27http%3A%2F%2Fwww.w3.org%2F2000%2Fsvg%27%20width%3D%27989%27%20height%3D%271280%27%20viewBox%3D%270%200%20989%201280%27%3E%3Crect%20width%3D%27989%27%20height%3D%271280%27%20fill-opacity%3D%220%22%2F%3E%3C%2Fsvg%3E\" data-srcset=\"https:\/\/osb.org\/wp-content\/uploads\/2025\/03\/GdW-Lawrence-ICON_lg-200x259.jpeg 200w, https:\/\/osb.org\/wp-content\/uploads\/2025\/03\/GdW-Lawrence-ICON_lg-400x518.jpeg 400w, https:\/\/osb.org\/wp-content\/uploads\/2025\/03\/GdW-Lawrence-ICON_lg-600x777.jpeg 600w, https:\/\/osb.org\/wp-content\/uploads\/2025\/03\/GdW-Lawrence-ICON_lg-800x1035.jpeg 800w, https:\/\/osb.org\/wp-content\/uploads\/2025\/03\/GdW-Lawrence-ICON_lg.jpeg 989w\" data-sizes=\"auto\" data-orig-sizes=\"(min-width: 2200px) 100vw, (min-width: 712px) 543px, (min-width: 640px) 712px, \" \/><\/a><\/div><div class=\"awb-imageframe-caption-container\"><div class=\"awb-imageframe-caption\"><h2 class=\"awb-imageframe-caption-title\">Heiliger Laurentius<\/h2><p class=\"awb-imageframe-caption-text\">Pfarrei Heiliger Laurentius, Antwerpen, Belgien<\/p><\/div><\/div><\/div><div class=\"clearfix\"><\/div><\/div><\/div><\/div><\/div><div class=\"fusion-layout-column fusion_builder_column fusion-builder-column-4 fusion_builder_column_1_2 1_2 fusion-flex-column\" style=\"--awb-bg-blend:overlay;--awb-bg-size:cover;--awb-width-large:50%;--awb-margin-top-large:0px;--awb-spacing-right-large:30px;--awb-margin-bottom-large:20px;--awb-spacing-left-large:30px;--awb-width-medium:75%;--awb-order-medium:0;--awb-spacing-right-medium:30px;--awb-spacing-left-medium:30px;--awb-width-small:100%;--awb-order-small:0;--awb-spacing-right-small:30px;--awb-spacing-left-small:30px;\"><div class=\"fusion-column-wrapper fusion-flex-justify-content-flex-start fusion-content-layout-column\"><div class=\"fusion-builder-row fusion-builder-row-inner fusion-row fusion-flex-align-items-flex-start fusion-flex-justify-content-center fusion-flex-content-wrap\" style=\"--awb-flex-grow:0;--awb-flex-grow-medium:0;--awb-flex-grow-small:0;--awb-flex-shrink:0;--awb-flex-shrink-medium:0;--awb-flex-shrink-small:0;width:calc( 100% + 60px ) !important;max-width:calc( 100% + 60px ) !important;margin-left: calc(-60px \/ 2 );margin-right: calc(-60px \/ 2 );\"><div class=\"fusion-layout-column fusion_builder_column_inner fusion-builder-nested-column-0 fusion_builder_column_inner_1_2 1_2 fusion-flex-column fusion-flex-align-self-center\" style=\"--awb-bg-size:cover;--awb-width-large:50%;--awb-margin-top-large:0px;--awb-spacing-right-large:30px;--awb-margin-bottom-large:0px;--awb-spacing-left-large:30px;--awb-width-medium:50%;--awb-order-medium:0;--awb-spacing-right-medium:30px;--awb-spacing-left-medium:30px;--awb-width-small:100%;--awb-order-small:1;--awb-spacing-right-small:30px;--awb-margin-bottom-small:20px;--awb-spacing-left-small:30px;\"><div class=\"fusion-column-wrapper fusion-column-has-shadow fusion-flex-justify-content-center fusion-content-layout-column\"><div class=\"fusion-text fusion-text-3 fusion-text-no-margin\" style=\"--awb-font-size:var(--awb-typography5-font-size);--awb-line-height:var(--awb-typography5-line-height);--awb-letter-spacing:var(--awb-typography5-letter-spacing);--awb-text-transform:var(--awb-typography5-text-transform);--awb-text-color:var(--awb-custom11);--awb-margin-top:0px;--awb-margin-right:0px;--awb-margin-bottom:0px;--awb-margin-left:0px;--awb-text-font-family:var(--awb-typography5-font-family);--awb-text-font-weight:var(--awb-typography5-font-weight);--awb-text-font-style:var(--awb-typography5-font-style);\"><p>24 M\u00e4rz 2025<\/p>\n<\/div><\/div><\/div><div class=\"fusion-layout-column fusion_builder_column_inner fusion-builder-nested-column-1 fusion_builder_column_inner_1_2 1_2 fusion-flex-column fusion-flex-align-self-center\" style=\"--awb-bg-size:cover;--awb-width-large:50%;--awb-margin-top-large:0px;--awb-spacing-right-large:30px;--awb-margin-bottom-large:0px;--awb-spacing-left-large:30px;--awb-width-medium:50%;--awb-order-medium:0;--awb-spacing-right-medium:30px;--awb-spacing-left-medium:30px;--awb-width-small:100%;--awb-order-small:0;--awb-margin-top-small:0px;--awb-spacing-right-small:30px;--awb-spacing-left-small:30px;\"><div class=\"fusion-column-wrapper fusion-column-has-shadow fusion-flex-justify-content-center fusion-content-layout-column\"><div class=\"fusion-sharing-box fusion-sharing-box-1 boxed-icons\" style=\"background-color:var(--awb-color1);border-color:var(--awb-color1);--awb-margin-top:0px;--awb-margin-right:0px;--awb-margin-bottom:0px;--awb-margin-left:0px;--awb-wrapper-padding-top:0px;--awb-wrapper-padding-right:0px;--awb-wrapper-padding-bottom:0px;--awb-wrapper-padding-left:0px;--awb-padding-top:0px;--awb-padding-right:0px;--awb-padding-bottom:0px;--awb-padding-left:0px;--awb-border-top:0px;--awb-border-right:0px;--awb-border-bottom:0px;--awb-border-left:0px;--awb-icon-size:12px;--awb-separator-border-color:#cccccc;--awb-separator-border-sizes:0px;--awb-stacked-align:flex-end;--awb-layout:row;--awb-alignment-small:flex-end;--awb-stacked-align-small:center;\" data-title=\"Aufruf zur Crowdsourcing-Recherche: Dom Gregory de Wit OSB\" data-description=\"Your Content Goes Here \r\n\r\nDom Gregory de Wit, ein Benediktinerk\u00fcnstler, hinterlie\u00df ein tiefgreifendes, doch oft \u00fcbersehenes Erbe durch seine monumentalen Wandgem\u00e4lde und religi\u00f6sen Kunstwerke in ganz Europa und den USA. Eine Retrospektive im Jahr 2025 in Deutschland zielt darauf ab, seine Beitr\u00e4ge zu dokumentieren, wobei die Organisatoren zus\u00e4tzliche Informationen zu seinen weniger bekannten Werken suchen.\" data-link=\"https:\/\/osb.org\/de\/2025\/03\/24\/aufruf-zur-crowdsourcing-recherche-dom-gregory-de-wit-osb\/\"><div class=\"fusion-social-networks sharingbox-shortcode-icon-wrapper sharingbox-shortcode-icon-wrapper-1 boxed-icons\"><span><a href=\"https:\/\/www.facebook.com\/sharer.php?u=https%3A%2F%2Fosb.org%2Fde%2F2025%2F03%2F24%2Faufruf-zur-crowdsourcing-recherche-dom-gregory-de-wit-osb%2F&amp;t=Aufruf%20zur%20Crowdsourcing-Recherche%3A%20Dom%20Gregory%20de%20Wit%20OSB\" target=\"_blank\" rel=\"noreferrer\" title=\"Facebook\" aria-label=\"Facebook\"><i class=\"fusion-social-network-icon fusion-tooltip fusion-facebook awb-icon-facebook\" style=\"color:var(--awb-custom11);background-color:#e8e8e8;border-color:#e8e8e8;border-radius:50%;\" aria-hidden=\"true\"><\/i><\/a><\/span><span><a href=\"https:\/\/x.com\/intent\/post?text=Aufruf%20zur%20Crowdsourcing-Recherche%3A%20Dom%20Gregory%20de%20Wit%20OSB&amp;url=https%3A%2F%2Fosb.org%2Fde%2F2025%2F03%2F24%2Faufruf-zur-crowdsourcing-recherche-dom-gregory-de-wit-osb%2F\" target=\"_blank\" rel=\"noopener noreferrer\" title=\"X\" aria-label=\"X\"><i class=\"fusion-social-network-icon fusion-tooltip fusion-twitter awb-icon-twitter\" style=\"color:var(--awb-custom11);background-color:#e8e8e8;border-color:#e8e8e8;border-radius:50%;\" aria-hidden=\"true\"><\/i><\/a><\/span><span><a href=\"https:\/\/api.whatsapp.com\/send?text=https%3A%2F%2Fosb.org%2Fde%2F2025%2F03%2F24%2Faufruf-zur-crowdsourcing-recherche-dom-gregory-de-wit-osb%2F\" target=\"_blank\" rel=\"noopener noreferrer\" title=\"WhatsApp\" aria-label=\"WhatsApp\"><i class=\"fusion-social-network-icon fusion-tooltip fusion-whatsapp awb-icon-whatsapp\" style=\"color:var(--awb-custom11);background-color:#e8e8e8;border-color:#e8e8e8;border-radius:50%;\" aria-hidden=\"true\"><\/i><\/a><\/span><span><a href=\"mailto:?subject=Aufruf%20zur%20Crowdsourcing-Recherche%3A%20Dom%20Gregory%20de%20Wit%20OSB&amp;body=https%3A%2F%2Fosb.org%2Fde%2F2025%2F03%2F24%2Faufruf-zur-crowdsourcing-recherche-dom-gregory-de-wit-osb%2F\" target=\"_self\" title=\"Email\" aria-label=\"Email\"><i class=\"fusion-social-network-icon fusion-tooltip fusion-mail awb-icon-mail\" style=\"color:var(--awb-custom11);background-color:#e8e8e8;border-color:#e8e8e8;border-radius:50%;\" aria-hidden=\"true\"><\/i><\/a><\/span><\/div><\/div><\/div><\/div><\/div><div class=\"fusion-text fusion-text-4\" style=\"--awb-margin-top:10px;\"><p>von Edward Begnaud<br \/>\ngregorydewit.info@gmail.com<\/p>\n<p>Die einflussreiche Rolle, die Benediktiner in allen Aspekten des kirchlichen Lebens gespielt haben, ist unbestreitbar. In der langen Liste bedeutender Pers\u00f6nlichkeiten, die den Weg wiesen, werden viele andere von \u201egutem Eifer\u201c (RB 72:1) \u00fcbersehen. Wenn die stillen Mauern des Klosters nur sprechen k\u00f6nnten, w\u00fcrde man viel von den Nachkommen Benedikts erfahren, die nie ber\u00fchmt wurden. Ein solcher M\u00f6nch, der seine Memoiren tats\u00e4chlich mit \u201eIch werde niemals ber\u00fchmt sein\u201c betitelte, war der K\u00fcnstler Dom Gregory de Wit (Hilversum, Niederlande 1892 \u2014 Oberems, Schweiz 1979; Profess, Abtei Mont C\u00e9sar (Keizersberg), L\u00f6wen, Belgien, 1915). Durch seine H\u00e4nde lernten Mauern nicht nur zu sprechen, sondern wurden belebt, das Evangelium von Generation zu Generation zu verk\u00fcnden.    <\/p>\n<p>Personen in den Vereinigten Staaten, die das Werk de Wits kennengelernt haben, sind seinen monumentalen Wandgem\u00e4lden h\u00f6chstwahrscheinlich zuerst an einem der folgenden Orte begegnet: <a href=\"https:\/\/www.saintmeinrad.org\/\" target=\"_blank\" rel=\"noopener\">Erzabtei Saint Meinrad<\/a>, Saint Meinrad, Indiana; <a href=\"https:\/\/sacredheartbr.org\/\" target=\"_blank\" rel=\"noopener\">Katholische Kirche Sacred Heart<\/a>, Baton Rouge, Louisiana; <a href=\"https:\/\/www.saintjosephabbey.com\/\" target=\"_blank\" rel=\"noopener\">Abtei Saint Joseph<\/a>, Saint Benedict, Louisiana; oder <a href=\"https:\/\/www.saintbrigidparish.org\/\" target=\"_blank\" rel=\"noopener\">Katholische Kirche Saint Brigid<\/a>, San Diego, Kalifornien. Diejenigen in Europa haben eine wesentlich k\u00fcrzere Liste, aus der sie sch\u00f6pfen k\u00f6nnen. Seit der Umwandlung der Saint Joseph Kirche in Hilversum, Niederlande, in Wohnungen sind die bedeutendsten Orte mit Kunst <em>in situ<\/em>: das kl\u00f6sterliche Refektorium in <a href=\"https:\/\/en.wikipedia.org\/wiki\/Metten_Abbey\" target=\"_blank\" rel=\"noopener\">Saint Michael<\/a>, Metten, Deutschland; Notre Dame de Bon Secours, Pontisse, Belgien und die seltenen Mosaike in Saint Lawrence, Antwerpen, Belgien.  <\/p>\n<p>Der Eifer, den de Wit f\u00fcr die Schaffung von Kunst zur Verherrlichung des Herrn hatte, wurde nur von seinem Bestreben \u00fcbertroffen, Gott wirklich zu suchen (RB 58:7). Die kombinierte Pr\u00e4ferenz f\u00fchrte dazu, dass ein Koinobit seine produktivsten Jahre als gyroskopischer Sarabait verbrachte. Seine Liebe zu Mauern f\u00fchrte ihn weit \u00fcber das Kloster hinaus. \u201eWenn ich eine Mauer sehe\u201c, erz\u00e4hlte de Wit einmal dem San Francisco Examiner, \u201espringe ich darauf, um sie mit Fresken zu bemalen. Ich bete oft: \u201aBitte gebt mir Mauern\u2018\u201c (26. M\u00e4rz 1941, 6). Wie \u00fcblich erfolgte die ersehnte Antwort von oben nicht so oft, wie der K\u00fcnstler die Bitte \u00e4u\u00dferte. Um sich vor der Acedia zu sch\u00fctzen, die oft mit Durststrecken einhergeht, schuf de Wit kleinere, bewegliche Werke. Selbst diese waren manchmal von so gro\u00dfem Ausma\u00df, dass es nur eine technische Formalit\u00e4t war, sie nicht als Wandgem\u00e4lde zu bezeichnen. Ein Paradebeispiel ist das ausgedehnte f\u00fcnfzehnteilige Werk \u201eQuasi modo geniti infantes\u201c, das 1929 f\u00fcr die <a href=\"https:\/\/erzabtei.de\/\" target=\"_blank\" rel=\"noopener\">Erzabtei Sankt Ottilien<\/a>, Emming, Deutschland, geschaffen wurde. Diese ausladende Darstellung des Ewigen Fr\u00fchlings wird als Herzst\u00fcck einer Ausstellung \u00fcber de Wits bayerische Jahre dienen.        <\/p>\n<p>Er\u00f6ffnung am 30. November 2025: \u201eVerborgene mit Christus in Gott: Das Leben und die Kunst von Dom Gregory de Wit\u201c wird die erste Retrospektive des K\u00fcnstlers in ganz Europa sein. Eine \u00e4hnliche Ausstellung wurde in den Vereinigten Staaten von der Saint Tammany Art Association in Covington, Louisiana, vom 7. Dezember 2019 bis 25. Januar 2020 gezeigt. Kuratiert von Jaclyn Warren, war die Ausstellung auf Werke aus der Region beschr\u00e4nkt. Obwohl kein Katalog f\u00fcr die Ausstellung ver\u00f6ffentlicht wurde, wurde sie als eine Art Fortsetzung des ersten Dokumentarfilms \u00fcber de Wit, <em>Hand des Meisters: Das Leben und die Kunst von Dom Gregory de Wit<\/em> (Stella Maris Films), der 2018 von David Warren erstellt wurde, gezeigt.   <\/p>\n<p>Da die Logistik, eine internationale Werkauswahl f\u00fcr eine Retrospektive in Sankt Ottilien zusammenzustellen, die realistischen Erwartungen \u00fcberstieg, wurde von Kurator P. Cyrill Sch\u00e4fer OSB beschlossen, die Ausstellung auf Werke des gastgebenden Klosters und der benachbarten Erzabtei Sankt Michael, Metten, zu beschr\u00e4nken. Beide Gemeinschaften spielten eine Schl\u00fcsselrolle bei der Einf\u00fchrung Dom Gregorys in die Welt der kirchlichen Kunst in den Zwischenkriegsjahren des 20. Jahrhunderts. Die Ausstellung wird ausschlie\u00dflich aus Werken dieser Zeit bestehen. Gl\u00fccklicherweise bietet selbst diese Einschr\u00e4nkung reichlich Material f\u00fcr eine interessante Sammlung.    <\/p>\n<p>W\u00e4hrend die Retrospektive der deutschen Ausgabe des de Wit-Corpus, wie die Louisiana-Sammlung, auf eine bestimmte Zeit und Region beschr\u00e4nkt ist, wurde vom Kurator ein umfassenderer Ansatz gew\u00fcnscht. Der Katalog, der f\u00fcr die Ausstellung von EOS Editions Sankt Ottilien ver\u00f6ffentlicht wird, wird erstmals eine umfassende Biografie des K\u00fcnstlers zusammen mit einer grenzenlosen Kunstsammlung aus de Wits gesamter Karriere zug\u00e4nglich machen. Obwohl von einer Person verfasst, wird es die Kr\u00f6nung der Arbeit einer Reihe von Personen \u00fcber viele Jahre hinweg sein. Um das Projekt so umfassend wie m\u00f6glich zu gestalten, wird gehofft, dass sich weitere Personen als virtuelle Mitwirkende durch diesen Crowdsourcing-Aufruf zur Informationsbeschaffung anschlie\u00dfen werden.   <\/p>\n<p>Wie es selbst bei der Erforschung bekannter Pers\u00f6nlichkeiten der Geschichte der Fall ist, finden sich \u00fcberraschende Informationen in verstaubten, vergessenen Akten, die selbst den flei\u00dfigsten Archivaren entgangen sind. Wie viel mehr trifft dies auf jene zu, die vielleicht nie ber\u00fchmt werden. Im Laufe seines 35-j\u00e4hrigen Interesses an de Wit hat der Autor des bevorstehenden Katalogs, Edward Begnaud, zusammen mit der Unterst\u00fctzung von zu vielen, um hier aufgez\u00e4hlt zu werden, dasselbe erlebt. Da die Embolien der Zeit das Unbekannte noch st\u00e4rker betreffen als das Bekannte, ist die Wahrscheinlichkeit verlorener physischer Fragmente oder vergessener Erinnerungsfetzen weitaus gr\u00f6\u00dfer. Die Organisatoren der bevorstehenden de Wit-Ausstellung m\u00f6chten daher die Leser von NEXUS um Informationen bez\u00fcglich des K\u00fcnstlers und seiner Kunst bitten. Dass sich Werke in Privatsammlungen befinden, die niemand au\u00dfer dem Eigent\u00fcmer kennt, ist sehr plausibel. Aufzeichnungen von Begegnungen mit dem perichoretischen M\u00f6nch existieren sicherlich in kl\u00f6sterlichen Annalen und in der m\u00fcndlichen Familiengeschichte. Eine Auswahl einiger ungel\u00f6ster spezifischer Forschungspunkte ist in der folgenden Liste enthalten.       <\/p>\n<ul>\n<li>Es wird vermutet, dass de Wit Arbeiten f\u00fcr die Kirche St. Johannes der T\u00e4ufer in Oostende und St. Nikolaus in Ypern, Belgien, ausgef\u00fchrt haben k\u00f6nnte, doch konnte f\u00fcr beides kein Beweis gefunden werden.<\/li>\n<li>Der K\u00fcnstler erw\u00e4hnt in seinen Memoiren, dass er f\u00fcr Arbeiten nach Tournai, Belgien, reiste, gibt aber keine Einzelheiten an.<\/li>\n<li>Es ist bekannt, dass de Wit einige Zeit in der Abtei Maria Laach, Deutschland, und mindestens einige Tage in der Abtei Maredsous, Belgien, verbrachte. Es ist nicht bekannt, ob er in einem der Kl\u00f6ster Kunstwerke hinterlie\u00df, wie er es oft bei Besuchen an anderen Orten tat. <\/li>\n<li>Zus\u00e4tzlich zu den beiden von de Wit entworfenen Mosaiken in Saint Laurence, Antwerpen, gibt es eine sehr traditionelle, wenn auch moderne, Ikone des Schutzpatrons. Die m\u00fcndliche \u00dcberlieferung der Pfarrei schreibt sie Dom Gregory zu. Eine Signatur ist nicht vorhanden; noch gibt es schriftliche Dokumentation, um die Behauptung zu untermauern. Stilistisch gibt es Hinweise auf de Wits Handschrift. Dokumentation, die de Wits Urheberschaft belegt, w\u00e4re wertvoll.    <\/li>\n<li>Es gibt nur sehr wenige bekannte erhaltene Werke aus den Jahren, die de Wit von ca. 1955 bis zu seinem Tod 1978 als Einsiedler in Oberems, Schweiz, verbrachte. Jeder m\u00f6gliche Hinweis auf Werke aus diesen letzten Jahren w\u00e4re \u00e4u\u00dferst wertvoll.  <\/li>\n<\/ul>\n<p>Jede Information, die zur Kl\u00e4rung dieser Anfragen f\u00fchrt, wird sehr gesch\u00e4tzt.<\/p>\n<p>Eine Forschungserfahrung stimmt die Organisatoren optimistisch, dass Crowdsourcing eine gro\u00dfe Hilfe f\u00fcr ihre Arbeit ist. Nachdem Fotos eines bisher unbekannten \u201eKreuzwegs\u201c, der 1931\/32 geschaffen wurde, gefunden wurden, konnte P. Cyrill feststellen, dass sie von der Kirche St. Josef in Straubing, Deutschland, in Auftrag gegeben wurden. Leider gibt es keine Aufzeichnungen dar\u00fcber, was mit dem Satz geschah.   <\/p>\n<p>Es wird gehofft, dass dieser Aufruf die Informationslage \u00fcber de Wit erweitern oder vielleicht zur Wiedererlangung von etwas Verlorenem beitragen wird. Am Ende mag de Wit immer noch nicht den Status eines Ber\u00fchmten erreichen, aber dabei wird sein guter Eifer weiteren Generationen dienen, die Gott wirklich suchen. <\/p>\n<p>Informationen k\u00f6nnen gesendet werden an: GregorydeWit.info@gmail.com.<\/p>\n<\/div><\/div><\/div><\/div><\/div><\/p>\n","protected":false},"excerpt":{"rendered":"<p>Dom Gregory de Wit, ein Benediktinerk\u00fcnstler, hinterlie\u00df ein tiefgreifendes, doch oft \u00fcbersehenes Erbe durch seine monumentalen Wandgem\u00e4lde und religi\u00f6sen Kunstwerke in ganz Europa und den USA. Eine Retrospektive im Jahr 2025 in Deutschland zielt darauf ab, seine Beitr\u00e4ge zu dokumentieren, wobei die Organisatoren zus\u00e4tzliche Informationen zu seinen weniger bekannten Werken suchen. Galerie, Geschichte und Kontaktinformationen finden Sie hier.  <\/p>\n","protected":false},"author":1,"featured_media":14000,"comment_status":"closed","ping_status":"closed","sticky":false,"template":"","format":"standard","meta":{"footnotes":""},"categories":[188,184],"tags":[208,368],"class_list":["post-13999","post","type-post","status-publish","format-standard","has-post-thumbnail","hentry","category-nachrichten-de","category-nexus-de","tag-nexus-april-2025-de","tag-nexus-benediktinischer-weltbericht-de"],"cc_featured_image_caption":{"caption_text":false,"source_text":false,"source_url":false},"_links":{"self":[{"href":"https:\/\/osb.org\/de\/wp-json\/wp\/v2\/posts\/13999","targetHints":{"allow":["GET"]}}],"collection":[{"href":"https:\/\/osb.org\/de\/wp-json\/wp\/v2\/posts"}],"about":[{"href":"https:\/\/osb.org\/de\/wp-json\/wp\/v2\/types\/post"}],"author":[{"embeddable":true,"href":"https:\/\/osb.org\/de\/wp-json\/wp\/v2\/users\/1"}],"replies":[{"embeddable":true,"href":"https:\/\/osb.org\/de\/wp-json\/wp\/v2\/comments?post=13999"}],"version-history":[{"count":0,"href":"https:\/\/osb.org\/de\/wp-json\/wp\/v2\/posts\/13999\/revisions"}],"wp:featuredmedia":[{"embeddable":true,"href":"https:\/\/osb.org\/de\/wp-json\/wp\/v2\/media\/14000"}],"wp:attachment":[{"href":"https:\/\/osb.org\/de\/wp-json\/wp\/v2\/media?parent=13999"}],"wp:term":[{"taxonomy":"category","embeddable":true,"href":"https:\/\/osb.org\/de\/wp-json\/wp\/v2\/categories?post=13999"},{"taxonomy":"post_tag","embeddable":true,"href":"https:\/\/osb.org\/de\/wp-json\/wp\/v2\/tags?post=13999"}],"curies":[{"name":"wp","href":"https:\/\/api.w.org\/{rel}","templated":true}]}}