{"id":13862,"date":"2025-06-03T10:02:35","date_gmt":"2025-06-03T08:02:35","guid":{"rendered":"https:\/\/osb.org\/2025\/06\/03\/oesterreichische-benediktinerkongregation-begeht-400-jaehriges-jubilaeum-mit-pilgerfahrt-nach-mariazell\/"},"modified":"2025-09-18T21:28:42","modified_gmt":"2025-09-18T19:28:42","slug":"oesterreichische-benediktinerkongregation-begeht-400-jaehriges-jubilaeum-mit-pilgerfahrt-nach-mariazell","status":"publish","type":"post","link":"https:\/\/osb.org\/de\/2025\/06\/03\/oesterreichische-benediktinerkongregation-begeht-400-jaehriges-jubilaeum-mit-pilgerfahrt-nach-mariazell\/","title":{"rendered":"\u00d6sterreichische Benediktinerkongregation begeht 400-j\u00e4hriges Jubil\u00e4um mit Pilgerfahrt nach Mariazell"},"content":{"rendered":"<p><div class=\"fusion-fullwidth fullwidth-box fusion-builder-row-1 fusion-flex-container has-pattern-background has-mask-background hundred-percent-fullwidth non-hundred-percent-height-scrolling\" style=\"--awb-border-sizes-bottom:1px;--awb-border-color:var(--awb-custom11);--awb-border-radius-top-left:0px;--awb-border-radius-top-right:0px;--awb-border-radius-bottom-right:0px;--awb-border-radius-bottom-left:0px;--awb-padding-right:60px;--awb-padding-bottom:20px;--awb-padding-left:60px;--awb-padding-right-small:30px;--awb-padding-left-small:30px;--awb-margin-top-medium:1px;--awb-margin-top-small:0px;--awb-flex-wrap:wrap;\" ><div class=\"fusion-builder-row fusion-row fusion-flex-align-items-center fusion-flex-justify-content-flex-end fusion-flex-content-wrap\" style=\"width:calc( 100% + 60px ) !important;max-width:calc( 100% + 60px ) !important;margin-left: calc(-60px \/ 2 );margin-right: calc(-60px \/ 2 );\"><div class=\"fusion-layout-column fusion_builder_column fusion-builder-column-0 fusion_builder_column_1_2 1_2 fusion-flex-column\" style=\"--awb-padding-right:60px;--awb-padding-left:60px;--awb-padding-right-small:0px;--awb-padding-left-small:0px;--awb-bg-size:cover;--awb-width-large:50%;--awb-margin-top-large:0px;--awb-spacing-right-large:30px;--awb-margin-bottom-large:20px;--awb-spacing-left-large:30px;--awb-width-medium:100%;--awb-order-medium:0;--awb-margin-top-medium:20px;--awb-spacing-right-medium:30px;--awb-margin-bottom-medium:0px;--awb-spacing-left-medium:30px;--awb-width-small:100%;--awb-order-small:0;--awb-spacing-right-small:30px;--awb-spacing-left-small:30px;\"><div class=\"fusion-column-wrapper fusion-column-has-shadow fusion-flex-justify-content-flex-start fusion-content-layout-column\"><div class=\"fusion-title title fusion-title-1 fusion-sep-none fusion-title-text fusion-title-size-one\" style=\"--awb-text-color:var(--awb-custom13);--awb-margin-top-small:0px;--awb-margin-right-small:0px;--awb-margin-bottom-small:20px;--awb-margin-left-small:0px;--awb-font-size:40px;\"><h1 class=\"fusion-title-heading title-heading-left md-text-align-center fusion-responsive-typography-calculated\" style=\"font-family:var(--awb-typography1-font-family);font-weight:var(--awb-typography1-font-weight);font-style:var(--awb-typography1-font-style);margin:0;letter-spacing:var(--awb-typography1-letter-spacing);text-transform:var(--awb-typography1-text-transform);font-size:1em;--fontSize:40;line-height:var(--awb-typography1-line-height);\">\u00d6sterreichische Benediktinerkongregation begeht 400-j\u00e4hriges Jubil\u00e4um mit Pilgerfahrt nach Mariazell<\/h1><\/div><div class=\"fusion-text fusion-text-1 fusion-no-small-visibility fusion-no-medium-visibility\" style=\"--awb-font-size:var(--awb-typography3-font-size);--awb-line-height:var(--awb-typography3-line-height);--awb-letter-spacing:var(--awb-typography3-letter-spacing);--awb-text-transform:var(--awb-typography3-text-transform);--awb-text-color:var(--awb-custom12);--awb-text-font-family:var(--awb-typography3-font-family);--awb-text-font-weight:var(--awb-typography3-font-weight);--awb-text-font-style:var(--awb-typography3-font-style);\"><p>Die \u00d6sterreichische Benediktinerkongregation hat ihre 400-Jahr-Feierlichkeiten mit einer Pilgerfahrt zur Basilika Mariazell begonnen. Abtprimas Jeremias Schr\u00f6der zelebrierte die Gedenkmesse und betonte die anhaltende Relevanz des benediktinischen Lebens als hoffnungsvolle Antwort auf die Herausforderungen der Gegenwart. <\/p>\n<\/div><\/div><\/div><div class=\"fusion-layout-column fusion_builder_column fusion-builder-column-1 fusion_builder_column_1_2 1_2 fusion-flex-column\" style=\"--awb-bg-size:cover;--awb-width-large:50%;--awb-margin-top-large:0px;--awb-spacing-right-large:30px;--awb-margin-bottom-large:0px;--awb-spacing-left-large:30px;--awb-width-medium:100%;--awb-order-medium:0;--awb-spacing-right-medium:30px;--awb-spacing-left-medium:30px;--awb-width-small:100%;--awb-order-small:0;--awb-spacing-right-small:30px;--awb-spacing-left-small:30px;\"><div class=\"fusion-column-wrapper fusion-column-has-shadow fusion-flex-justify-content-flex-start fusion-content-layout-column\"><div class=\"fusion-image-element \" style=\"--awb-caption-title-font-family:var(--h2_typography-font-family);--awb-caption-title-font-weight:var(--h2_typography-font-weight);--awb-caption-title-font-style:var(--h2_typography-font-style);--awb-caption-title-size:var(--h2_typography-font-size);--awb-caption-title-transform:var(--h2_typography-text-transform);--awb-caption-title-line-height:var(--h2_typography-line-height);--awb-caption-title-letter-spacing:var(--h2_typography-letter-spacing);\"><span class=\" fusion-imageframe imageframe-none imageframe-1 hover-type-none\" style=\"border:1px solid var(--awb-custom10);\"><a href=\"https:\/\/osb.org\/wp-content\/uploads\/2025\/06\/hero_400_yrs_Austrian_Cong.jpg\" class=\"fusion-lightbox\" data-rel=\"iLightbox[cacbd4e39880acd930f]\" data-title=\"hero_400_yrs_Austrian_Cong\" title=\"hero_400_yrs_Austrian_Cong\"><img decoding=\"async\" width=\"1000\" height=\"563\" src=\"https:\/\/osb.org\/wp-content\/uploads\/2025\/06\/hero_400_yrs_Austrian_Cong.jpg\" data-orig-src=\"https:\/\/osb.org\/wp-content\/uploads\/2025\/06\/hero_400_yrs_Austrian_Cong.jpg\" alt class=\"lazyload img-responsive wp-image-13864\" srcset=\"data:image\/svg+xml,%3Csvg%20xmlns%3D%27http%3A%2F%2Fwww.w3.org%2F2000%2Fsvg%27%20width%3D%271000%27%20height%3D%27563%27%20viewBox%3D%270%200%201000%20563%27%3E%3Crect%20width%3D%271000%27%20height%3D%27563%27%20fill-opacity%3D%220%22%2F%3E%3C%2Fsvg%3E\" data-srcset=\"https:\/\/osb.org\/wp-content\/uploads\/2025\/06\/hero_400_yrs_Austrian_Cong-200x113.jpg 200w, https:\/\/osb.org\/wp-content\/uploads\/2025\/06\/hero_400_yrs_Austrian_Cong-400x225.jpg 400w, https:\/\/osb.org\/wp-content\/uploads\/2025\/06\/hero_400_yrs_Austrian_Cong-600x338.jpg 600w, https:\/\/osb.org\/wp-content\/uploads\/2025\/06\/hero_400_yrs_Austrian_Cong-800x450.jpg 800w, https:\/\/osb.org\/wp-content\/uploads\/2025\/06\/hero_400_yrs_Austrian_Cong.jpg 1000w\" data-sizes=\"auto\" data-orig-sizes=\"(max-width: 1024px) 100vw, (max-width: 640px) 100vw, 600px\" \/><\/a><\/span><\/div><div class=\"fusion-text fusion-text-2 fusion-text-no-margin\" style=\"--awb-font-size:var(--awb-typography5-font-size);--awb-line-height:var(--awb-typography5-line-height);--awb-letter-spacing:var(--awb-typography5-letter-spacing);--awb-text-transform:var(--awb-typography5-text-transform);--awb-text-color:var(--awb-custom11);--awb-margin-top:12px;--awb-margin-bottom:12px;--awb-text-font-family:var(--awb-typography5-font-family);--awb-text-font-weight:var(--awb-typography5-font-weight);--awb-text-font-style:var(--awb-typography5-font-style);\"><\/div><\/div><\/div><div class=\"fusion-layout-column fusion_builder_column fusion-builder-column-2 fusion_builder_column_1_2 1_2 fusion-flex-column\" style=\"--awb-bg-size:cover;--awb-width-large:50%;--awb-margin-top-large:0px;--awb-spacing-right-large:30px;--awb-margin-bottom-large:0px;--awb-spacing-left-large:30px;--awb-width-medium:100%;--awb-order-medium:0;--awb-spacing-right-medium:30px;--awb-spacing-left-medium:30px;--awb-width-small:100%;--awb-order-small:0;--awb-spacing-right-small:30px;--awb-spacing-left-small:30px;\"><div class=\"fusion-column-wrapper fusion-column-has-shadow fusion-flex-justify-content-flex-start fusion-content-layout-column\"><div class=\"fusion-separator fusion-full-width-sep\" style=\"align-self: center;margin-left: auto;margin-right: auto;width:100%;\"><div class=\"fusion-separator-border sep-single sep-solid\" style=\"--awb-height:20px;--awb-amount:20px;--awb-sep-color:var(--awb-color4);border-color:var(--awb-color4);border-top-width:3px;\"><\/div><\/div><\/div><\/div><\/div><\/div><div class=\"fusion-fullwidth fullwidth-box fusion-builder-row-2 fusion-flex-container has-pattern-background has-mask-background hundred-percent-fullwidth non-hundred-percent-height-scrolling\" style=\"--awb-border-radius-top-left:0px;--awb-border-radius-top-right:0px;--awb-border-radius-bottom-right:0px;--awb-border-radius-bottom-left:0px;--awb-padding-right:60px;--awb-padding-left:60px;--awb-padding-right-medium:60px;--awb-padding-left-medium:60px;--awb-padding-right-small:30px;--awb-padding-left-small:30px;--awb-margin-top:30px;--awb-margin-top-small:0px;--awb-flex-wrap:wrap;\" ><div class=\"fusion-builder-row fusion-row fusion-flex-align-items-flex-start fusion-flex-justify-content-center fusion-flex-content-wrap\" style=\"width:calc( 100% + 60px ) !important;max-width:calc( 100% + 60px ) !important;margin-left: calc(-60px \/ 2 );margin-right: calc(-60px \/ 2 );\"><div class=\"fusion-layout-column fusion_builder_column fusion-builder-column-3 fusion_builder_column_2_5 2_5 fusion-flex-column\" style=\"--awb-bg-blend:overlay;--awb-bg-size:cover;--awb-width-large:40%;--awb-margin-top-large:0px;--awb-spacing-right-large:30px;--awb-margin-bottom-large:20px;--awb-spacing-left-large:30px;--awb-width-medium:75%;--awb-order-medium:0;--awb-spacing-right-medium:30px;--awb-spacing-left-medium:30px;--awb-width-small:100%;--awb-order-small:0;--awb-spacing-right-small:30px;--awb-spacing-left-small:30px;\"><div class=\"fusion-column-wrapper fusion-flex-justify-content-flex-start fusion-content-layout-column\"><div class=\"fusion-builder-row fusion-builder-row-inner fusion-row fusion-flex-align-items-flex-start fusion-flex-justify-content-center fusion-flex-content-wrap\" style=\"--awb-flex-grow:0;--awb-flex-grow-medium:0;--awb-flex-grow-small:0;--awb-flex-shrink:0;--awb-flex-shrink-medium:0;--awb-flex-shrink-small:0;width:calc( 100% + 60px ) !important;max-width:calc( 100% + 60px ) !important;margin-left: calc(-60px \/ 2 );margin-right: calc(-60px \/ 2 );\"><div class=\"fusion-layout-column fusion_builder_column_inner fusion-builder-nested-column-0 fusion_builder_column_inner_1_2 1_2 fusion-flex-column fusion-flex-align-self-center\" style=\"--awb-bg-size:cover;--awb-width-large:50%;--awb-margin-top-large:0px;--awb-spacing-right-large:30px;--awb-margin-bottom-large:0px;--awb-spacing-left-large:30px;--awb-width-medium:50%;--awb-order-medium:0;--awb-spacing-right-medium:30px;--awb-spacing-left-medium:30px;--awb-width-small:100%;--awb-order-small:1;--awb-spacing-right-small:30px;--awb-margin-bottom-small:20px;--awb-spacing-left-small:30px;\"><div class=\"fusion-column-wrapper fusion-column-has-shadow fusion-flex-justify-content-center fusion-content-layout-column\"><div class=\"fusion-text fusion-text-3 fusion-text-no-margin\" style=\"--awb-font-size:var(--awb-typography5-font-size);--awb-line-height:var(--awb-typography5-line-height);--awb-letter-spacing:var(--awb-typography5-letter-spacing);--awb-text-transform:var(--awb-typography5-text-transform);--awb-text-color:var(--awb-custom11);--awb-margin-top:0px;--awb-margin-right:0px;--awb-margin-bottom:0px;--awb-margin-left:0px;--awb-text-font-family:var(--awb-typography5-font-family);--awb-text-font-weight:var(--awb-typography5-font-weight);--awb-text-font-style:var(--awb-typography5-font-style);\"><p>3 Juni 2025<\/p>\n<\/div><\/div><\/div><div class=\"fusion-layout-column fusion_builder_column_inner fusion-builder-nested-column-1 fusion_builder_column_inner_1_2 1_2 fusion-flex-column fusion-flex-align-self-center\" style=\"--awb-bg-size:cover;--awb-width-large:50%;--awb-margin-top-large:0px;--awb-spacing-right-large:30px;--awb-margin-bottom-large:0px;--awb-spacing-left-large:30px;--awb-width-medium:50%;--awb-order-medium:0;--awb-spacing-right-medium:30px;--awb-spacing-left-medium:30px;--awb-width-small:100%;--awb-order-small:0;--awb-margin-top-small:0px;--awb-spacing-right-small:30px;--awb-spacing-left-small:30px;\"><div class=\"fusion-column-wrapper fusion-column-has-shadow fusion-flex-justify-content-center fusion-content-layout-column\"><div class=\"fusion-sharing-box fusion-sharing-box-1 boxed-icons\" style=\"background-color:var(--awb-color1);border-color:var(--awb-color1);--awb-margin-top:0px;--awb-margin-right:0px;--awb-margin-bottom:0px;--awb-margin-left:0px;--awb-wrapper-padding-top:0px;--awb-wrapper-padding-right:0px;--awb-wrapper-padding-bottom:0px;--awb-wrapper-padding-left:0px;--awb-padding-top:0px;--awb-padding-right:0px;--awb-padding-bottom:0px;--awb-padding-left:0px;--awb-border-top:0px;--awb-border-right:0px;--awb-border-bottom:0px;--awb-border-left:0px;--awb-icon-size:12px;--awb-separator-border-color:#cccccc;--awb-separator-border-sizes:0px;--awb-stacked-align:flex-end;--awb-layout:row;--awb-alignment-small:flex-end;--awb-stacked-align-small:center;\" data-title=\"\u00d6sterreichische Benediktinerkongregation begeht 400-j\u00e4hriges Jubil\u00e4um mit Pilgerfahrt nach Mariazell\" data-description=\"Your Content Goes Here       \r\n\r\nAm 30. Mai 2025 begann die \u00d6sterreichische Benediktinerkongregation ihre 400-Jahr-Feierlichkeiten mit einer Pilgerfahrt zur Basilika Mariazell. An der Veranstaltung nahmen M\u00f6nche und Nonnen aus den 14 Kl\u00f6stern der Kongregation teil, darunter 12\" data-link=\"https:\/\/osb.org\/de\/2025\/06\/03\/oesterreichische-benediktinerkongregation-begeht-400-jaehriges-jubilaeum-mit-pilgerfahrt-nach-mariazell\/\"><div class=\"fusion-social-networks sharingbox-shortcode-icon-wrapper sharingbox-shortcode-icon-wrapper-1 boxed-icons\"><span><a href=\"https:\/\/www.facebook.com\/sharer.php?u=https%3A%2F%2Fosb.org%2Fde%2F2025%2F06%2F03%2Foesterreichische-benediktinerkongregation-begeht-400-jaehriges-jubilaeum-mit-pilgerfahrt-nach-mariazell%2F&amp;t=%C3%96sterreichische%20Benediktinerkongregation%20begeht%20400-j%C3%A4hriges%20Jubil%C3%A4um%20mit%20Pilgerfahrt%20nach%20Mariazell\" target=\"_blank\" rel=\"noreferrer\" title=\"Facebook\" aria-label=\"Facebook\"><i class=\"fusion-social-network-icon fusion-tooltip fusion-facebook awb-icon-facebook\" style=\"color:var(--awb-custom11);background-color:#e8e8e8;border-color:#e8e8e8;border-radius:50%;\" aria-hidden=\"true\"><\/i><\/a><\/span><span><a href=\"https:\/\/x.com\/intent\/post?text=%C3%96sterreichische%20Benediktinerkongregation%20begeht%20400-j%C3%A4hriges%20Jubil%C3%A4um%20mit%20Pilgerfahrt%20nach%20Mariazell&amp;url=https%3A%2F%2Fosb.org%2Fde%2F2025%2F06%2F03%2Foesterreichische-benediktinerkongregation-begeht-400-jaehriges-jubilaeum-mit-pilgerfahrt-nach-mariazell%2F\" target=\"_blank\" rel=\"noopener noreferrer\" title=\"X\" aria-label=\"X\"><i class=\"fusion-social-network-icon fusion-tooltip fusion-twitter awb-icon-twitter\" style=\"color:var(--awb-custom11);background-color:#e8e8e8;border-color:#e8e8e8;border-radius:50%;\" aria-hidden=\"true\"><\/i><\/a><\/span><span><a href=\"https:\/\/api.whatsapp.com\/send?text=https%3A%2F%2Fosb.org%2Fde%2F2025%2F06%2F03%2Foesterreichische-benediktinerkongregation-begeht-400-jaehriges-jubilaeum-mit-pilgerfahrt-nach-mariazell%2F\" target=\"_blank\" rel=\"noopener noreferrer\" title=\"WhatsApp\" aria-label=\"WhatsApp\"><i class=\"fusion-social-network-icon fusion-tooltip fusion-whatsapp awb-icon-whatsapp\" style=\"color:var(--awb-custom11);background-color:#e8e8e8;border-color:#e8e8e8;border-radius:50%;\" aria-hidden=\"true\"><\/i><\/a><\/span><span><a href=\"mailto:?subject=%C3%96sterreichische%20Benediktinerkongregation%20begeht%20400-j%C3%A4hriges%20Jubil%C3%A4um%20mit%20Pilgerfahrt%20nach%20Mariazell&amp;body=https%3A%2F%2Fosb.org%2Fde%2F2025%2F06%2F03%2Foesterreichische-benediktinerkongregation-begeht-400-jaehriges-jubilaeum-mit-pilgerfahrt-nach-mariazell%2F\" target=\"_self\" title=\"Email\" aria-label=\"Email\"><i class=\"fusion-social-network-icon fusion-tooltip fusion-mail awb-icon-mail\" style=\"color:var(--awb-custom11);background-color:#e8e8e8;border-color:#e8e8e8;border-radius:50%;\" aria-hidden=\"true\"><\/i><\/a><\/span><\/div><\/div><\/div><\/div><\/div><div class=\"fusion-text fusion-text-4\"><p>Am 30. Mai 2025 begann die <a href=\"https:\/\/en.wikipedia.org\/wiki\/Austrian_Congregation\" target=\"_blank\" rel=\"noopener\">\u00d6sterreichische Benediktinerkongregation<\/a> ihre 400-Jahr-Feierlichkeiten mit einer Pilgerfahrt zur <a href=\"https:\/\/en.wikipedia.org\/wiki\/Mariazell_Basilica\" target=\"_blank\" rel=\"noopener\">Basilika Mariazell<\/a>. An der Veranstaltung nahmen M\u00f6nche und Nonnen aus den 14 Kl\u00f6stern der Kongregation teil, darunter 12 Abteien und 2 Priorate, mit insgesamt etwa 250 Mitgliedern. <\/p>\n<p>Abtprimas Jeremias Schr\u00f6der, das weltweite Oberhaupt der Benediktinerkonf\u00f6deration, zelebrierte die festliche Messe in der Basilika Mariazell. In seiner Predigt reflektierte er \u00fcber das Thema \u201ePilger der Hoffnung\u201c, im Einklang mit dem Motto des Heiligen Jahres 2025. Er betonte, dass das benediktinische Leben eine hoffnungsvolle Antwort auf die Herausforderungen der modernen Zeit darstellt, und forderte die monastischen Gemeinschaften auf, offen f\u00fcr Erneuerung zu bleiben und ihre Solidarit\u00e4t mit Kl\u00f6stern in weniger wohlhabenden Regionen fortzusetzen.  <\/p>\n<p>Abtpr\u00e4ses Johannes Perkmann dr\u00fcckte seine Dankbarkeit f\u00fcr die jahrhundertelange Zusammenarbeit aus und betonte das fortw\u00e4hrende Engagement der Kongregation f\u00fcr spirituelles Leben, Bildung und nachhaltige Initiativen. Er beschrieb das benediktinische Leben als einen sinnvollen Weg, das Evangelium zu leben und Erf\u00fcllung in der heutigen Welt zu finden. <\/p>\n<p>Die \u00d6sterreichische Benediktinerkongregation wurde am 3. August 1625 von Papst Urban VIII. offiziell gegr\u00fcndet. Heute umfasst sie Kl\u00f6ster wie die Erzabtei St. Peter in Salzburg, Kremsm\u00fcnster, Melk, G\u00f6ttweig und die Schottenabtei in Wien. Die Kongregation beaufsichtigt auch das Collegium St. Benedikt in Salzburg, ein Studienhaus f\u00fcr Benediktiner und andere Ordensleute.<\/p>\n<\/div><div ><a class=\"fusion-button button-flat fusion-button-default-size button-custom fusion-button-default button-1 fusion-button-span-yes fusion-button-default-type\" style=\"--awb-margin-top:10px;--button_accent_color:#ffffff;--button_accent_hover_color:#ffffff;--button_border_hover_color:#ffffff;--button_gradient_top_color:#1f7aa7;--button_gradient_bottom_color:#1f7aa7;--button_gradient_top_color_hover:#72cee0;--button_gradient_bottom_color_hover:#72cee0;\" target=\"_self\" href=\"https:\/\/www.kathpress.at\/goto\/meldung\/2482060\/400-jahre-sterreichische-benediktinerkongregation\"><span class=\"fusion-button-text awb-button__text awb-button__text--default\">Artikel und Foto auf der Website von Kathpress |DE|<\/span><\/a><\/div><\/div><\/div><\/div><\/div><\/p>\n","protected":false},"excerpt":{"rendered":"<p>Die \u00d6sterreichische Benediktinerkongregation hat ihre 400-Jahr-Feierlichkeiten mit einer Pilgerfahrt zur Basilika Mariazell begonnen. Abtprimas Jeremias Schr\u00f6der zelebrierte die Gedenkmesse und betonte die anhaltende Relevanz des benediktinischen Lebens als hoffnungsvolle Antwort auf die Herausforderungen der Gegenwart. <\/p>\n","protected":false},"author":1,"featured_media":13864,"comment_status":"closed","ping_status":"closed","sticky":false,"template":"","format":"standard","meta":{"footnotes":""},"categories":[188,184],"tags":[212,368],"class_list":["post-13862","post","type-post","status-publish","format-standard","has-post-thumbnail","hentry","category-nachrichten-de","category-nexus-de","tag-nexus-juni-2025-de","tag-nexus-benediktinischer-weltbericht-de"],"cc_featured_image_caption":{"caption_text":false,"source_text":false,"source_url":false},"_links":{"self":[{"href":"https:\/\/osb.org\/de\/wp-json\/wp\/v2\/posts\/13862","targetHints":{"allow":["GET"]}}],"collection":[{"href":"https:\/\/osb.org\/de\/wp-json\/wp\/v2\/posts"}],"about":[{"href":"https:\/\/osb.org\/de\/wp-json\/wp\/v2\/types\/post"}],"author":[{"embeddable":true,"href":"https:\/\/osb.org\/de\/wp-json\/wp\/v2\/users\/1"}],"replies":[{"embeddable":true,"href":"https:\/\/osb.org\/de\/wp-json\/wp\/v2\/comments?post=13862"}],"version-history":[{"count":0,"href":"https:\/\/osb.org\/de\/wp-json\/wp\/v2\/posts\/13862\/revisions"}],"wp:featuredmedia":[{"embeddable":true,"href":"https:\/\/osb.org\/de\/wp-json\/wp\/v2\/media\/13864"}],"wp:attachment":[{"href":"https:\/\/osb.org\/de\/wp-json\/wp\/v2\/media?parent=13862"}],"wp:term":[{"taxonomy":"category","embeddable":true,"href":"https:\/\/osb.org\/de\/wp-json\/wp\/v2\/categories?post=13862"},{"taxonomy":"post_tag","embeddable":true,"href":"https:\/\/osb.org\/de\/wp-json\/wp\/v2\/tags?post=13862"}],"curies":[{"name":"wp","href":"https:\/\/api.w.org\/{rel}","templated":true}]}}