{"id":13771,"date":"2025-04-18T18:21:52","date_gmt":"2025-04-18T16:21:52","guid":{"rendered":"https:\/\/osb.org\/2025\/04\/18\/notizen-vom-aventin-maerz-april\/"},"modified":"2025-09-25T10:18:55","modified_gmt":"2025-09-25T08:18:55","slug":"notizen-vom-aventin-maerz-april","status":"publish","type":"post","link":"https:\/\/osb.org\/de\/2025\/04\/18\/notizen-vom-aventin-maerz-april\/","title":{"rendered":"Notizen vom Aventin | M\u00e4rz-April"},"content":{"rendered":"<p><div class=\"fusion-fullwidth fullwidth-box fusion-builder-row-1 fusion-flex-container has-pattern-background has-mask-background hundred-percent-fullwidth non-hundred-percent-height-scrolling\" style=\"--awb-border-sizes-bottom:1px;--awb-border-color:var(--awb-custom11);--awb-border-radius-top-left:0px;--awb-border-radius-top-right:0px;--awb-border-radius-bottom-right:0px;--awb-border-radius-bottom-left:0px;--awb-padding-right:60px;--awb-padding-bottom:20px;--awb-padding-left:60px;--awb-padding-right-small:30px;--awb-padding-left-small:30px;--awb-margin-top-medium:1px;--awb-margin-top-small:0px;--awb-flex-wrap:wrap;\" ><div class=\"fusion-builder-row fusion-row fusion-flex-align-items-center fusion-flex-justify-content-flex-end fusion-flex-content-wrap\" style=\"width:calc( 100% + 60px ) !important;max-width:calc( 100% + 60px ) !important;margin-left: calc(-60px \/ 2 );margin-right: calc(-60px \/ 2 );\"><div class=\"fusion-layout-column fusion_builder_column fusion-builder-column-0 fusion_builder_column_1_2 1_2 fusion-flex-column\" style=\"--awb-padding-right:60px;--awb-padding-left:60px;--awb-padding-right-small:0px;--awb-padding-left-small:0px;--awb-bg-size:cover;--awb-width-large:50%;--awb-margin-top-large:0px;--awb-spacing-right-large:30px;--awb-margin-bottom-large:20px;--awb-spacing-left-large:30px;--awb-width-medium:100%;--awb-order-medium:0;--awb-margin-top-medium:20px;--awb-spacing-right-medium:30px;--awb-margin-bottom-medium:0px;--awb-spacing-left-medium:30px;--awb-width-small:100%;--awb-order-small:0;--awb-spacing-right-small:30px;--awb-spacing-left-small:30px;\"><div class=\"fusion-column-wrapper fusion-column-has-shadow fusion-flex-justify-content-flex-start fusion-content-layout-column\"><div class=\"fusion-title title fusion-title-1 fusion-sep-none fusion-title-text fusion-title-size-one\" style=\"--awb-text-color:var(--awb-custom13);--awb-margin-top-small:0px;--awb-margin-right-small:0px;--awb-margin-bottom-small:20px;--awb-margin-left-small:0px;--awb-font-size:40px;\"><h1 class=\"fusion-title-heading title-heading-left md-text-align-center fusion-responsive-typography-calculated\" style=\"font-family:var(--awb-typography1-font-family);font-weight:var(--awb-typography1-font-weight);font-style:var(--awb-typography1-font-style);margin:0;letter-spacing:var(--awb-typography1-letter-spacing);text-transform:var(--awb-typography1-text-transform);font-size:1em;--fontSize:40;line-height:var(--awb-typography1-line-height);\">Notizen vom Aventin | M\u00e4rz-April<\/h1><\/div><div class=\"fusion-text fusion-text-1 fusion-no-small-visibility fusion-no-medium-visibility\" style=\"--awb-font-size:18px;--awb-line-height:var(--awb-typography5-line-height);--awb-letter-spacing:var(--awb-typography5-letter-spacing);--awb-text-transform:var(--awb-typography5-text-transform);--awb-text-color:var(--awb-custom12);--awb-text-font-family:var(--awb-typography5-font-family);--awb-text-font-weight:var(--awb-typography5-font-weight);--awb-text-font-style:var(--awb-typography5-font-style);\"><p>In seinen Gedanken zu Ostern erz\u00e4hlt Abtprimas Jeremias Schr\u00f6der eine Geschichte aus den Dialogen von Papst Gregor: F\u00fcr den heiligen Benedikt war der Empfang eines Besuchers bereits eine Art Ostern. Es erinnert uns daran, dass die Begegnung mit anderen mit Offenheit und Gastfreundschaft eine Form der Auferstehung in unserem t\u00e4glichen Leben sein kann. <\/p>\n<\/div><\/div><\/div><div class=\"fusion-layout-column fusion_builder_column fusion-builder-column-1 fusion_builder_column_1_2 1_2 fusion-flex-column\" style=\"--awb-bg-size:cover;--awb-width-large:50%;--awb-margin-top-large:0px;--awb-spacing-right-large:30px;--awb-margin-bottom-large:0px;--awb-spacing-left-large:30px;--awb-width-medium:100%;--awb-order-medium:0;--awb-spacing-right-medium:30px;--awb-spacing-left-medium:30px;--awb-width-small:100%;--awb-order-small:0;--awb-spacing-right-small:30px;--awb-spacing-left-small:30px;\"><div class=\"fusion-column-wrapper fusion-column-has-shadow fusion-flex-justify-content-flex-start fusion-content-layout-column\"><div class=\"fusion-image-element \" style=\"--awb-caption-title-font-family:var(--h2_typography-font-family);--awb-caption-title-font-weight:var(--h2_typography-font-weight);--awb-caption-title-font-style:var(--h2_typography-font-style);--awb-caption-title-size:var(--h2_typography-font-size);--awb-caption-title-transform:var(--h2_typography-text-transform);--awb-caption-title-line-height:var(--h2_typography-line-height);--awb-caption-title-letter-spacing:var(--h2_typography-letter-spacing);\"><span class=\" fusion-imageframe imageframe-none imageframe-1 hover-type-none\" style=\"border:1px solid var(--awb-custom10);\"><a href=\"https:\/\/osb.org\/wp-content\/uploads\/2025\/04\/DSC_4077_1.jpg\" class=\"fusion-lightbox\" data-rel=\"iLightbox[c7b24fc7d31d8686f5f]\" data-title=\"DSC_4077_1\" title=\"DSC_4077_1\"><img decoding=\"async\" width=\"1920\" height=\"1080\" src=\"https:\/\/osb.org\/wp-content\/uploads\/2025\/04\/DSC_4077_1.jpg\" data-orig-src=\"https:\/\/osb.org\/wp-content\/uploads\/2025\/04\/DSC_4077_1.jpg\" alt class=\"lazyload img-responsive wp-image-13770\" srcset=\"data:image\/svg+xml,%3Csvg%20xmlns%3D%27http%3A%2F%2Fwww.w3.org%2F2000%2Fsvg%27%20width%3D%271920%27%20height%3D%271080%27%20viewBox%3D%270%200%201920%201080%27%3E%3Crect%20width%3D%271920%27%20height%3D%271080%27%20fill-opacity%3D%220%22%2F%3E%3C%2Fsvg%3E\" data-srcset=\"https:\/\/osb.org\/wp-content\/uploads\/2025\/04\/DSC_4077_1-200x113.jpg 200w, https:\/\/osb.org\/wp-content\/uploads\/2025\/04\/DSC_4077_1-400x225.jpg 400w, https:\/\/osb.org\/wp-content\/uploads\/2025\/04\/DSC_4077_1-600x338.jpg 600w, https:\/\/osb.org\/wp-content\/uploads\/2025\/04\/DSC_4077_1-800x450.jpg 800w, https:\/\/osb.org\/wp-content\/uploads\/2025\/04\/DSC_4077_1-1200x675.jpg 1200w, https:\/\/osb.org\/wp-content\/uploads\/2025\/04\/DSC_4077_1.jpg 1920w\" data-sizes=\"auto\" data-orig-sizes=\"(max-width: 1024px) 100vw, (max-width: 640px) 100vw, 600px\" \/><\/a><\/span><\/div><div class=\"fusion-text fusion-text-2 fusion-text-no-margin\" style=\"--awb-font-size:var(--awb-typography5-font-size);--awb-line-height:var(--awb-typography5-line-height);--awb-letter-spacing:var(--awb-typography5-letter-spacing);--awb-text-transform:var(--awb-typography5-text-transform);--awb-text-color:var(--awb-custom11);--awb-margin-top:12px;--awb-margin-bottom:12px;--awb-text-font-family:var(--awb-typography5-font-family);--awb-text-font-weight:var(--awb-typography5-font-weight);--awb-text-font-style:var(--awb-typography5-font-style);\"><\/div><\/div><\/div><div class=\"fusion-layout-column fusion_builder_column fusion-builder-column-2 fusion_builder_column_1_2 1_2 fusion-flex-column\" style=\"--awb-bg-size:cover;--awb-width-large:50%;--awb-margin-top-large:0px;--awb-spacing-right-large:30px;--awb-margin-bottom-large:0px;--awb-spacing-left-large:30px;--awb-width-medium:100%;--awb-order-medium:0;--awb-spacing-right-medium:30px;--awb-spacing-left-medium:30px;--awb-width-small:100%;--awb-order-small:0;--awb-spacing-right-small:30px;--awb-spacing-left-small:30px;\"><div class=\"fusion-column-wrapper fusion-column-has-shadow fusion-flex-justify-content-flex-start fusion-content-layout-column\"><div class=\"fusion-separator fusion-full-width-sep\" style=\"align-self: center;margin-left: auto;margin-right: auto;width:100%;\"><div class=\"fusion-separator-border sep-single sep-solid\" style=\"--awb-height:20px;--awb-amount:20px;--awb-sep-color:var(--awb-color4);border-color:var(--awb-color4);border-top-width:3px;\"><\/div><\/div><\/div><\/div><\/div><\/div><div class=\"fusion-fullwidth fullwidth-box fusion-builder-row-2 fusion-flex-container has-pattern-background has-mask-background hundred-percent-fullwidth non-hundred-percent-height-scrolling\" style=\"--awb-border-radius-top-left:0px;--awb-border-radius-top-right:0px;--awb-border-radius-bottom-right:0px;--awb-border-radius-bottom-left:0px;--awb-padding-right:60px;--awb-padding-left:60px;--awb-padding-right-medium:60px;--awb-padding-left-medium:60px;--awb-padding-right-small:30px;--awb-padding-left-small:30px;--awb-margin-top:30px;--awb-margin-top-small:0px;--awb-flex-wrap:wrap;\" ><div class=\"fusion-builder-row fusion-row fusion-flex-align-items-flex-start fusion-flex-justify-content-center fusion-flex-content-wrap\" style=\"width:calc( 100% + 60px ) !important;max-width:calc( 100% + 60px ) !important;margin-left: calc(-60px \/ 2 );margin-right: calc(-60px \/ 2 );\"><div class=\"fusion-layout-column fusion_builder_column fusion-builder-column-3 fusion_builder_column_2_5 2_5 fusion-flex-column\" style=\"--awb-bg-blend:overlay;--awb-bg-size:cover;--awb-width-large:40%;--awb-margin-top-large:0px;--awb-spacing-right-large:30px;--awb-margin-bottom-large:20px;--awb-spacing-left-large:30px;--awb-width-medium:75%;--awb-order-medium:0;--awb-spacing-right-medium:30px;--awb-spacing-left-medium:30px;--awb-width-small:100%;--awb-order-small:0;--awb-spacing-right-small:30px;--awb-spacing-left-small:30px;\"><div class=\"fusion-column-wrapper fusion-flex-justify-content-flex-start fusion-content-layout-column\"><div class=\"fusion-builder-row fusion-builder-row-inner fusion-row fusion-flex-align-items-flex-start fusion-flex-justify-content-center fusion-flex-content-wrap\" style=\"--awb-flex-grow:0;--awb-flex-grow-medium:0;--awb-flex-grow-small:0;--awb-flex-shrink:0;--awb-flex-shrink-medium:0;--awb-flex-shrink-small:0;width:calc( 100% + 60px ) !important;max-width:calc( 100% + 60px ) !important;margin-left: calc(-60px \/ 2 );margin-right: calc(-60px \/ 2 );\"><div class=\"fusion-layout-column fusion_builder_column_inner fusion-builder-nested-column-0 fusion_builder_column_inner_1_2 1_2 fusion-flex-column fusion-flex-align-self-center\" style=\"--awb-bg-size:cover;--awb-width-large:50%;--awb-margin-top-large:0px;--awb-spacing-right-large:30px;--awb-margin-bottom-large:0px;--awb-spacing-left-large:30px;--awb-width-medium:50%;--awb-order-medium:0;--awb-spacing-right-medium:30px;--awb-spacing-left-medium:30px;--awb-width-small:100%;--awb-order-small:1;--awb-spacing-right-small:30px;--awb-margin-bottom-small:20px;--awb-spacing-left-small:30px;\"><div class=\"fusion-column-wrapper fusion-column-has-shadow fusion-flex-justify-content-center fusion-content-layout-column\"><div class=\"fusion-text fusion-text-3 fusion-text-no-margin\" style=\"--awb-font-size:var(--awb-typography5-font-size);--awb-line-height:var(--awb-typography5-line-height);--awb-letter-spacing:var(--awb-typography5-letter-spacing);--awb-text-transform:var(--awb-typography5-text-transform);--awb-text-color:var(--awb-custom11);--awb-margin-top:0px;--awb-margin-right:0px;--awb-margin-bottom:0px;--awb-margin-left:0px;--awb-text-font-family:var(--awb-typography5-font-family);--awb-text-font-weight:var(--awb-typography5-font-weight);--awb-text-font-style:var(--awb-typography5-font-style);\"><p>18 April 2025<\/p>\n<\/div><\/div><\/div><div class=\"fusion-layout-column fusion_builder_column_inner fusion-builder-nested-column-1 fusion_builder_column_inner_1_2 1_2 fusion-flex-column fusion-flex-align-self-center\" style=\"--awb-bg-size:cover;--awb-width-large:50%;--awb-margin-top-large:0px;--awb-spacing-right-large:30px;--awb-margin-bottom-large:0px;--awb-spacing-left-large:30px;--awb-width-medium:50%;--awb-order-medium:0;--awb-spacing-right-medium:30px;--awb-spacing-left-medium:30px;--awb-width-small:100%;--awb-order-small:0;--awb-margin-top-small:0px;--awb-spacing-right-small:30px;--awb-spacing-left-small:30px;\"><div class=\"fusion-column-wrapper fusion-column-has-shadow fusion-flex-justify-content-center fusion-content-layout-column\"><div class=\"fusion-sharing-box fusion-sharing-box-1 boxed-icons\" style=\"background-color:var(--awb-color1);border-color:var(--awb-color1);--awb-margin-top:0px;--awb-margin-right:0px;--awb-margin-bottom:0px;--awb-margin-left:0px;--awb-wrapper-padding-top:0px;--awb-wrapper-padding-right:0px;--awb-wrapper-padding-bottom:0px;--awb-wrapper-padding-left:0px;--awb-padding-top:0px;--awb-padding-right:0px;--awb-padding-bottom:0px;--awb-padding-left:0px;--awb-border-top:0px;--awb-border-right:0px;--awb-border-bottom:0px;--awb-border-left:0px;--awb-icon-size:12px;--awb-separator-border-color:#cccccc;--awb-separator-border-sizes:0px;--awb-stacked-align:flex-end;--awb-layout:row;--awb-alignment-small:flex-end;--awb-stacked-align-small:center;\" data-title=\"Notizen vom Aventin | M\u00e4rz-April\" data-description=\"Your Content Goes Here       Liebe Schwestern und Br\u00fcder,\nbei einem Symposium in der vergangenen Woche erw\u00e4hnte, Abt Mauro Giuseppe Lepori, Generalabt der Zisterzienser und ein guter Freund unseres Hauses, die Ostererz\u00e4hlung aus den Dialogen Papst Gregors: den Priester, der \u2013 angeregt\" data-link=\"https:\/\/osb.org\/de\/2025\/04\/18\/notizen-vom-aventin-maerz-april\/\"><div class=\"fusion-social-networks sharingbox-shortcode-icon-wrapper sharingbox-shortcode-icon-wrapper-1 boxed-icons\"><span><a href=\"https:\/\/www.facebook.com\/sharer.php?u=https%3A%2F%2Fosb.org%2Fde%2F2025%2F04%2F18%2Fnotizen-vom-aventin-maerz-april%2F&amp;t=Notizen%20vom%20Aventin%20%7C%20M%C3%A4rz-April\" target=\"_blank\" rel=\"noreferrer\" title=\"Facebook\" aria-label=\"Facebook\"><i class=\"fusion-social-network-icon fusion-tooltip fusion-facebook awb-icon-facebook\" style=\"color:var(--awb-custom11);background-color:#e8e8e8;border-color:#e8e8e8;border-radius:50%;\" aria-hidden=\"true\"><\/i><\/a><\/span><span><a href=\"https:\/\/x.com\/intent\/post?text=Notizen%20vom%20Aventin%20%7C%20M%C3%A4rz-April&amp;url=https%3A%2F%2Fosb.org%2Fde%2F2025%2F04%2F18%2Fnotizen-vom-aventin-maerz-april%2F\" target=\"_blank\" rel=\"noopener noreferrer\" title=\"X\" aria-label=\"X\"><i class=\"fusion-social-network-icon fusion-tooltip fusion-twitter awb-icon-twitter\" style=\"color:var(--awb-custom11);background-color:#e8e8e8;border-color:#e8e8e8;border-radius:50%;\" aria-hidden=\"true\"><\/i><\/a><\/span><span><a href=\"https:\/\/api.whatsapp.com\/send?text=https%3A%2F%2Fosb.org%2Fde%2F2025%2F04%2F18%2Fnotizen-vom-aventin-maerz-april%2F\" target=\"_blank\" rel=\"noopener noreferrer\" title=\"WhatsApp\" aria-label=\"WhatsApp\"><i class=\"fusion-social-network-icon fusion-tooltip fusion-whatsapp awb-icon-whatsapp\" style=\"color:var(--awb-custom11);background-color:#e8e8e8;border-color:#e8e8e8;border-radius:50%;\" aria-hidden=\"true\"><\/i><\/a><\/span><span><a href=\"mailto:?subject=Notizen%20vom%20Aventin%20%7C%20M%C3%A4rz-April&amp;body=https%3A%2F%2Fosb.org%2Fde%2F2025%2F04%2F18%2Fnotizen-vom-aventin-maerz-april%2F\" target=\"_self\" title=\"Email\" aria-label=\"Email\"><i class=\"fusion-social-network-icon fusion-tooltip fusion-mail awb-icon-mail\" style=\"color:var(--awb-custom11);background-color:#e8e8e8;border-color:#e8e8e8;border-radius:50%;\" aria-hidden=\"true\"><\/i><\/a><\/span><\/div><\/div><\/div><\/div><\/div><div class=\"fusion-text fusion-text-4\"><p>Liebe Schwestern und Br\u00fcder,<\/p>\n<p>bei einem <a href=\"https:\/\/osb.org\/de\/2025\/04\/14\/santanselmo-veranstaltet-monastisches-symposium-zum-thema-weisheit\/\">Symposium in der vergangenen Woche erw\u00e4hnte<\/a>, Abt <a href=\"https:\/\/osb.org\/2025\/04\/10\/beyond-self-interest-the-true-meaning-of-discipleship-for-monks\/\">Mauro Giuseppe Lepori<\/a>, Generalabt der Zisterzienser und ein guter Freund unseres Hauses, die Ostererz\u00e4hlung aus den Dialogen Papst Gregors: den Priester, der \u2013 angeregt durch eine Vision - aufbrach, um seine k\u00f6stlichen Speisen mit dem H\u00f6hlenbewohner von Subiaco zu teilen. Wir alle kennen die Geschichte. Abt Mauro wies auf ein wichtiges Detail hin: Als der Priester bei Benedikt ankam und sein Anliegen erkl\u00e4rte, verstand dieser zun\u00e4chst nicht ganz und antwortete: \u201eIch wei\u00df, dass Ostern ist, weil ich Dich sehen darf.\u201c Jemanden zu empfangen, oder <em>vielmehr <\/em>einen Besucher zu Sehen , war f\u00fcr Benedikt bereits eine Art Ostern. Der Priester musste ihm erst klarmachen, dass es sich um das echt <em>Osterfest handelte<\/em>.     <\/p>\n<p>Benedikt suchte die Einsamkeit, und das mit extremer Ernsthaftigkeit. In seiner Nachfolge nennen wir uns bis heute M\u00f6nche \u2013 monachus und monaca, weil wir Menschen sein wollen, die gelernt haben, \u201emono\u201c, allein, gesammelt und zur\u00fcckgezogen zu leben \u2013 das \u201e<em>habitare secum<\/em>\u201c der Dialoge. Der Karfreitag liefert uns Worte und Bilder, die Christus als einen ganz Alleingelassenen zeigen: im Garten Gethsemane, durch das gesamte Leiden hindurch, bis hin zum Kreuz. In der spanischen katholischen Kultur wird das noch vertieft durch die Verehrung Unserer Lieben Frau von der Einsamkeit \u2013 Virgen de la Soledad \u2013 am Karsamstag. Es ist eine existentielle Grammatik des Einzelnen, die \u00fcber Intimit\u00e4t hinausgeht, die Einsamkeit aussch\u00f6pft und bis an den Tod r\u00fchrt.    <\/p>\n<p>Die Auferstehung stellt all das auf den Kopf. Christi Triumph \u00fcber den Tod wird durch Begegnungen gefeiert: Maria Magdalena, die J\u00fcnger von Emmaus, Thomas. Und bei jeder dieser Begegnungen lernen sie neu zu sehen und zu verstehen. Davon werden wir in den kommenden Wochen immer wieder h\u00f6ren.   <\/p>\n<p>Wir sind Koinobiten, und <em>communio<\/em> ist unsere Spezialit\u00e4t. Ich stelle mir unser Ostern als ein Augen\u00f6ffnen vor. Wir sehen den anderen: den \u00fcbersehenen Bruder, den Bettler an unserer T\u00fcr, den verzweifelten Sucher, der sich in unsere Kirche verirrt. Manche von uns m\u00fcssen vielleicht auch wieder lernen, sich selbst sehen zu <em>lassen<\/em>. Vielleicht m\u00fcssen wir unsere eigenen H\u00f6hlen verlassen und liebevollen Blicken erlauben, uns daran zu erinnern, dass Christus auferstanden ist. M\u00f6gen unsere Kl\u00f6ster Orte sein, an denen diese Osterhoffnung gelebt und erfahren wird \u2013 innerhalb und au\u00dferhalb der Mauern.     <\/p>\n<p>++++<\/p>\n<p>Ich berichte gerne noch \u00fcber einige Dinge, die sich aus dem letzten \u00c4btekongress ergeben: Die Vorbereitungen f\u00fcr das Jubil\u00e4um 2029 \u2013 1500 Jahre seit der Gr\u00fcndung von Montecassino \u2013 nehmen Gestalt an. Wir konnten einen Projektkoordinator gewinnen \u2013 Herrn Adam Simon aus Gro\u00dfbritannien \u2013, der uns helfen wird, dieses sch\u00f6ne, aber komplexe Vorhaben Wirklichkeit werden zu lassen. Es wird Jubil\u00e4umsveranstaltungen in Montecassino und hier in Rom geben, aber auch in der ganzen benediktinischen Familie. Dazu, so hoffen wir, viele andere Initiativen des kreativen Erinnerns und auch des Vorw\u00e4rtsdenkens. Wir arbeiten intensiv daran und hoffen, Ihnen bis Herbst dieses Jahres einen umfassenden Jubil\u00e4umsvorschlag pr\u00e4sentieren zu k\u00f6nnen. Der offizielle Titel des Jubil\u00e4ums soll lauten: \u201eLocus Iste: Orte der Hoffnung seit 529 - ein benediktinisches Jubil\u00e4um.\u201c      <\/p>\n<p>Der Kongress hat au\u00dferdem beschlossen, einen Kurs f\u00fcr neue \u00c4bte einzurichten, der das bereits bestehende Leadership- und Managementprogramm erg\u00e4nzen soll. Der Kurs soll zum ersten Mal 2026 stattfinden, vom 22. Juni bis 4. Juli. Weitere Informationen folgen zu gegebener Zeit.  <\/p>\n<p>Meine Landsleute lieben langfristige Planung, w\u00e4hrend man anderswo das Leben eher spontaner nimmt. Wie dem auch sei \u2013 aufgrund des Vorlaufs bei der Zimmerreservierung mussten wir die Termine f\u00fcr den \u00c4btekongress 2028 bereits festlegen: Anreise ist der 7. September, Abreise der 17. September. Neue \u00c4bte und Abtpr\u00e4sides sollten einen Tag fr\u00fcher anreisen.  <\/p>\n<p>++++<\/p>\n<p>F\u00fcr uns Kirchenleute hier in Rom (und wohl \u00fcberall) war es eine gro\u00dfe Erleichterung, als Papst Franziskus in den Vatikan zur\u00fcckkehrte und auch schon wieder in seinem unnachahmlichen pers\u00f6nlichen Stil aktiv wurde, auch wenn er sich offensichtlich noch erholen muss.<\/p>\n<p>In den Medien entsteht derzeit Eindruck, das Heilige Jahr finde gar nicht statt. Das st\u00fctzt sich auf Aussagen von Taxifahrern und Hotelbetreibern. Ein ganz anderes Bild liefern uns jedoch die Beichtv\u00e4ter in Rom, die von einer Verf\u00fcnffachung des Andrangs und langen Schlangen berichten. Ich kann das selber bet\u00e4tigen. Vielleicht sind Touristen und Pilger eben doch nicht dasselbe? F\u00fcr die Hoteliers Roms mag das entt\u00e4uschend sein, f\u00fcr die Kirche ist es keine schlechte Nachricht.   <\/p>\n<p>Eine Erinnerung: Wenn Sie oder Gruppen, die mit Ihrem Kloster verbunden sind, <a href=\"https:\/\/osb.org\/de\/2025\/02\/04\/santanselmo-empfaengt-pilger-im-heiligen-jahr-2025\/\">im Heiligen Jahr nach Sant\u2019Anselmo<\/a> kommen m\u00f6chten, geben Sie bitte unserem Gastpater Bescheid: guestmaster@anselmianum.com. Wir bieten solchen Gruppen gerne eine F\u00fchrung durch \u201eunser\u201c aller Haus hier in Rom an, und laden zur Teilnahme an einer Gebetszeit ein. <\/p>\n<p>Allerdings: Sie werden mich bei Ihrem Besuch nicht unbedingt antreffen. Der Mai ist gef\u00fcllt mit mehreren Kurzreisen in Europa. Au\u00dferdem nehme ich an der Konf\u00f6derationsversammlung der Benediktinerinnen der Ewigen Anbetung des Allerheiligsten Altarsakraments teil \u2013 eine Verpflichtung, die ich vor Jahren \u00fcbernommen habe. Ende Juni und Anfang Juli werde ich au\u00dferdem eine lange Klosterbesuchsreise machen, vor allem durch Frankreich. Wir haben sie augenzwinkernd \u201eTour de France\u201c genannt \u2013 allerdings mit dem Auto, nicht dem Fahrrad. Einige von Ihnen werde ich dabei treffen, und darauf freue ich mich schon sehr.     <\/p>\n<p>Mit frohen Ostergr\u00fc\u00dfen aus Rom!<\/p>\n<p>Ihr und Euer<\/p>\n<p>Jeremias Schr\u00f6der OSB<br \/>Abtprimas<\/p>\n<p>N.B. NEXUS comes out in many languages. As you probably can tell, some of these translations are produced with the help of modern AI tools. If you find the language of your version slightly stilted are awkward, this is probably the reason. Thanks for being patient and forbearing!   <\/p>\n<\/div><\/div><\/div><\/div><\/div><\/p>\n","protected":false},"excerpt":{"rendered":"<p>In seinen Gedanken zu Ostern erz\u00e4hlt Abtprimas Jeremias Schr\u00f6der eine Geschichte aus den Dialogen von Papst Gregor: F\u00fcr den heiligen Benedikt war der Empfang eines Besuchers bereits eine Art Ostern. Es erinnert uns daran, dass die Begegnung mit anderen mit Offenheit und Gastfreundschaft eine Form der Auferstehung in unserem t\u00e4glichen Leben sein kann. <\/p>\n","protected":false},"author":1,"featured_media":13770,"comment_status":"closed","ping_status":"closed","sticky":false,"template":"","format":"standard","meta":{"footnotes":""},"categories":[184],"tags":[208,205],"class_list":["post-13771","post","type-post","status-publish","format-standard","has-post-thumbnail","hentry","category-nexus-de","tag-nexus-april-2025-de","tag-nexus-vom-abtprimas-de"],"cc_featured_image_caption":{"caption_text":false,"source_text":false,"source_url":false},"_links":{"self":[{"href":"https:\/\/osb.org\/de\/wp-json\/wp\/v2\/posts\/13771","targetHints":{"allow":["GET"]}}],"collection":[{"href":"https:\/\/osb.org\/de\/wp-json\/wp\/v2\/posts"}],"about":[{"href":"https:\/\/osb.org\/de\/wp-json\/wp\/v2\/types\/post"}],"author":[{"embeddable":true,"href":"https:\/\/osb.org\/de\/wp-json\/wp\/v2\/users\/1"}],"replies":[{"embeddable":true,"href":"https:\/\/osb.org\/de\/wp-json\/wp\/v2\/comments?post=13771"}],"version-history":[{"count":0,"href":"https:\/\/osb.org\/de\/wp-json\/wp\/v2\/posts\/13771\/revisions"}],"wp:featuredmedia":[{"embeddable":true,"href":"https:\/\/osb.org\/de\/wp-json\/wp\/v2\/media\/13770"}],"wp:attachment":[{"href":"https:\/\/osb.org\/de\/wp-json\/wp\/v2\/media?parent=13771"}],"wp:term":[{"taxonomy":"category","embeddable":true,"href":"https:\/\/osb.org\/de\/wp-json\/wp\/v2\/categories?post=13771"},{"taxonomy":"post_tag","embeddable":true,"href":"https:\/\/osb.org\/de\/wp-json\/wp\/v2\/tags?post=13771"}],"curies":[{"name":"wp","href":"https:\/\/api.w.org\/{rel}","templated":true}]}}