{"id":13729,"date":"2025-06-09T17:43:12","date_gmt":"2025-06-09T15:43:12","guid":{"rendered":"https:\/\/osb.org\/2025\/06\/09\/benediktinerbischof-hanke-beendet-jahrzehntelangen-dienst\/"},"modified":"2025-09-16T22:40:04","modified_gmt":"2025-09-16T20:40:04","slug":"benediktinerbischof-hanke-beendet-jahrzehntelangen-dienst","status":"publish","type":"post","link":"https:\/\/osb.org\/de\/2025\/06\/09\/benediktinerbischof-hanke-beendet-jahrzehntelangen-dienst\/","title":{"rendered":"Benediktinerbischof Hanke beendet jahrzehntelangen Dienst"},"content":{"rendered":"<p><div class=\"fusion-fullwidth fullwidth-box fusion-builder-row-1 fusion-flex-container has-pattern-background has-mask-background hundred-percent-fullwidth non-hundred-percent-height-scrolling\" style=\"--awb-border-sizes-bottom:1px;--awb-border-color:var(--awb-custom11);--awb-border-radius-top-left:0px;--awb-border-radius-top-right:0px;--awb-border-radius-bottom-right:0px;--awb-border-radius-bottom-left:0px;--awb-padding-right:60px;--awb-padding-bottom:20px;--awb-padding-left:60px;--awb-padding-right-small:30px;--awb-padding-left-small:30px;--awb-margin-top-medium:1px;--awb-margin-top-small:0px;--awb-flex-wrap:wrap;\" ><div class=\"fusion-builder-row fusion-row fusion-flex-align-items-center fusion-flex-justify-content-flex-end fusion-flex-content-wrap\" style=\"width:calc( 100% + 60px ) !important;max-width:calc( 100% + 60px ) !important;margin-left: calc(-60px \/ 2 );margin-right: calc(-60px \/ 2 );\"><div class=\"fusion-layout-column fusion_builder_column fusion-builder-column-0 fusion_builder_column_1_2 1_2 fusion-flex-column\" style=\"--awb-padding-right:60px;--awb-padding-left:60px;--awb-padding-right-small:0px;--awb-padding-left-small:0px;--awb-bg-size:cover;--awb-width-large:50%;--awb-margin-top-large:0px;--awb-spacing-right-large:30px;--awb-margin-bottom-large:20px;--awb-spacing-left-large:30px;--awb-width-medium:100%;--awb-order-medium:0;--awb-margin-top-medium:20px;--awb-spacing-right-medium:30px;--awb-margin-bottom-medium:0px;--awb-spacing-left-medium:30px;--awb-width-small:100%;--awb-order-small:0;--awb-spacing-right-small:30px;--awb-spacing-left-small:30px;\"><div class=\"fusion-column-wrapper fusion-column-has-shadow fusion-flex-justify-content-flex-start fusion-content-layout-column\"><div class=\"fusion-title title fusion-title-1 fusion-sep-none fusion-title-text fusion-title-size-one\" style=\"--awb-text-color:var(--awb-custom13);--awb-margin-top-small:0px;--awb-margin-right-small:0px;--awb-margin-bottom-small:20px;--awb-margin-left-small:0px;--awb-font-size:40px;\"><h1 class=\"fusion-title-heading title-heading-left md-text-align-center fusion-responsive-typography-calculated\" style=\"font-family:var(--awb-typography1-font-family);font-weight:var(--awb-typography1-font-weight);font-style:var(--awb-typography1-font-style);margin:0;letter-spacing:var(--awb-typography1-letter-spacing);text-transform:var(--awb-typography1-text-transform);font-size:1em;--fontSize:40;line-height:var(--awb-typography1-line-height);\">Benediktinerbischof Hanke beendet jahrzehntelangen Dienst<\/h1><\/div><div class=\"fusion-text fusion-text-1 fusion-no-small-visibility fusion-no-medium-visibility\" style=\"--awb-font-size:var(--awb-typography3-font-size);--awb-line-height:var(--awb-typography3-line-height);--awb-letter-spacing:var(--awb-typography3-letter-spacing);--awb-text-transform:var(--awb-typography3-text-transform);--awb-text-color:var(--awb-custom12);--awb-text-font-family:var(--awb-typography3-font-family);--awb-text-font-weight:var(--awb-typography3-font-weight);--awb-text-font-style:var(--awb-typography3-font-style);\"><p>Bischof Gregor Maria Hanke OSB ist nach fast zwanzigj\u00e4hriger Leitung des Bistums Eichst\u00e4tt in den Ruhestand getreten. Seine Amtszeit verband benediktinische Tradition mit einem Engagement f\u00fcr \u00f6kologische, pastorale und bildungspolitische Erneuerung. <\/p>\n<\/div><\/div><\/div><div class=\"fusion-layout-column fusion_builder_column fusion-builder-column-1 fusion_builder_column_1_2 1_2 fusion-flex-column\" style=\"--awb-bg-size:cover;--awb-width-large:50%;--awb-margin-top-large:0px;--awb-spacing-right-large:30px;--awb-margin-bottom-large:0px;--awb-spacing-left-large:30px;--awb-width-medium:100%;--awb-order-medium:0;--awb-spacing-right-medium:30px;--awb-spacing-left-medium:30px;--awb-width-small:100%;--awb-order-small:0;--awb-spacing-right-small:30px;--awb-spacing-left-small:30px;\"><div class=\"fusion-column-wrapper fusion-column-has-shadow fusion-flex-justify-content-flex-start fusion-content-layout-column\"><div class=\"fusion-image-element \" style=\"--awb-caption-title-font-family:var(--h2_typography-font-family);--awb-caption-title-font-weight:var(--h2_typography-font-weight);--awb-caption-title-font-style:var(--h2_typography-font-style);--awb-caption-title-size:var(--h2_typography-font-size);--awb-caption-title-transform:var(--h2_typography-text-transform);--awb-caption-title-line-height:var(--h2_typography-line-height);--awb-caption-title-letter-spacing:var(--h2_typography-letter-spacing);\"><span class=\" fusion-imageframe imageframe-none imageframe-1 hover-type-none\" style=\"border:1px solid var(--awb-custom10);\"><a href=\"https:\/\/osb.org\/wp-content\/uploads\/2025\/06\/Sternsingeraussendung_Neumarkt_2016_-_129.jpg\" class=\"fusion-lightbox\" data-rel=\"iLightbox[cf26a740349b5b9b6a6]\" data-title=\"Sternsingeraussendung_Neumarkt_2016_-_129\" title=\"Sternsingeraussendung_Neumarkt_2016_-_129\"><img decoding=\"async\" width=\"1920\" height=\"1080\" src=\"https:\/\/osb.org\/wp-content\/uploads\/2025\/06\/Sternsingeraussendung_Neumarkt_2016_-_129.jpg\" data-orig-src=\"https:\/\/osb.org\/wp-content\/uploads\/2025\/06\/Sternsingeraussendung_Neumarkt_2016_-_129.jpg\" alt class=\"lazyload img-responsive wp-image-13730\" srcset=\"data:image\/svg+xml,%3Csvg%20xmlns%3D%27http%3A%2F%2Fwww.w3.org%2F2000%2Fsvg%27%20width%3D%271920%27%20height%3D%271080%27%20viewBox%3D%270%200%201920%201080%27%3E%3Crect%20width%3D%271920%27%20height%3D%271080%27%20fill-opacity%3D%220%22%2F%3E%3C%2Fsvg%3E\" data-srcset=\"https:\/\/osb.org\/wp-content\/uploads\/2025\/06\/Sternsingeraussendung_Neumarkt_2016_-_129-200x113.jpg 200w, https:\/\/osb.org\/wp-content\/uploads\/2025\/06\/Sternsingeraussendung_Neumarkt_2016_-_129-400x225.jpg 400w, https:\/\/osb.org\/wp-content\/uploads\/2025\/06\/Sternsingeraussendung_Neumarkt_2016_-_129-600x338.jpg 600w, https:\/\/osb.org\/wp-content\/uploads\/2025\/06\/Sternsingeraussendung_Neumarkt_2016_-_129-800x450.jpg 800w, https:\/\/osb.org\/wp-content\/uploads\/2025\/06\/Sternsingeraussendung_Neumarkt_2016_-_129-1200x675.jpg 1200w, https:\/\/osb.org\/wp-content\/uploads\/2025\/06\/Sternsingeraussendung_Neumarkt_2016_-_129.jpg 1920w\" data-sizes=\"auto\" data-orig-sizes=\"(max-width: 1024px) 100vw, (max-width: 640px) 100vw, 600px\" \/><\/a><\/span><\/div><div class=\"fusion-text fusion-text-2 fusion-text-no-margin\" style=\"--awb-font-size:var(--awb-typography5-font-size);--awb-line-height:var(--awb-typography5-line-height);--awb-letter-spacing:var(--awb-typography5-letter-spacing);--awb-text-transform:var(--awb-typography5-text-transform);--awb-text-color:var(--awb-custom11);--awb-margin-top:12px;--awb-margin-bottom:12px;--awb-text-font-family:var(--awb-typography5-font-family);--awb-text-font-weight:var(--awb-typography5-font-weight);--awb-text-font-style:var(--awb-typography5-font-style);\"><\/div><\/div><\/div><div class=\"fusion-layout-column fusion_builder_column fusion-builder-column-2 fusion_builder_column_1_2 1_2 fusion-flex-column\" style=\"--awb-bg-size:cover;--awb-width-large:50%;--awb-margin-top-large:0px;--awb-spacing-right-large:30px;--awb-margin-bottom-large:0px;--awb-spacing-left-large:30px;--awb-width-medium:100%;--awb-order-medium:0;--awb-spacing-right-medium:30px;--awb-spacing-left-medium:30px;--awb-width-small:100%;--awb-order-small:0;--awb-spacing-right-small:30px;--awb-spacing-left-small:30px;\"><div class=\"fusion-column-wrapper fusion-column-has-shadow fusion-flex-justify-content-flex-start fusion-content-layout-column\"><div class=\"fusion-separator fusion-full-width-sep\" style=\"align-self: center;margin-left: auto;margin-right: auto;width:100%;\"><div class=\"fusion-separator-border sep-single sep-solid\" style=\"--awb-height:20px;--awb-amount:20px;--awb-sep-color:var(--awb-color4);border-color:var(--awb-color4);border-top-width:3px;\"><\/div><\/div><\/div><\/div><\/div><\/div><div class=\"fusion-fullwidth fullwidth-box fusion-builder-row-2 fusion-flex-container has-pattern-background has-mask-background hundred-percent-fullwidth non-hundred-percent-height-scrolling\" style=\"--awb-border-radius-top-left:0px;--awb-border-radius-top-right:0px;--awb-border-radius-bottom-right:0px;--awb-border-radius-bottom-left:0px;--awb-padding-right:60px;--awb-padding-left:60px;--awb-padding-right-medium:60px;--awb-padding-left-medium:60px;--awb-padding-right-small:30px;--awb-padding-left-small:30px;--awb-margin-top:30px;--awb-margin-top-small:0px;--awb-flex-wrap:wrap;\" ><div class=\"fusion-builder-row fusion-row fusion-flex-align-items-flex-start fusion-flex-justify-content-center fusion-flex-content-wrap\" style=\"width:calc( 100% + 60px ) !important;max-width:calc( 100% + 60px ) !important;margin-left: calc(-60px \/ 2 );margin-right: calc(-60px \/ 2 );\"><div class=\"fusion-layout-column fusion_builder_column fusion-builder-column-3 fusion_builder_column_2_5 2_5 fusion-flex-column\" style=\"--awb-bg-blend:overlay;--awb-bg-size:cover;--awb-width-large:40%;--awb-margin-top-large:0px;--awb-spacing-right-large:30px;--awb-margin-bottom-large:20px;--awb-spacing-left-large:30px;--awb-width-medium:75%;--awb-order-medium:0;--awb-spacing-right-medium:30px;--awb-spacing-left-medium:30px;--awb-width-small:100%;--awb-order-small:0;--awb-spacing-right-small:30px;--awb-spacing-left-small:30px;\"><div class=\"fusion-column-wrapper fusion-flex-justify-content-flex-start fusion-content-layout-column\"><div class=\"fusion-builder-row fusion-builder-row-inner fusion-row fusion-flex-align-items-flex-start fusion-flex-justify-content-center fusion-flex-content-wrap\" style=\"--awb-flex-grow:0;--awb-flex-grow-medium:0;--awb-flex-grow-small:0;--awb-flex-shrink:0;--awb-flex-shrink-medium:0;--awb-flex-shrink-small:0;width:calc( 100% + 60px ) !important;max-width:calc( 100% + 60px ) !important;margin-left: calc(-60px \/ 2 );margin-right: calc(-60px \/ 2 );\"><div class=\"fusion-layout-column fusion_builder_column_inner fusion-builder-nested-column-0 fusion_builder_column_inner_1_2 1_2 fusion-flex-column fusion-flex-align-self-center\" style=\"--awb-bg-size:cover;--awb-width-large:50%;--awb-margin-top-large:0px;--awb-spacing-right-large:30px;--awb-margin-bottom-large:0px;--awb-spacing-left-large:30px;--awb-width-medium:50%;--awb-order-medium:0;--awb-spacing-right-medium:30px;--awb-spacing-left-medium:30px;--awb-width-small:100%;--awb-order-small:1;--awb-spacing-right-small:30px;--awb-margin-bottom-small:20px;--awb-spacing-left-small:30px;\"><div class=\"fusion-column-wrapper fusion-column-has-shadow fusion-flex-justify-content-center fusion-content-layout-column\"><div class=\"fusion-text fusion-text-3 fusion-text-no-margin\" style=\"--awb-font-size:var(--awb-typography5-font-size);--awb-line-height:var(--awb-typography5-line-height);--awb-letter-spacing:var(--awb-typography5-letter-spacing);--awb-text-transform:var(--awb-typography5-text-transform);--awb-text-color:var(--awb-custom11);--awb-margin-top:0px;--awb-margin-right:0px;--awb-margin-bottom:0px;--awb-margin-left:0px;--awb-text-font-family:var(--awb-typography5-font-family);--awb-text-font-weight:var(--awb-typography5-font-weight);--awb-text-font-style:var(--awb-typography5-font-style);\"><p>9 Juni 2025<\/p>\n<\/div><\/div><\/div><div class=\"fusion-layout-column fusion_builder_column_inner fusion-builder-nested-column-1 fusion_builder_column_inner_1_2 1_2 fusion-flex-column fusion-flex-align-self-center\" style=\"--awb-bg-size:cover;--awb-width-large:50%;--awb-margin-top-large:0px;--awb-spacing-right-large:30px;--awb-margin-bottom-large:0px;--awb-spacing-left-large:30px;--awb-width-medium:50%;--awb-order-medium:0;--awb-spacing-right-medium:30px;--awb-spacing-left-medium:30px;--awb-width-small:100%;--awb-order-small:0;--awb-margin-top-small:0px;--awb-spacing-right-small:30px;--awb-spacing-left-small:30px;\"><div class=\"fusion-column-wrapper fusion-column-has-shadow fusion-flex-justify-content-center fusion-content-layout-column\"><div class=\"fusion-sharing-box fusion-sharing-box-1 boxed-icons\" style=\"background-color:var(--awb-color1);border-color:var(--awb-color1);--awb-margin-top:0px;--awb-margin-right:0px;--awb-margin-bottom:0px;--awb-margin-left:0px;--awb-wrapper-padding-top:0px;--awb-wrapper-padding-right:0px;--awb-wrapper-padding-bottom:0px;--awb-wrapper-padding-left:0px;--awb-padding-top:0px;--awb-padding-right:0px;--awb-padding-bottom:0px;--awb-padding-left:0px;--awb-border-top:0px;--awb-border-right:0px;--awb-border-bottom:0px;--awb-border-left:0px;--awb-icon-size:12px;--awb-separator-border-color:#cccccc;--awb-separator-border-sizes:0px;--awb-stacked-align:flex-end;--awb-layout:row;--awb-alignment-small:flex-end;--awb-stacked-align-small:center;\" data-title=\"Benediktinerbischof Hanke beendet jahrzehntelangen Dienst\" data-description=\"Your Content Goes Here       \r\n\r\nEIN BENEDIKTINERBISCHOF\r\n\r\nBischof Gregor Maria Hanke war lange Zeit der einzige Ordensmann in der Deutschen Bischofskonferenz. (Inzwischen sind es drei.) Sein Bistum Eichst\u00e4tt hat eine altehrw\u00fcrdige benediktinische Tradition: Es wurde von dem angels\u00e4chsischen Benediktiner Willibald gegr\u00fcndet. Die dortige Abtei\" data-link=\"https:\/\/osb.org\/de\/2025\/06\/09\/benediktinerbischof-hanke-beendet-jahrzehntelangen-dienst\/\"><div class=\"fusion-social-networks sharingbox-shortcode-icon-wrapper sharingbox-shortcode-icon-wrapper-1 boxed-icons\"><span><a href=\"https:\/\/www.facebook.com\/sharer.php?u=https%3A%2F%2Fosb.org%2Fde%2F2025%2F06%2F09%2Fbenediktinerbischof-hanke-beendet-jahrzehntelangen-dienst%2F&amp;t=Benediktinerbischof%20Hanke%20beendet%20jahrzehntelangen%20Dienst\" target=\"_blank\" rel=\"noreferrer\" title=\"Facebook\" aria-label=\"Facebook\"><i class=\"fusion-social-network-icon fusion-tooltip fusion-facebook awb-icon-facebook\" style=\"color:var(--awb-custom11);background-color:#e8e8e8;border-color:#e8e8e8;border-radius:50%;\" aria-hidden=\"true\"><\/i><\/a><\/span><span><a href=\"https:\/\/x.com\/intent\/post?text=Benediktinerbischof%20Hanke%20beendet%20jahrzehntelangen%20Dienst&amp;url=https%3A%2F%2Fosb.org%2Fde%2F2025%2F06%2F09%2Fbenediktinerbischof-hanke-beendet-jahrzehntelangen-dienst%2F\" target=\"_blank\" rel=\"noopener noreferrer\" title=\"X\" aria-label=\"X\"><i class=\"fusion-social-network-icon fusion-tooltip fusion-twitter awb-icon-twitter\" style=\"color:var(--awb-custom11);background-color:#e8e8e8;border-color:#e8e8e8;border-radius:50%;\" aria-hidden=\"true\"><\/i><\/a><\/span><span><a href=\"https:\/\/api.whatsapp.com\/send?text=https%3A%2F%2Fosb.org%2Fde%2F2025%2F06%2F09%2Fbenediktinerbischof-hanke-beendet-jahrzehntelangen-dienst%2F\" target=\"_blank\" rel=\"noopener noreferrer\" title=\"WhatsApp\" aria-label=\"WhatsApp\"><i class=\"fusion-social-network-icon fusion-tooltip fusion-whatsapp awb-icon-whatsapp\" style=\"color:var(--awb-custom11);background-color:#e8e8e8;border-color:#e8e8e8;border-radius:50%;\" aria-hidden=\"true\"><\/i><\/a><\/span><span><a href=\"mailto:?subject=Benediktinerbischof%20Hanke%20beendet%20jahrzehntelangen%20Dienst&amp;body=https%3A%2F%2Fosb.org%2Fde%2F2025%2F06%2F09%2Fbenediktinerbischof-hanke-beendet-jahrzehntelangen-dienst%2F\" target=\"_self\" title=\"Email\" aria-label=\"Email\"><i class=\"fusion-social-network-icon fusion-tooltip fusion-mail awb-icon-mail\" style=\"color:var(--awb-custom11);background-color:#e8e8e8;border-color:#e8e8e8;border-radius:50%;\" aria-hidden=\"true\"><\/i><\/a><\/span><\/div><\/div><\/div><\/div><\/div><div class=\"fusion-text fusion-text-4\"><p><strong>EIN BENEDIKTINERBISCHOF<\/strong><\/p>\n<p>Bischof Gregor Maria Hanke war lange Zeit der einzige Ordensmann in der Deutschen Bischofskonferenz. (Inzwischen sind es drei.) Sein Bistum Eichst\u00e4tt hat eine altehrw\u00fcrdige benediktinische Tradition: Es wurde von dem angels\u00e4chsischen Benediktiner Willibald gegr\u00fcndet. Die dortige Abtei St. Walburga ist ein bedeutender Ort ununterbrochenen monastischen Lebens. Hankes benediktinische Identit\u00e4t blieb stets sehr sichtbar, nicht zuletzt, weil er das Ordensgewand nicht nur privat, sondern auch bei vielen offiziellen Anl\u00e4ssen trug.    <\/p>\n<p>Zu Beginn seines Episkopats brachte er viele Anliegen aus seinem Kloster <a href=\"https:\/\/en.wikipedia.org\/wiki\/Plankstetten_Abbey\" target=\"_blank\" rel=\"noopener\">Plankstetten<\/a> in das Bistum Eichst\u00e4tt ein, vor allem eine starke \u00f6kologische Ausrichtung. Aus pers\u00f6nlichem Interesse und in Fortf\u00fchrung einer \u00e4lteren lokalen Tradition f\u00f6rderte er das Studium von Mitgliedern byzantinischer Kirchen am Collegium Orientale, das w\u00e4hrend seiner Amtszeit neu aufbl\u00fchte. Damit f\u00fchrte Bischof Hanke eine Dimension des kirchlichen Lebens fort, die den Benediktinern seit \u00fcber hundert Jahren in besonderer Weise anvertraut ist.  <\/p>\n<p>In den letzten f\u00fcnf Jahren war Bischof Hanke auch innerhalb des Benediktinerordens im Auftrag von Maria Laach t\u00e4tig, zuerst als Apostolischer Visitator und zuletzt als geistlicher Assistent.<\/p>\n<p>Unsere monastische Tradition umfasst auch ein starkes Gef\u00fchl der Autonomie. Bischof Hanke geh\u00f6rte oft zu der Minderheit von Bisch\u00f6fen, die die Mehrheitsentscheidungen der Deutschen Bischofskonferenz nicht unterst\u00fctzten. <\/p>\n<p>Sehr benediktinisch war auch die ruhige und nachdenkliche Art von Bischof Hanke. Er ist kein lauter oder aufdringlicher Mann, sondern einer, der in wohl\u00fcberlegten T\u00f6nen spricht. Dies hat seinen Bischofsdienst sicherlich nicht einfacher gemacht. Sein R\u00fccktritt vor Erreichen des kanonischen Pensionsalters f\u00fcr Bisch\u00f6fe mag vielleicht auch diese Umst\u00e4nde widerspiegeln.   <\/p>\n<p>Er m\u00f6chte weiterhin als Seelsorger t\u00e4tig sein und, so vermuten wir, auch wieder mehr wie ein M\u00f6nch leben. Wir w\u00fcnschen ihm sowohl einen fruchtbaren Dienst als auch etwas von dem \u201evacare Deo\u201c, das in seinen Bischofsjahren sicherlich Mangelware war.<\/p>\n<\/div><div ><a class=\"fusion-button button-flat fusion-button-default-size button-custom fusion-button-default button-1 fusion-button-span-yes fusion-button-default-type\" style=\"--awb-margin-top:10px;--button_accent_color:#ffffff;--button_accent_hover_color:#ffffff;--button_border_hover_color:#ffffff;--button_gradient_top_color:#1f7aa7;--button_gradient_bottom_color:#1f7aa7;--button_gradient_top_color_hover:#72cee0;--button_gradient_bottom_color_hover:#72cee0;\" target=\"_self\" href=\"https:\/\/www.vaticannews.va\/de\/kirche\/news\/2025-06\/deutschland-ruecktritt-bischof-gregor-hanke-eichstaett-papst-leo.html\"><span class=\"fusion-button-text awb-button__text awb-button__text--default\">Vatican News Website |DE|<\/span><\/a><\/div><div ><a class=\"fusion-button button-flat fusion-button-default-size button-custom fusion-button-default button-2 fusion-button-span-yes fusion-button-default-type\" style=\"--awb-margin-top:10px;--button_accent_color:#ffffff;--button_accent_hover_color:#ffffff;--button_border_hover_color:#ffffff;--button_gradient_top_color:#1f7aa7;--button_gradient_bottom_color:#1f7aa7;--button_gradient_top_color_hover:#72cee0;--button_gradient_bottom_color_hover:#72cee0;\" target=\"_self\" href=\"https:\/\/en.wikipedia.org\/wiki\/Gregor_Maria_Hanke\"><span class=\"fusion-button-text awb-button__text awb-button__text--default\">Gregor Maria Hanke Wikipedia<\/span><\/a><\/div><\/div><\/div><\/div><\/div><\/p>\n","protected":false},"excerpt":{"rendered":"<p>Bischof Gregor Maria Hanke OSB ist nach fast zwanzigj\u00e4hriger Leitung des Bistums Eichst\u00e4tt in den Ruhestand getreten. Seine Amtszeit verband benediktinische Tradition mit einem Engagement f\u00fcr \u00f6kologische, pastorale und bildungspolitische Erneuerung. <\/p>\n","protected":false},"author":1,"featured_media":13730,"comment_status":"closed","ping_status":"closed","sticky":false,"template":"","format":"standard","meta":{"footnotes":""},"categories":[188,184],"tags":[211,368,206],"class_list":["post-13729","post","type-post","status-publish","format-standard","has-post-thumbnail","hentry","category-nachrichten-de","category-nexus-de","tag-nexus-juli-2025-de","tag-nexus-benediktinischer-weltbericht-de","tag-nexus-fuhrungswechsel-de"],"cc_featured_image_caption":{"caption_text":false,"source_text":false,"source_url":false},"_links":{"self":[{"href":"https:\/\/osb.org\/de\/wp-json\/wp\/v2\/posts\/13729","targetHints":{"allow":["GET"]}}],"collection":[{"href":"https:\/\/osb.org\/de\/wp-json\/wp\/v2\/posts"}],"about":[{"href":"https:\/\/osb.org\/de\/wp-json\/wp\/v2\/types\/post"}],"author":[{"embeddable":true,"href":"https:\/\/osb.org\/de\/wp-json\/wp\/v2\/users\/1"}],"replies":[{"embeddable":true,"href":"https:\/\/osb.org\/de\/wp-json\/wp\/v2\/comments?post=13729"}],"version-history":[{"count":0,"href":"https:\/\/osb.org\/de\/wp-json\/wp\/v2\/posts\/13729\/revisions"}],"wp:featuredmedia":[{"embeddable":true,"href":"https:\/\/osb.org\/de\/wp-json\/wp\/v2\/media\/13730"}],"wp:attachment":[{"href":"https:\/\/osb.org\/de\/wp-json\/wp\/v2\/media?parent=13729"}],"wp:term":[{"taxonomy":"category","embeddable":true,"href":"https:\/\/osb.org\/de\/wp-json\/wp\/v2\/categories?post=13729"},{"taxonomy":"post_tag","embeddable":true,"href":"https:\/\/osb.org\/de\/wp-json\/wp\/v2\/tags?post=13729"}],"curies":[{"name":"wp","href":"https:\/\/api.w.org\/{rel}","templated":true}]}}