{"id":13609,"date":"2025-06-13T17:36:40","date_gmt":"2025-06-13T15:36:40","guid":{"rendered":"https:\/\/osb.org\/2025\/06\/13\/oekumenischer-patriarch-bartholomaeus-erhaelt-heufelder-preis\/"},"modified":"2025-09-16T16:52:51","modified_gmt":"2025-09-16T14:52:51","slug":"oekumenischer-patriarch-bartholomaeus-erhaelt-heufelder-preis","status":"publish","type":"post","link":"https:\/\/osb.org\/de\/2025\/06\/13\/oekumenischer-patriarch-bartholomaeus-erhaelt-heufelder-preis\/","title":{"rendered":"\u00d6kumenischer Patriarch Bartholom\u00e4us erh\u00e4lt Heufelder-Preis"},"content":{"rendered":"<p><div class=\"fusion-fullwidth fullwidth-box fusion-builder-row-1 fusion-flex-container has-pattern-background has-mask-background hundred-percent-fullwidth non-hundred-percent-height-scrolling\" style=\"--awb-border-sizes-bottom:1px;--awb-border-color:var(--awb-custom11);--awb-border-radius-top-left:0px;--awb-border-radius-top-right:0px;--awb-border-radius-bottom-right:0px;--awb-border-radius-bottom-left:0px;--awb-padding-right:60px;--awb-padding-bottom:20px;--awb-padding-left:60px;--awb-padding-right-small:30px;--awb-padding-left-small:30px;--awb-margin-top-medium:1px;--awb-margin-top-small:0px;--awb-flex-wrap:wrap;\" ><div class=\"fusion-builder-row fusion-row fusion-flex-align-items-center fusion-flex-justify-content-flex-end fusion-flex-content-wrap\" style=\"width:calc( 100% + 60px ) !important;max-width:calc( 100% + 60px ) !important;margin-left: calc(-60px \/ 2 );margin-right: calc(-60px \/ 2 );\"><div class=\"fusion-layout-column fusion_builder_column fusion-builder-column-0 fusion_builder_column_1_2 1_2 fusion-flex-column\" style=\"--awb-padding-right:60px;--awb-padding-left:60px;--awb-padding-right-small:0px;--awb-padding-left-small:0px;--awb-bg-size:cover;--awb-width-large:50%;--awb-margin-top-large:0px;--awb-spacing-right-large:30px;--awb-margin-bottom-large:20px;--awb-spacing-left-large:30px;--awb-width-medium:100%;--awb-order-medium:0;--awb-margin-top-medium:20px;--awb-spacing-right-medium:30px;--awb-margin-bottom-medium:0px;--awb-spacing-left-medium:30px;--awb-width-small:100%;--awb-order-small:0;--awb-spacing-right-small:30px;--awb-spacing-left-small:30px;\"><div class=\"fusion-column-wrapper fusion-column-has-shadow fusion-flex-justify-content-flex-start fusion-content-layout-column\"><div class=\"fusion-title title fusion-title-1 fusion-sep-none fusion-title-text fusion-title-size-one\" style=\"--awb-text-color:var(--awb-custom13);--awb-margin-top-small:0px;--awb-margin-right-small:0px;--awb-margin-bottom-small:20px;--awb-margin-left-small:0px;--awb-font-size:40px;\"><h1 class=\"fusion-title-heading title-heading-left md-text-align-center fusion-responsive-typography-calculated\" style=\"font-family:var(--awb-typography1-font-family);font-weight:var(--awb-typography1-font-weight);font-style:var(--awb-typography1-font-style);margin:0;letter-spacing:var(--awb-typography1-letter-spacing);text-transform:var(--awb-typography1-text-transform);font-size:1em;--fontSize:40;line-height:var(--awb-typography1-line-height);\">\u00d6kumenischer Patriarch Bartholom\u00e4us erh\u00e4lt Heufelder-Preis<\/h1><\/div><div class=\"fusion-text fusion-text-1 fusion-no-small-visibility fusion-no-medium-visibility\" style=\"--awb-font-size:var(--awb-typography3-font-size);--awb-line-height:var(--awb-typography3-line-height);--awb-letter-spacing:var(--awb-typography3-letter-spacing);--awb-text-transform:var(--awb-typography3-text-transform);--awb-text-color:var(--awb-custom12);--awb-text-font-family:var(--awb-typography3-font-family);--awb-text-font-weight:var(--awb-typography3-font-weight);--awb-text-font-style:var(--awb-typography3-font-style);\"><p>\u00d6kumenischem Patriarch Bartholom\u00e4us wurde von der Abtei Niederaltaich der Emmanuel-Heufelder-Preis f\u00fcr sein lebenslanges Engagement f\u00fcr den \u00f6kumenischen Dialog verliehen. Die Auszeichnung unterstreicht das langj\u00e4hrige benediktinische Engagement f\u00fcr die Ostkirchen. <\/p>\n<\/div><\/div><\/div><div class=\"fusion-layout-column fusion_builder_column fusion-builder-column-1 fusion_builder_column_1_2 1_2 fusion-flex-column\" style=\"--awb-bg-size:cover;--awb-width-large:50%;--awb-margin-top-large:0px;--awb-spacing-right-large:30px;--awb-margin-bottom-large:0px;--awb-spacing-left-large:30px;--awb-width-medium:100%;--awb-order-medium:0;--awb-spacing-right-medium:30px;--awb-spacing-left-medium:30px;--awb-width-small:100%;--awb-order-small:0;--awb-spacing-right-small:30px;--awb-spacing-left-small:30px;\"><div class=\"fusion-column-wrapper fusion-column-has-shadow fusion-flex-justify-content-flex-start fusion-content-layout-column\"><div class=\"fusion-image-element \" style=\"--awb-caption-title-font-family:var(--h2_typography-font-family);--awb-caption-title-font-weight:var(--h2_typography-font-weight);--awb-caption-title-font-style:var(--h2_typography-font-style);--awb-caption-title-size:var(--h2_typography-font-size);--awb-caption-title-transform:var(--h2_typography-text-transform);--awb-caption-title-line-height:var(--h2_typography-line-height);--awb-caption-title-letter-spacing:var(--h2_typography-letter-spacing);\"><span class=\" fusion-imageframe imageframe-none imageframe-1 hover-type-none\" style=\"border:1px solid var(--awb-custom10);\"><a href=\"https:\/\/osb.org\/wp-content\/uploads\/2025\/06\/csm_KID25080-0606251322-3646_77f6da90c2.jpg\" class=\"fusion-lightbox\" data-rel=\"iLightbox[433346e3456062e241f]\" data-title=\"csm_KID25080-0606251322-3646_77f6da90c2\" title=\"csm_KID25080-0606251322-3646_77f6da90c2\"><img decoding=\"async\" width=\"1920\" height=\"1080\" src=\"https:\/\/osb.org\/wp-content\/uploads\/2025\/06\/csm_KID25080-0606251322-3646_77f6da90c2.jpg\" data-orig-src=\"https:\/\/osb.org\/wp-content\/uploads\/2025\/06\/csm_KID25080-0606251322-3646_77f6da90c2.jpg\" alt class=\"lazyload img-responsive wp-image-13610\" srcset=\"data:image\/svg+xml,%3Csvg%20xmlns%3D%27http%3A%2F%2Fwww.w3.org%2F2000%2Fsvg%27%20width%3D%271920%27%20height%3D%271080%27%20viewBox%3D%270%200%201920%201080%27%3E%3Crect%20width%3D%271920%27%20height%3D%271080%27%20fill-opacity%3D%220%22%2F%3E%3C%2Fsvg%3E\" data-srcset=\"https:\/\/osb.org\/wp-content\/uploads\/2025\/06\/csm_KID25080-0606251322-3646_77f6da90c2-200x113.jpg 200w, https:\/\/osb.org\/wp-content\/uploads\/2025\/06\/csm_KID25080-0606251322-3646_77f6da90c2-400x225.jpg 400w, https:\/\/osb.org\/wp-content\/uploads\/2025\/06\/csm_KID25080-0606251322-3646_77f6da90c2-600x338.jpg 600w, https:\/\/osb.org\/wp-content\/uploads\/2025\/06\/csm_KID25080-0606251322-3646_77f6da90c2-800x450.jpg 800w, https:\/\/osb.org\/wp-content\/uploads\/2025\/06\/csm_KID25080-0606251322-3646_77f6da90c2-1200x675.jpg 1200w, https:\/\/osb.org\/wp-content\/uploads\/2025\/06\/csm_KID25080-0606251322-3646_77f6da90c2.jpg 1920w\" data-sizes=\"auto\" data-orig-sizes=\"(max-width: 1024px) 100vw, (max-width: 640px) 100vw, 600px\" \/><\/a><\/span><\/div><div class=\"fusion-text fusion-text-2 fusion-text-no-margin\" style=\"--awb-font-size:var(--awb-typography5-font-size);--awb-line-height:var(--awb-typography5-line-height);--awb-letter-spacing:var(--awb-typography5-letter-spacing);--awb-text-transform:var(--awb-typography5-text-transform);--awb-text-color:var(--awb-custom11);--awb-margin-top:12px;--awb-margin-bottom:12px;--awb-text-font-family:var(--awb-typography5-font-family);--awb-text-font-weight:var(--awb-typography5-font-weight);--awb-text-font-style:var(--awb-typography5-font-style);\"><\/div><\/div><\/div><div class=\"fusion-layout-column fusion_builder_column fusion-builder-column-2 fusion_builder_column_1_2 1_2 fusion-flex-column\" style=\"--awb-bg-size:cover;--awb-width-large:50%;--awb-margin-top-large:0px;--awb-spacing-right-large:30px;--awb-margin-bottom-large:0px;--awb-spacing-left-large:30px;--awb-width-medium:100%;--awb-order-medium:0;--awb-spacing-right-medium:30px;--awb-spacing-left-medium:30px;--awb-width-small:100%;--awb-order-small:0;--awb-spacing-right-small:30px;--awb-spacing-left-small:30px;\"><div class=\"fusion-column-wrapper fusion-column-has-shadow fusion-flex-justify-content-flex-start fusion-content-layout-column\"><div class=\"fusion-separator fusion-full-width-sep\" style=\"align-self: center;margin-left: auto;margin-right: auto;width:100%;\"><div class=\"fusion-separator-border sep-single sep-solid\" style=\"--awb-height:20px;--awb-amount:20px;--awb-sep-color:var(--awb-color4);border-color:var(--awb-color4);border-top-width:3px;\"><\/div><\/div><\/div><\/div><\/div><\/div><div class=\"fusion-fullwidth fullwidth-box fusion-builder-row-2 fusion-flex-container has-pattern-background has-mask-background hundred-percent-fullwidth non-hundred-percent-height-scrolling\" style=\"--awb-border-radius-top-left:0px;--awb-border-radius-top-right:0px;--awb-border-radius-bottom-right:0px;--awb-border-radius-bottom-left:0px;--awb-padding-right:60px;--awb-padding-left:60px;--awb-padding-right-medium:60px;--awb-padding-left-medium:60px;--awb-padding-right-small:30px;--awb-padding-left-small:30px;--awb-margin-top:30px;--awb-margin-top-small:0px;--awb-flex-wrap:wrap;\" ><div class=\"fusion-builder-row fusion-row fusion-flex-align-items-flex-start fusion-flex-justify-content-center fusion-flex-content-wrap\" style=\"width:calc( 100% + 60px ) !important;max-width:calc( 100% + 60px ) !important;margin-left: calc(-60px \/ 2 );margin-right: calc(-60px \/ 2 );\"><div class=\"fusion-layout-column fusion_builder_column fusion-builder-column-3 fusion_builder_column_2_5 2_5 fusion-flex-column\" style=\"--awb-bg-blend:overlay;--awb-bg-size:cover;--awb-width-large:40%;--awb-margin-top-large:0px;--awb-spacing-right-large:30px;--awb-margin-bottom-large:20px;--awb-spacing-left-large:30px;--awb-width-medium:75%;--awb-order-medium:0;--awb-spacing-right-medium:30px;--awb-spacing-left-medium:30px;--awb-width-small:100%;--awb-order-small:0;--awb-spacing-right-small:30px;--awb-spacing-left-small:30px;\"><div class=\"fusion-column-wrapper fusion-flex-justify-content-flex-start fusion-content-layout-column\"><div class=\"fusion-builder-row fusion-builder-row-inner fusion-row fusion-flex-align-items-flex-start fusion-flex-justify-content-center fusion-flex-content-wrap\" style=\"--awb-flex-grow:0;--awb-flex-grow-medium:0;--awb-flex-grow-small:0;--awb-flex-shrink:0;--awb-flex-shrink-medium:0;--awb-flex-shrink-small:0;width:calc( 100% + 60px ) !important;max-width:calc( 100% + 60px ) !important;margin-left: calc(-60px \/ 2 );margin-right: calc(-60px \/ 2 );\"><div class=\"fusion-layout-column fusion_builder_column_inner fusion-builder-nested-column-0 fusion_builder_column_inner_1_2 1_2 fusion-flex-column fusion-flex-align-self-center\" style=\"--awb-bg-size:cover;--awb-width-large:50%;--awb-margin-top-large:0px;--awb-spacing-right-large:30px;--awb-margin-bottom-large:0px;--awb-spacing-left-large:30px;--awb-width-medium:50%;--awb-order-medium:0;--awb-spacing-right-medium:30px;--awb-spacing-left-medium:30px;--awb-width-small:100%;--awb-order-small:1;--awb-spacing-right-small:30px;--awb-margin-bottom-small:20px;--awb-spacing-left-small:30px;\"><div class=\"fusion-column-wrapper fusion-column-has-shadow fusion-flex-justify-content-center fusion-content-layout-column\"><div class=\"fusion-text fusion-text-3 fusion-text-no-margin\" style=\"--awb-font-size:var(--awb-typography5-font-size);--awb-line-height:var(--awb-typography5-line-height);--awb-letter-spacing:var(--awb-typography5-letter-spacing);--awb-text-transform:var(--awb-typography5-text-transform);--awb-text-color:var(--awb-custom11);--awb-margin-top:0px;--awb-margin-right:0px;--awb-margin-bottom:0px;--awb-margin-left:0px;--awb-text-font-family:var(--awb-typography5-font-family);--awb-text-font-weight:var(--awb-typography5-font-weight);--awb-text-font-style:var(--awb-typography5-font-style);\"><p>13 Juni 2025<\/p>\n<\/div><\/div><\/div><div class=\"fusion-layout-column fusion_builder_column_inner fusion-builder-nested-column-1 fusion_builder_column_inner_1_2 1_2 fusion-flex-column fusion-flex-align-self-center\" style=\"--awb-bg-size:cover;--awb-width-large:50%;--awb-margin-top-large:0px;--awb-spacing-right-large:30px;--awb-margin-bottom-large:0px;--awb-spacing-left-large:30px;--awb-width-medium:50%;--awb-order-medium:0;--awb-spacing-right-medium:30px;--awb-spacing-left-medium:30px;--awb-width-small:100%;--awb-order-small:0;--awb-margin-top-small:0px;--awb-spacing-right-small:30px;--awb-spacing-left-small:30px;\"><div class=\"fusion-column-wrapper fusion-column-has-shadow fusion-flex-justify-content-center fusion-content-layout-column\"><div class=\"fusion-sharing-box fusion-sharing-box-1 boxed-icons\" style=\"background-color:var(--awb-color1);border-color:var(--awb-color1);--awb-margin-top:0px;--awb-margin-right:0px;--awb-margin-bottom:0px;--awb-margin-left:0px;--awb-wrapper-padding-top:0px;--awb-wrapper-padding-right:0px;--awb-wrapper-padding-bottom:0px;--awb-wrapper-padding-left:0px;--awb-padding-top:0px;--awb-padding-right:0px;--awb-padding-bottom:0px;--awb-padding-left:0px;--awb-border-top:0px;--awb-border-right:0px;--awb-border-bottom:0px;--awb-border-left:0px;--awb-icon-size:12px;--awb-separator-border-color:#cccccc;--awb-separator-border-sizes:0px;--awb-stacked-align:flex-end;--awb-layout:row;--awb-alignment-small:flex-end;--awb-stacked-align-small:center;\" data-title=\"\u00d6kumenischer Patriarch Bartholom\u00e4us erh\u00e4lt Heufelder-Preis\" data-description=\"Your Content Goes Here       \r\n\r\nAm 6. Juni 2025 verlieh Abt Marianus Bieber von der Abtei Niederaltaich Seiner Seligkeit Bartholom\u00e4us I., \u00d6kumenischem Patriarchen von Konstantinopel, den Emmanuel-Heufelder-Preis in Anerkennung seines jahrzehntelangen Engagements f\u00fcr die christliche Einheit. Die Auszeichnung, benannt nach dem ehemaligen Abt\" data-link=\"https:\/\/osb.org\/de\/2025\/06\/13\/oekumenischer-patriarch-bartholomaeus-erhaelt-heufelder-preis\/\"><div class=\"fusion-social-networks sharingbox-shortcode-icon-wrapper sharingbox-shortcode-icon-wrapper-1 boxed-icons\"><span><a href=\"https:\/\/www.facebook.com\/sharer.php?u=https%3A%2F%2Fosb.org%2Fde%2F2025%2F06%2F13%2Foekumenischer-patriarch-bartholomaeus-erhaelt-heufelder-preis%2F&amp;t=%C3%96kumenischer%20Patriarch%20Bartholom%C3%A4us%20erh%C3%A4lt%20Heufelder-Preis\" target=\"_blank\" rel=\"noreferrer\" title=\"Facebook\" aria-label=\"Facebook\"><i class=\"fusion-social-network-icon fusion-tooltip fusion-facebook awb-icon-facebook\" style=\"color:var(--awb-custom11);background-color:#e8e8e8;border-color:#e8e8e8;border-radius:50%;\" aria-hidden=\"true\"><\/i><\/a><\/span><span><a href=\"https:\/\/x.com\/intent\/post?text=%C3%96kumenischer%20Patriarch%20Bartholom%C3%A4us%20erh%C3%A4lt%20Heufelder-Preis&amp;url=https%3A%2F%2Fosb.org%2Fde%2F2025%2F06%2F13%2Foekumenischer-patriarch-bartholomaeus-erhaelt-heufelder-preis%2F\" target=\"_blank\" rel=\"noopener noreferrer\" title=\"X\" aria-label=\"X\"><i class=\"fusion-social-network-icon fusion-tooltip fusion-twitter awb-icon-twitter\" style=\"color:var(--awb-custom11);background-color:#e8e8e8;border-color:#e8e8e8;border-radius:50%;\" aria-hidden=\"true\"><\/i><\/a><\/span><span><a href=\"https:\/\/api.whatsapp.com\/send?text=https%3A%2F%2Fosb.org%2Fde%2F2025%2F06%2F13%2Foekumenischer-patriarch-bartholomaeus-erhaelt-heufelder-preis%2F\" target=\"_blank\" rel=\"noopener noreferrer\" title=\"WhatsApp\" aria-label=\"WhatsApp\"><i class=\"fusion-social-network-icon fusion-tooltip fusion-whatsapp awb-icon-whatsapp\" style=\"color:var(--awb-custom11);background-color:#e8e8e8;border-color:#e8e8e8;border-radius:50%;\" aria-hidden=\"true\"><\/i><\/a><\/span><span><a href=\"mailto:?subject=%C3%96kumenischer%20Patriarch%20Bartholom%C3%A4us%20erh%C3%A4lt%20Heufelder-Preis&amp;body=https%3A%2F%2Fosb.org%2Fde%2F2025%2F06%2F13%2Foekumenischer-patriarch-bartholomaeus-erhaelt-heufelder-preis%2F\" target=\"_self\" title=\"Email\" aria-label=\"Email\"><i class=\"fusion-social-network-icon fusion-tooltip fusion-mail awb-icon-mail\" style=\"color:var(--awb-custom11);background-color:#e8e8e8;border-color:#e8e8e8;border-radius:50%;\" aria-hidden=\"true\"><\/i><\/a><\/span><\/div><\/div><\/div><\/div><\/div><div class=\"fusion-text fusion-text-4\"><p>Am 6. Juni 2025 verlieh Abt Marianus Bieber von der Abtei Niederaltaich Seiner Seligkeit Bartholom\u00e4us I., \u00d6kumenischem Patriarchen von Konstantinopel, den Emmanuel-Heufelder-Preis in Anerkennung seines jahrzehntelangen Engagements f\u00fcr die christliche Einheit. Die Auszeichnung, benannt nach dem ehemaligen Abt des Klosters, Emmanuel Heufelder OSB, wird an Pers\u00f6nlichkeiten verliehen, die sich in herausragender Weise um die F\u00f6rderung der \u00f6kumenischen Beziehungen, insbesondere zwischen der r\u00f6misch-katholischen und den orthodoxen Kirchen, verdient gemacht haben. <\/p>\n<p>Die Abtei Niederaltaich, Teil der Bayerischen Benediktinerkongregation der Benediktinerkonf\u00f6deration, hat eine besondere Verbindung zu dieser Mission. Sie war eines der ersten Kl\u00f6ster, das 1924 dem Aufruf von Papst Pius XI. folgte, benediktinische Abteien zu ermutigen, sich intensiver mit den Ostkirchen auseinanderzusetzen. Heute lebt und betet ein Teil der Niederaltaicher Gemeinschaft nach dem byzantinischen Ritus und verk\u00f6rpert so diese \u00f6kumenische Berufung im t\u00e4glichen Klosterleben.  <\/p>\n<p>Patriarch Bartholom\u00e4us, der seit 1991 als \u00d6kumenischer Patriarch amtiert, steht seit langem an vorderster Front bei der F\u00f6rderung des Dialogs zwischen Ost und West. In seiner Dankesrede sprach er von der anhaltenden Notwendigkeit von Geduld, Gebet und Freundschaft auf der Suche nach christlicher Einheit \u2014 Werte, die eng mit der Vision von Abt Heufelder und der fortgesetzten Arbeit der M\u00f6nche in Niederaltaich \u00fcbereinstimmen. <\/p>\n<p>Die Zeremonie, die in M\u00fcnchen stattfand, zog Vertreter aus orthodoxen, katholischen und \u00f6kumenischen Kreisen an, was das gemeinsame Engagement zur \u00dcberwindung historischer Trennungen zwischen den Kirchen bekr\u00e4ftigte. F\u00fcr Benediktiner spiegeln solche Begegnungen eine Tradition wider, die zu bedeutungsvollen Gespr\u00e4chen \u00fcber christliche Traditionen hinweg beitr\u00e4gt. <\/p>\n<p>Durch die Ehrung von Patriarch Bartholom\u00e4us mit dem Emmanuel-Heufelder-Preis unterstrich die Abtei Niederaltaich die fortgesetzte Rolle der Benediktinerkonf\u00f6deration beim Aufbau respektvoller und dauerhafter Beziehungen zu den Ostkirchen \u2014 eine Mission, die vor einem Jahrhundert begann und heute in Kl\u00f6stern, H\u00f6rs\u00e4len und Freundschaften fortgesetzt wird.<\/p>\n<\/div><div ><a class=\"fusion-button button-flat fusion-button-default-size button-custom fusion-button-default button-1 fusion-button-span-yes fusion-button-default-type\" style=\"--awb-margin-top:10px;--button_accent_color:#ffffff;--button_accent_hover_color:#ffffff;--button_border_hover_color:#ffffff;--button_gradient_top_color:#1f7aa7;--button_gradient_bottom_color:#1f7aa7;--button_gradient_top_color_hover:#72cee0;--button_gradient_bottom_color_hover:#72cee0;\" target=\"_self\" href=\"https:\/\/www.abtei-niederaltaich.de\/kloster\/nachrichten-archiv\/heufelder-preis-fuer-patr-bartholomaeus-6-juni-2025\"><span class=\"fusion-button-text awb-button__text awb-button__text--default\">Artikel auf der Website der Abtei Niederaltaich |DE|<\/span><\/a><\/div><div ><a class=\"fusion-button button-flat fusion-button-default-size button-custom fusion-button-default button-2 fusion-button-span-yes fusion-button-default-type\" style=\"--awb-margin-top:10px;--button_accent_color:#ffffff;--button_accent_hover_color:#ffffff;--button_border_hover_color:#ffffff;--button_gradient_top_color:#1f7aa7;--button_gradient_bottom_color:#1f7aa7;--button_gradient_top_color_hover:#72cee0;--button_gradient_bottom_color_hover:#72cee0;\" target=\"_self\" href=\"https:\/\/mitropolia-ro.de\/de\/oekumenischer-patriarch-bartholomaeus-in-muenchen-ausgezeichnet\/\"><span class=\"fusion-button-text awb-button__text awb-button__text--default\">Artikel auf der Website der Mitropolia Ortodox\u0103 |DE|<\/span><\/a><\/div><div ><a class=\"fusion-button button-flat fusion-button-default-size button-custom fusion-button-default button-3 fusion-button-span-yes fusion-button-default-type\" style=\"--awb-margin-top:10px;--button_accent_color:#ffffff;--button_accent_hover_color:#ffffff;--button_border_hover_color:#ffffff;--button_gradient_top_color:#1f7aa7;--button_gradient_bottom_color:#1f7aa7;--button_gradient_top_color_hover:#72cee0;--button_gradient_bottom_color_hover:#72cee0;\" target=\"_self\" href=\"https:\/\/www.abtei-niederaltaich.de\/oekumene\/abt-emmanuel-heufelder-preis\"><span class=\"fusion-button-text awb-button__text awb-button__text--default\">\u00dcber den Abt-Emmanuel-Heufelder-Preis |DE|<\/span><\/a><\/div><div ><a class=\"fusion-button button-flat fusion-button-default-size button-custom fusion-button-default button-4 fusion-button-span-yes fusion-button-default-type\" style=\"--awb-margin-top:10px;--button_accent_color:#ffffff;--button_accent_hover_color:#ffffff;--button_border_hover_color:#ffffff;--button_gradient_top_color:#1f7aa7;--button_gradient_bottom_color:#1f7aa7;--button_gradient_top_color_hover:#72cee0;--button_gradient_bottom_color_hover:#72cee0;\" target=\"_self\" href=\"https:\/\/en.wikipedia.org\/wiki\/Bartholomew_I_of_Constantinople\"><span class=\"fusion-button-text awb-button__text awb-button__text--default\">Wikipedia: Bartholom\u00e4us I. von Konstantinopel |EN|<\/span><\/a><\/div><div ><a class=\"fusion-button button-flat fusion-button-default-size button-custom fusion-button-default button-5 fusion-button-span-yes fusion-button-default-type\" style=\"--awb-margin-top:10px;--button_accent_color:#ffffff;--button_accent_hover_color:#ffffff;--button_border_hover_color:#ffffff;--button_gradient_top_color:#1f7aa7;--button_gradient_bottom_color:#1f7aa7;--button_gradient_top_color_hover:#72cee0;--button_gradient_bottom_color_hover:#72cee0;\" target=\"_self\" href=\"https:\/\/www.abtei-niederaltaich.de\/en\/\"><span class=\"fusion-button-text awb-button__text awb-button__text--default\">Website der Abtei Niederaltaich |DE| |EN| |RU|<\/span><\/a><\/div><\/div><\/div><\/div><\/div><\/p>\n","protected":false},"excerpt":{"rendered":"<p>\u00d6kumenischem Patriarch Bartholom\u00e4us wurde von der Abtei Niederaltaich der Emmanuel-Heufelder-Preis f\u00fcr sein lebenslanges Engagement f\u00fcr den \u00f6kumenischen Dialog verliehen. Die Auszeichnung unterstreicht das langj\u00e4hrige benediktinische Engagement f\u00fcr die Ostkirchen. <\/p>\n","protected":false},"author":1,"featured_media":13610,"comment_status":"closed","ping_status":"closed","sticky":false,"template":"","format":"standard","meta":{"footnotes":""},"categories":[188,184],"tags":[211,368],"class_list":["post-13609","post","type-post","status-publish","format-standard","has-post-thumbnail","hentry","category-nachrichten-de","category-nexus-de","tag-nexus-juli-2025-de","tag-nexus-benediktinischer-weltbericht-de"],"cc_featured_image_caption":{"caption_text":false,"source_text":false,"source_url":false},"_links":{"self":[{"href":"https:\/\/osb.org\/de\/wp-json\/wp\/v2\/posts\/13609","targetHints":{"allow":["GET"]}}],"collection":[{"href":"https:\/\/osb.org\/de\/wp-json\/wp\/v2\/posts"}],"about":[{"href":"https:\/\/osb.org\/de\/wp-json\/wp\/v2\/types\/post"}],"author":[{"embeddable":true,"href":"https:\/\/osb.org\/de\/wp-json\/wp\/v2\/users\/1"}],"replies":[{"embeddable":true,"href":"https:\/\/osb.org\/de\/wp-json\/wp\/v2\/comments?post=13609"}],"version-history":[{"count":0,"href":"https:\/\/osb.org\/de\/wp-json\/wp\/v2\/posts\/13609\/revisions"}],"wp:featuredmedia":[{"embeddable":true,"href":"https:\/\/osb.org\/de\/wp-json\/wp\/v2\/media\/13610"}],"wp:attachment":[{"href":"https:\/\/osb.org\/de\/wp-json\/wp\/v2\/media?parent=13609"}],"wp:term":[{"taxonomy":"category","embeddable":true,"href":"https:\/\/osb.org\/de\/wp-json\/wp\/v2\/categories?post=13609"},{"taxonomy":"post_tag","embeddable":true,"href":"https:\/\/osb.org\/de\/wp-json\/wp\/v2\/tags?post=13609"}],"curies":[{"name":"wp","href":"https:\/\/api.w.org\/{rel}","templated":true}]}}