{"id":12983,"date":"2025-07-11T12:15:27","date_gmt":"2025-07-11T10:15:27","guid":{"rendered":"https:\/\/osb.org\/2025\/07\/11\/notizen-vom-aventin-juni-juli\/"},"modified":"2025-09-08T12:02:23","modified_gmt":"2025-09-08T10:02:23","slug":"notizen-vom-aventin-juni-juli","status":"publish","type":"post","link":"https:\/\/osb.org\/de\/2025\/07\/11\/notizen-vom-aventin-juni-juli\/","title":{"rendered":"Notizen vom Aventin | Juni-Juli"},"content":{"rendered":"<p><div class=\"fusion-fullwidth fullwidth-box fusion-builder-row-1 fusion-flex-container has-pattern-background has-mask-background hundred-percent-fullwidth non-hundred-percent-height-scrolling\" style=\"--awb-border-sizes-bottom:1px;--awb-border-color:var(--awb-custom11);--awb-border-radius-top-left:0px;--awb-border-radius-top-right:0px;--awb-border-radius-bottom-right:0px;--awb-border-radius-bottom-left:0px;--awb-padding-right:60px;--awb-padding-bottom:20px;--awb-padding-left:60px;--awb-padding-right-small:30px;--awb-padding-left-small:30px;--awb-margin-top-medium:1px;--awb-margin-top-small:0px;--awb-flex-wrap:wrap;\" ><div class=\"fusion-builder-row fusion-row fusion-flex-align-items-center fusion-flex-justify-content-flex-end fusion-flex-content-wrap\" style=\"width:calc( 100% + 60px ) !important;max-width:calc( 100% + 60px ) !important;margin-left: calc(-60px \/ 2 );margin-right: calc(-60px \/ 2 );\"><div class=\"fusion-layout-column fusion_builder_column fusion-builder-column-0 fusion_builder_column_1_2 1_2 fusion-flex-column\" style=\"--awb-padding-right:60px;--awb-padding-left:60px;--awb-padding-right-small:0px;--awb-padding-left-small:0px;--awb-bg-size:cover;--awb-width-large:50%;--awb-margin-top-large:0px;--awb-spacing-right-large:30px;--awb-margin-bottom-large:20px;--awb-spacing-left-large:30px;--awb-width-medium:100%;--awb-order-medium:0;--awb-margin-top-medium:20px;--awb-spacing-right-medium:30px;--awb-margin-bottom-medium:0px;--awb-spacing-left-medium:30px;--awb-width-small:100%;--awb-order-small:0;--awb-spacing-right-small:30px;--awb-spacing-left-small:30px;\"><div class=\"fusion-column-wrapper fusion-column-has-shadow fusion-flex-justify-content-flex-start fusion-content-layout-column\"><div class=\"fusion-title title fusion-title-1 fusion-sep-none fusion-title-text fusion-title-size-one\" style=\"--awb-text-color:var(--awb-custom13);--awb-margin-top-small:0px;--awb-margin-right-small:0px;--awb-margin-bottom-small:20px;--awb-margin-left-small:0px;--awb-font-size:40px;\"><h1 class=\"fusion-title-heading title-heading-left md-text-align-center fusion-responsive-typography-calculated\" style=\"font-family:var(--awb-typography1-font-family);font-weight:var(--awb-typography1-font-weight);font-style:var(--awb-typography1-font-style);margin:0;letter-spacing:var(--awb-typography1-letter-spacing);text-transform:var(--awb-typography1-text-transform);font-size:1em;--fontSize:40;line-height:var(--awb-typography1-line-height);\">Notizen vom Aventin | Juni-Juli<\/h1><\/div><div class=\"fusion-text fusion-text-1 fusion-no-small-visibility fusion-no-medium-visibility\" style=\"--awb-font-size:var(--awb-typography3-font-size);--awb-line-height:var(--awb-typography3-line-height);--awb-letter-spacing:var(--awb-typography3-letter-spacing);--awb-text-transform:var(--awb-typography3-text-transform);--awb-text-color:var(--awb-custom12);--awb-text-font-family:var(--awb-typography3-font-family);--awb-text-font-weight:var(--awb-typography3-font-weight);--awb-text-font-style:var(--awb-typography3-font-style);\"><p>In dieser NEXUS-Ausgabe zum Benedikttag blickt der Abtprimas auf seine j\u00fcngsten Reisen, Klosterbesuche und die gro\u00dfe Anziehungskraft der Benedikt-Medaille zur\u00fcck. Er berichtet von der Vitalit\u00e4t der Gemeinde, einem pers\u00f6nlichen Wappen und l\u00e4dt zur Erholung ein, w\u00e4hrend der Sommer auf der Nordhalbkugel Einzug h\u00e4lt. <\/p>\n<\/div><\/div><\/div><div class=\"fusion-layout-column fusion_builder_column fusion-builder-column-1 fusion_builder_column_1_2 1_2 fusion-flex-column\" style=\"--awb-bg-size:cover;--awb-width-large:50%;--awb-margin-top-large:0px;--awb-spacing-right-large:30px;--awb-margin-bottom-large:0px;--awb-spacing-left-large:30px;--awb-width-medium:100%;--awb-order-medium:0;--awb-spacing-right-medium:30px;--awb-spacing-left-medium:30px;--awb-width-small:100%;--awb-order-small:0;--awb-spacing-right-small:30px;--awb-spacing-left-small:30px;\"><div class=\"fusion-column-wrapper fusion-column-has-shadow fusion-flex-justify-content-flex-start fusion-content-layout-column\"><div class=\"fusion-image-element \" style=\"--awb-caption-title-font-family:var(--h2_typography-font-family);--awb-caption-title-font-weight:var(--h2_typography-font-weight);--awb-caption-title-font-style:var(--h2_typography-font-style);--awb-caption-title-size:var(--h2_typography-font-size);--awb-caption-title-transform:var(--h2_typography-text-transform);--awb-caption-title-line-height:var(--h2_typography-line-height);--awb-caption-title-letter-spacing:var(--h2_typography-letter-spacing);\"><span class=\" fusion-imageframe imageframe-none imageframe-1 hover-type-none\" style=\"border:1px solid var(--awb-custom10);\"><a href=\"https:\/\/osb.org\/wp-content\/uploads\/2025\/07\/Jeremias_stemma_1.jpg\" class=\"fusion-lightbox\" data-rel=\"iLightbox[84c7ff48da0e96bcebb]\" data-title=\"Jeremias_stemma_1\" title=\"Jeremias_stemma_1\"><img decoding=\"async\" width=\"1920\" height=\"1080\" src=\"https:\/\/osb.org\/wp-content\/uploads\/2025\/07\/Jeremias_stemma_1.jpg\" data-orig-src=\"https:\/\/osb.org\/wp-content\/uploads\/2025\/07\/Jeremias_stemma_1.jpg\" alt class=\"lazyload img-responsive wp-image-12984\" srcset=\"data:image\/svg+xml,%3Csvg%20xmlns%3D%27http%3A%2F%2Fwww.w3.org%2F2000%2Fsvg%27%20width%3D%271920%27%20height%3D%271080%27%20viewBox%3D%270%200%201920%201080%27%3E%3Crect%20width%3D%271920%27%20height%3D%271080%27%20fill-opacity%3D%220%22%2F%3E%3C%2Fsvg%3E\" data-srcset=\"https:\/\/osb.org\/wp-content\/uploads\/2025\/07\/Jeremias_stemma_1-200x113.jpg 200w, https:\/\/osb.org\/wp-content\/uploads\/2025\/07\/Jeremias_stemma_1-400x225.jpg 400w, https:\/\/osb.org\/wp-content\/uploads\/2025\/07\/Jeremias_stemma_1-600x338.jpg 600w, https:\/\/osb.org\/wp-content\/uploads\/2025\/07\/Jeremias_stemma_1-800x450.jpg 800w, https:\/\/osb.org\/wp-content\/uploads\/2025\/07\/Jeremias_stemma_1-1200x675.jpg 1200w, https:\/\/osb.org\/wp-content\/uploads\/2025\/07\/Jeremias_stemma_1.jpg 1920w\" data-sizes=\"auto\" data-orig-sizes=\"(max-width: 1024px) 100vw, (max-width: 640px) 100vw, 600px\" \/><\/a><\/span><\/div><div class=\"fusion-text fusion-text-2 fusion-text-no-margin\" style=\"--awb-font-size:var(--awb-typography5-font-size);--awb-line-height:var(--awb-typography5-line-height);--awb-letter-spacing:var(--awb-typography5-letter-spacing);--awb-text-transform:var(--awb-typography5-text-transform);--awb-text-color:var(--awb-custom11);--awb-margin-top:12px;--awb-margin-bottom:12px;--awb-text-font-family:var(--awb-typography5-font-family);--awb-text-font-weight:var(--awb-typography5-font-weight);--awb-text-font-style:var(--awb-typography5-font-style);\"><\/div><\/div><\/div><div class=\"fusion-layout-column fusion_builder_column fusion-builder-column-2 fusion_builder_column_1_2 1_2 fusion-flex-column\" style=\"--awb-bg-size:cover;--awb-width-large:50%;--awb-margin-top-large:0px;--awb-spacing-right-large:30px;--awb-margin-bottom-large:0px;--awb-spacing-left-large:30px;--awb-width-medium:100%;--awb-order-medium:0;--awb-spacing-right-medium:30px;--awb-spacing-left-medium:30px;--awb-width-small:100%;--awb-order-small:0;--awb-spacing-right-small:30px;--awb-spacing-left-small:30px;\"><div class=\"fusion-column-wrapper fusion-column-has-shadow fusion-flex-justify-content-flex-start fusion-content-layout-column\"><div class=\"fusion-separator fusion-full-width-sep\" style=\"align-self: center;margin-left: auto;margin-right: auto;width:100%;\"><div class=\"fusion-separator-border sep-single sep-solid\" style=\"--awb-height:20px;--awb-amount:20px;--awb-sep-color:var(--awb-color4);border-color:var(--awb-color4);border-top-width:3px;\"><\/div><\/div><\/div><\/div><\/div><\/div><div class=\"fusion-fullwidth fullwidth-box fusion-builder-row-2 fusion-flex-container has-pattern-background has-mask-background hundred-percent-fullwidth non-hundred-percent-height-scrolling\" style=\"--awb-border-radius-top-left:0px;--awb-border-radius-top-right:0px;--awb-border-radius-bottom-right:0px;--awb-border-radius-bottom-left:0px;--awb-padding-right:60px;--awb-padding-left:60px;--awb-padding-right-medium:60px;--awb-padding-left-medium:60px;--awb-padding-right-small:30px;--awb-padding-left-small:30px;--awb-margin-top:30px;--awb-margin-top-small:0px;--awb-flex-wrap:wrap;\" ><div class=\"fusion-builder-row fusion-row fusion-flex-align-items-flex-start fusion-flex-justify-content-center fusion-flex-content-wrap\" style=\"width:calc( 100% + 60px ) !important;max-width:calc( 100% + 60px ) !important;margin-left: calc(-60px \/ 2 );margin-right: calc(-60px \/ 2 );\"><div class=\"fusion-layout-column fusion_builder_column fusion-builder-column-3 fusion_builder_column_2_5 2_5 fusion-flex-column\" style=\"--awb-bg-blend:overlay;--awb-bg-size:cover;--awb-width-large:40%;--awb-margin-top-large:0px;--awb-spacing-right-large:30px;--awb-margin-bottom-large:20px;--awb-spacing-left-large:30px;--awb-width-medium:75%;--awb-order-medium:0;--awb-spacing-right-medium:30px;--awb-spacing-left-medium:30px;--awb-width-small:100%;--awb-order-small:0;--awb-spacing-right-small:30px;--awb-spacing-left-small:30px;\"><div class=\"fusion-column-wrapper fusion-flex-justify-content-flex-start fusion-content-layout-column\"><div class=\"fusion-builder-row fusion-builder-row-inner fusion-row fusion-flex-align-items-flex-start fusion-flex-justify-content-center fusion-flex-content-wrap\" style=\"--awb-flex-grow:0;--awb-flex-grow-medium:0;--awb-flex-grow-small:0;--awb-flex-shrink:0;--awb-flex-shrink-medium:0;--awb-flex-shrink-small:0;width:calc( 100% + 60px ) !important;max-width:calc( 100% + 60px ) !important;margin-left: calc(-60px \/ 2 );margin-right: calc(-60px \/ 2 );\"><div class=\"fusion-layout-column fusion_builder_column_inner fusion-builder-nested-column-0 fusion_builder_column_inner_1_2 1_2 fusion-flex-column fusion-flex-align-self-center\" style=\"--awb-bg-size:cover;--awb-width-large:50%;--awb-margin-top-large:0px;--awb-spacing-right-large:30px;--awb-margin-bottom-large:0px;--awb-spacing-left-large:30px;--awb-width-medium:50%;--awb-order-medium:0;--awb-spacing-right-medium:30px;--awb-spacing-left-medium:30px;--awb-width-small:100%;--awb-order-small:1;--awb-spacing-right-small:30px;--awb-margin-bottom-small:20px;--awb-spacing-left-small:30px;\"><div class=\"fusion-column-wrapper fusion-column-has-shadow fusion-flex-justify-content-center fusion-content-layout-column\"><div class=\"fusion-text fusion-text-3 fusion-text-no-margin\" style=\"--awb-font-size:var(--awb-typography5-font-size);--awb-line-height:var(--awb-typography5-line-height);--awb-letter-spacing:var(--awb-typography5-letter-spacing);--awb-text-transform:var(--awb-typography5-text-transform);--awb-text-color:var(--awb-custom11);--awb-margin-top:0px;--awb-margin-right:0px;--awb-margin-bottom:0px;--awb-margin-left:0px;--awb-text-font-family:var(--awb-typography5-font-family);--awb-text-font-weight:var(--awb-typography5-font-weight);--awb-text-font-style:var(--awb-typography5-font-style);\"><p>11 Juli 2025<\/p>\n<\/div><\/div><\/div><div class=\"fusion-layout-column fusion_builder_column_inner fusion-builder-nested-column-1 fusion_builder_column_inner_1_2 1_2 fusion-flex-column fusion-flex-align-self-center\" style=\"--awb-bg-size:cover;--awb-width-large:50%;--awb-margin-top-large:0px;--awb-spacing-right-large:30px;--awb-margin-bottom-large:0px;--awb-spacing-left-large:30px;--awb-width-medium:50%;--awb-order-medium:0;--awb-spacing-right-medium:30px;--awb-spacing-left-medium:30px;--awb-width-small:100%;--awb-order-small:0;--awb-margin-top-small:0px;--awb-spacing-right-small:30px;--awb-spacing-left-small:30px;\"><div class=\"fusion-column-wrapper fusion-column-has-shadow fusion-flex-justify-content-center fusion-content-layout-column\"><div class=\"fusion-sharing-box fusion-sharing-box-1 boxed-icons\" style=\"background-color:var(--awb-color1);border-color:var(--awb-color1);--awb-margin-top:0px;--awb-margin-right:0px;--awb-margin-bottom:0px;--awb-margin-left:0px;--awb-wrapper-padding-top:0px;--awb-wrapper-padding-right:0px;--awb-wrapper-padding-bottom:0px;--awb-wrapper-padding-left:0px;--awb-padding-top:0px;--awb-padding-right:0px;--awb-padding-bottom:0px;--awb-padding-left:0px;--awb-border-top:0px;--awb-border-right:0px;--awb-border-bottom:0px;--awb-border-left:0px;--awb-icon-size:12px;--awb-separator-border-color:#cccccc;--awb-separator-border-sizes:0px;--awb-stacked-align:flex-end;--awb-layout:row;--awb-alignment-small:flex-end;--awb-stacked-align-small:center;\" data-title=\"Notizen vom Aventin | Juni-Juli\" data-description=\"Your Content Goes Here       \r\n\r\nDiese Ausgabe von NEXUS wird hoffentlich am 11. Juli ankommen, dem Tag, an dem wir den heiligen Benedikt feiern. Unter uns Benediktinern wird dieser Tag unterschiedlich begangen: schlicht als Festtag unseres Heiligen Vaters, oder als Tag, an dem\" data-link=\"https:\/\/osb.org\/de\/2025\/07\/11\/notizen-vom-aventin-juni-juli\/\"><div class=\"fusion-social-networks sharingbox-shortcode-icon-wrapper sharingbox-shortcode-icon-wrapper-1 boxed-icons\"><span><a href=\"https:\/\/www.facebook.com\/sharer.php?u=https%3A%2F%2Fosb.org%2Fde%2F2025%2F07%2F11%2Fnotizen-vom-aventin-juni-juli%2F&amp;t=Notizen%20vom%20Aventin%20%7C%20Juni-Juli\" target=\"_blank\" rel=\"noreferrer\" title=\"Facebook\" aria-label=\"Facebook\"><i class=\"fusion-social-network-icon fusion-tooltip fusion-facebook awb-icon-facebook\" style=\"color:var(--awb-custom11);background-color:#e8e8e8;border-color:#e8e8e8;border-radius:50%;\" aria-hidden=\"true\"><\/i><\/a><\/span><span><a href=\"https:\/\/x.com\/intent\/post?text=Notizen%20vom%20Aventin%20%7C%20Juni-Juli&amp;url=https%3A%2F%2Fosb.org%2Fde%2F2025%2F07%2F11%2Fnotizen-vom-aventin-juni-juli%2F\" target=\"_blank\" rel=\"noopener noreferrer\" title=\"X\" aria-label=\"X\"><i class=\"fusion-social-network-icon fusion-tooltip fusion-twitter awb-icon-twitter\" style=\"color:var(--awb-custom11);background-color:#e8e8e8;border-color:#e8e8e8;border-radius:50%;\" aria-hidden=\"true\"><\/i><\/a><\/span><span><a href=\"https:\/\/api.whatsapp.com\/send?text=https%3A%2F%2Fosb.org%2Fde%2F2025%2F07%2F11%2Fnotizen-vom-aventin-juni-juli%2F\" target=\"_blank\" rel=\"noopener noreferrer\" title=\"WhatsApp\" aria-label=\"WhatsApp\"><i class=\"fusion-social-network-icon fusion-tooltip fusion-whatsapp awb-icon-whatsapp\" style=\"color:var(--awb-custom11);background-color:#e8e8e8;border-color:#e8e8e8;border-radius:50%;\" aria-hidden=\"true\"><\/i><\/a><\/span><span><a href=\"mailto:?subject=Notizen%20vom%20Aventin%20%7C%20Juni-Juli&amp;body=https%3A%2F%2Fosb.org%2Fde%2F2025%2F07%2F11%2Fnotizen-vom-aventin-juni-juli%2F\" target=\"_self\" title=\"Email\" aria-label=\"Email\"><i class=\"fusion-social-network-icon fusion-tooltip fusion-mail awb-icon-mail\" style=\"color:var(--awb-custom11);background-color:#e8e8e8;border-color:#e8e8e8;border-radius:50%;\" aria-hidden=\"true\"><\/i><\/a><\/span><\/div><\/div><\/div><\/div><\/div><div class=\"fusion-text fusion-text-4\"><p>Diese Ausgabe von NEXUS wird hoffentlich am 11. Juli ankommen, dem Tag, an dem wir den heiligen Benedikt feiern. Unter uns Benediktinern wird dieser Tag unterschiedlich begangen: schlicht als Festtag unseres Heiligen Vaters, oder als Tag, an dem die \u00dcberf\u00fchrung seiner Reliquien von Montecassino nach Fleury gedacht wird, oder \u2013 hier in Europa \u2013 als sein Fest als Hauptpatron Europas. Ich werde diesen Tag in der Worth Abbey in England verbringen, wo ich zu einem gro\u00dfen Klosterfest eingeladen bin und zudem als Hauptredner f\u00fcr die \u201eBenedict Week\u201c auftreten werde, eine Veranstaltung der Lay Community of St Benedict, die in Gro\u00dfbritannien die Werte und Spiritualit\u00e4t des Benediktinertums weitertr\u00e4gt.  <\/p>\n<p>Vor zwei Tagen hat mich eine EWTN-Reporterin zur Benediktus-Medaille interviewt. F\u00fcr die meisten von uns ist die Medaille nicht gerade das wichtigste Element unseres Erbes, aber sie erfreut sich gro\u00dfer Beliebtheit, und Millionen Gl\u00e4ubige tragen sie als Glaubenszeichen und und zum Schutz. Das zeitlose Design, das zum Benediktus-Jubil\u00e4um 1880 geschaffen wurde, erkl\u00e4rt einen Teil dieser Popularit\u00e4t. Die \u201emysteri\u00f6se\u201c Buchstabenfolge \u2013 CSSMDNDSMDVRSSMQLIVB \u2013 tr\u00e4gt wohl auch zur Faszination bei. Sie ist ja erst einmal ein R\u00e4tsel und deutet damit auf etwas Verborgenes und Gr\u00f6\u00dferes hin. Wenn man das R\u00e4tsel aufgel\u00f6st hat, beschw\u00f6rt der archaische Text mit seiner Nennung von Drachen und Gift ein Bild herauf, dass uns in eine Welt voller Abenteuer und Gefahren versetzt, aber auch Heil und Schutz verhei\u00dft. Das originelle Gebet entstand im Sp\u00e4tmittelalter, vermutlich in der Abtei Metten, hat aber keinen direkten Bezug zu St. Benedikt selbst. Das macht nichts \u2013 eine Tradition, die so gro\u00df und weitgespannt wie die unsere ist, kann auch fremde Str\u00e4nge gro\u00dfz\u00fcgig aufnehmen. Wir wissen, dass die Suche nach dieser Medaille viele Menschen auf unsere benediktinischen Internetseiten f\u00fchrt.        <\/p>\n<p>Vor einigen Tagen bin ich von einer langen Reise durch Italien, Frankreich und die Schweiz zur\u00fcckgekehrt. Unter dem Arbeitstitel \u201eTour de France\u201c besuchte ich zusammen mit meinem Sekret\u00e4r Pater Patrick 13 Gemeinschaften sowie den Geburtsort des hl. Anselm in Aosta. Hauptziel war es, die direkt dem Abtprimas unterstehenden Kl\u00f6ster kennenzulernen. Ich habe nun f\u00fcnf von ihnen besucht; nur das Priorat Weston in den USA steht noch aus. Wie alle meine Vorg\u00e4nger bem\u00fche auch ich mich, ihre Zahl allm\u00e4hlich zu verringern, indem ich diese Gemeinschaften ermutige, sich Kongregationen anzuschlie\u00dfen. Dabei geht es nicht nur darum, meine Arbeit zu erleichtern. Ich bin fest davon \u00fcberzeugt, dass in diesen herausfordernden Zeiten eine Kongregation ein Ma\u00df an Aufsicht, Unterst\u00fctzung und Solidarit\u00e4t bieten kann, das der Abtprimas allein nicht leisten kann.      <\/p>\n<p>Ein weiterer Schwerpunkt meiner Reise waren Kl\u00f6ster, die die \u00e4ltere Form ihrer Liturgie \u00fcbernommen haben, also das, was Papst Benedikt XVI. als au\u00dferordentliche Form bezeichnete. In unserer Konf\u00f6deration gibt es etwa zehn solcher Kl\u00f6ster, die meisten davon in Frankreich. Dies ist ein Teil unserer monastischen Welt, mit dem ich zuvor keinen Kontakt hatte. Da es die Aufgabe des Abtprimas ist, unsere gesamte benediktinische Welt zu vertreten, hatte ich das Gef\u00fchl, mich mit dieser Realit\u00e4t vertraut machen zu m\u00fcssen. Es handelte sich jedoch nicht um Visitationen, sondern lediglich um br\u00fcderliche Besuche, und leider \u2013 wie immer \u2013 zu kurz. Vier Dinge fielen mir auf: Erstens herrschte \u00fcberall eine sehr herzliche und freundliche Gastfreundschaft. Zweitens hatte ich den Eindruck einer sehr ernsthaften monastischen Observanz in all diesen H\u00e4usern. Drittens \u2013 und entgegen mancher Vermutung \u2013 hatte ich das starke Gef\u00fchl, dass diese H\u00e4user in Gemeinschaft mit dem Nachfolger Petri und auch mit unserer gro\u00dfen und vielf\u00e4ltigen benediktinischen Familie stehen. Schlie\u00dflich scheinen sich diese Kl\u00f6ster in einer Phase der Stabilit\u00e4t oder sogar des Wachstums zu befinden: In allen H\u00e4usern, die wir besuchten, gab es Novizen und Junioren, und ich h\u00f6rte von zwei geplanten Neugr\u00fcndungen. Erhellend f\u00fcr mich war auch die Erfahrung der Vielfalt: Fontgombault und seine Tochterkl\u00f6ster weisen Elemente auf, die f\u00fcr die Solemes-Kongregation charakteristisch sind \u2013 etwas, das ich vielleicht als \u201ekl\u00f6sterliche Eleganz\u201c bezeichnen k\u00f6nnte. Le Barroux und La Garde hingegen weisen einige der raueren Merkmale auf, die typisch f\u00fcr die Subiaco-Muard-Tradition sind, aus der sie urspr\u00fcnglich stammen. Ich lernte einen lebendigen Teil unserer benediktinischen Welt kennen.          <\/p>\n<p>Zum Schluss eine pers\u00f6nliche Anmerkung. Ein neues Wappen war nicht gerade oberste Priorit\u00e4t, aber nach etwa neun Monaten lie\u00df ich schlie\u00dflich einen Entwurf anfertigen, der diesen Notizen beigef\u00fcgt ist. Auf der linken Seite \u2013 die Heraldiker verwirrenderweise als die rechte bezeichnen \u2013 wurde das \u00e4lteste Wappen von Sant\u2019Anselmo aufgegriffen, so wie es schon zu Beginn unseres Hauses durch Abtprimas Hildebrand de Hemptinne geschaffen wurde. Es ist kombiniert mit einem Stern \u00fcber Wellen. Der Stern spielt auf mein Motto an - \u201eRespice Stellam\u201c \u2013 schau auf den Stern, das wiederum auf eine Predigt des hl. Bernhard \u00fcber Maria als Stern des Meeres zur\u00fcckgeht. Der Abt von C\u00eeteaux beschreibt sie als Zuflucht, Trost und Hilfe in gro\u00dfen N\u00f6ten. Die silbernen Wellen erg\u00e4nzen den Meerstern und erinnern zugleich an meine Heimat Bad W\u00f6rishofen in Bayern, einen Kurort, der f\u00fcr sein lebendspendendes Wasser bekannt ist.      <\/p>\n<p>Auf der Nordhalbkugel ist nun Ferienzeit. Sant\u2019Anselmo ist weitgehend leer. Eine kleine Mannschaft h\u00e4lt das Haus \u00fcber den Sommer am Laufen. Nicht alle unsere Gemeinschaften kennen Urlaub im engeren Sinn, aber ich hoffe, dass Sie alle ein paar Tage oder Momente der Erholung und Ruhe finden, bis ich Ihnen im kommenden Herbst wieder schreibe.  <\/p>\n<\/div><\/div><\/div><\/div><\/div><\/p>\n","protected":false},"excerpt":{"rendered":"<p>In dieser NEXUS-Ausgabe zum Benedikttag blickt der Abtprimas auf seine j\u00fcngsten Reisen, Klosterbesuche und die gro\u00dfe Anziehungskraft der Benedikt-Medaille zur\u00fcck. Er berichtet von der Vitalit\u00e4t der Gemeinde, einem pers\u00f6nlichen Wappen und l\u00e4dt zur Erholung ein, w\u00e4hrend der Sommer auf der Nordhalbkugel Einzug h\u00e4lt. <\/p>\n","protected":false},"author":1,"featured_media":12984,"comment_status":"closed","ping_status":"closed","sticky":false,"template":"","format":"standard","meta":{"footnotes":""},"categories":[184],"tags":[211,205],"class_list":["post-12983","post","type-post","status-publish","format-standard","has-post-thumbnail","hentry","category-nexus-de","tag-nexus-juli-2025-de","tag-nexus-vom-abtprimas-de"],"cc_featured_image_caption":{"caption_text":false,"source_text":false,"source_url":false},"_links":{"self":[{"href":"https:\/\/osb.org\/de\/wp-json\/wp\/v2\/posts\/12983","targetHints":{"allow":["GET"]}}],"collection":[{"href":"https:\/\/osb.org\/de\/wp-json\/wp\/v2\/posts"}],"about":[{"href":"https:\/\/osb.org\/de\/wp-json\/wp\/v2\/types\/post"}],"author":[{"embeddable":true,"href":"https:\/\/osb.org\/de\/wp-json\/wp\/v2\/users\/1"}],"replies":[{"embeddable":true,"href":"https:\/\/osb.org\/de\/wp-json\/wp\/v2\/comments?post=12983"}],"version-history":[{"count":0,"href":"https:\/\/osb.org\/de\/wp-json\/wp\/v2\/posts\/12983\/revisions"}],"wp:featuredmedia":[{"embeddable":true,"href":"https:\/\/osb.org\/de\/wp-json\/wp\/v2\/media\/12984"}],"wp:attachment":[{"href":"https:\/\/osb.org\/de\/wp-json\/wp\/v2\/media?parent=12983"}],"wp:term":[{"taxonomy":"category","embeddable":true,"href":"https:\/\/osb.org\/de\/wp-json\/wp\/v2\/categories?post=12983"},{"taxonomy":"post_tag","embeddable":true,"href":"https:\/\/osb.org\/de\/wp-json\/wp\/v2\/tags?post=12983"}],"curies":[{"name":"wp","href":"https:\/\/api.w.org\/{rel}","templated":true}]}}